{"id":61136,"date":"2025-11-07T11:06:04","date_gmt":"2025-11-07T09:06:04","guid":{"rendered":"https:\/\/edublog.educastur.es\/ixuxu\/?p=61136"},"modified":"2025-11-07T11:26:04","modified_gmt":"2025-11-07T09:26:04","slug":"asturies-protagoniza-una-campana-nacional-escontra-lacosu-escolar-a-alumnos-con-autismu","status":"publish","type":"post","link":"https:\/\/edublog.educastur.es\/ixuxu\/2025\/11\/asturies-protagoniza-una-campana-nacional-escontra-lacosu-escolar-a-alumnos-con-autismu\/","title":{"rendered":"Asturies protagoniza una campa\u00f1a nacional escontra l&#8217;acosu escolar a alumnos con autismu"},"content":{"rendered":"<ul>\n<li>\n<p class=\"font-size-xxl margin-b-5 font-weight-b color-b-050 letter-spacing--1 fuente-corporativa\"><a href=\"https:\/\/www.rtpa.es\/noticias-nacional-ast\/2025-11-06\/Asturies-protagoniza-una-campa%C3%B1a-nacional-escontra-l'acosu-escolar-a-alumnos-con-autismu_111762418848.html\">Asturies protagoniza una campa\u00f1a nacional escontra l&#8217;acosu escolar a alumnos con autismu. RTPA<\/a>\/ <a href=\"https:\/\/actualidad.asturias.es\/-\/asturias-protagoniza-una-campa%C3%B1a-nacional-contra-el-acoso-escolar-hacia-el-alumnado-con-trastorno-del-espectro-autista-1?redirect=%2Fnoticias\">Actualid\u00e1<\/a><\/p>\n<\/li>\n<\/ul>\n<p style=\"text-align: center\"><a href=\"https:\/\/www.rtpa.es\/fotos\/\/25\/07\/20250708124018_RTPA6827241.webp\"><img loading=\"lazy\" decoding=\"async\" class=\"aligncenter \" src=\"https:\/\/www.rtpa.es\/fotos\/\/25\/07\/20250708124018_RTPA6827241.webp\" width=\"624\" height=\"351\" \/><\/a><\/p>\n<p class=\"font-size-m padding-b-20 font-weight-b margin-t-16\">Padres y madres<strong> tarden una media d&#8217;a\u00f1u y mediu en saber si&#8217;l so f\u00edu sufre acosu.<\/strong> El colexu p\u00fablicu Poeta \u00c1ngel Gonz\u00e1lez, d&#8217;Uvi\u00e9u, acoy\u00f3 esti xueves la presentaci\u00f3n de la <strong>primer campa\u00f1a p\u00fablica escontra l&#8217;acosu escolar al alumn\u00e1u con trestornu del espectru autista (TEA)<\/strong>, promovida pol Ministeriu de Derechos Sociales, Consumu y Axenda 2030, y que se rod\u00f3 nesti centru del barriu de La Corredoria.<\/p>\n<p><!--more--><\/p>\n<p class=\"&quot;x_MsoNormal&quot;\">L&#8217;estrenu nacional coincide cola celebraci\u00f3n del D\u00eda Internacional escontra la Violencia y l&#8217;Acosu na Escuela, incluy\u00edu&#8217;l ciberacosu.<\/p>\n<p class=\"&quot;x_MsoNormal&quot;\">El Real Patronatu sobre Discapacid\u00e1, al travi\u00e9s del Centru Espa\u00f1ol sobre Trestornu del Espectru del Autismu, impuls\u00f3 esta novedosa campa\u00f1a titulada &#8216;Profe, tenemos que falar&#8217;, en collaboraci\u00f3n col Gobiernu del Princip\u00e1u.<\/p>\n<p class=\"&quot;x_MsoNormal&quot;\">Seg\u00fan inform\u00f3 l&#8217;Executivu asturianu, va dirixida al profesor\u00e1u de tol pa\u00eds y tien como oxetivu ayudar a prevenir y detectar l&#8217;acosu que sufren estos estudiantes.<\/p>\n<p class=\"&quot;x_MsoNormal&quot;\">El ministeriu escoy\u00f3 Asturies pa esti proyectu al tratase de la primer comunid\u00e1 qu&#8217;ellabor\u00f3 y ta desenvolviendo una estratexa p&#8217;ameyorar la inclusi\u00f3n educativa del alumn\u00e1u con TEA pal cuatrieniu 2024-2027.<\/p>\n<p class=\"&quot;x_MsoNormal&quot;\">Seg\u00fan inform\u00f3 l&#8217;Executivu asturianu, <strong>va dirixida al profesor\u00e1u de tol pa\u00eds<\/strong> y tien como oxetivu ayudar a prevenir y detectar l&#8217;acosu que sufren estos estudiantes.<\/p>\n<p class=\"&quot;x_MsoNormal&quot;\">El ministeriu escoy\u00f3 <strong>Asturies pa esti proyectu al tratase de la primer comunid\u00e1 qu&#8217;ellabor\u00f3 y ta desenvolviendo una estratexa p&#8217;ameyorar la inclusi\u00f3n educativa del alumn\u00e1u con TEA pal cuatrieniu 2024-2027.<\/strong><\/p>\n<p style=\"text-align: center\"><a href=\"https:\/\/actualidad.asturias.es\/documents\/537115\/2906707\/2025_11_06+capanna+autismo+1.jpeg\/55ca8f82-90be-621f-7729-92e1df266647?t=1762427758807\"><img loading=\"lazy\" decoding=\"async\" class=\"aligncenter size-large\" src=\"https:\/\/actualidad.asturias.es\/documents\/537115\/2906707\/2025_11_06+capanna+autismo+1.jpeg\/55ca8f82-90be-621f-7729-92e1df266647?t=1762427758807\" width=\"1600\" height=\"1200\" \/><\/a><\/p>\n<ul>\n<li><a href=\"https:\/\/www.lne.es\/asturias\/2025\/11\/06\/quiera-historia-nino-asturiano-autismo-123423772.html\"><em>LNE.\u00a0<\/em><\/a><\/li>\n<\/ul>\n<p>\u00abNun toi solo porque quiera\u00bb: la hestoria del ne\u00f1u asturianu con autismu que pon voz a una campa\u00f1a del Ministeriu contra l&#8217;acoso escolar grabada n&#8217;Uvi\u00e9u. Asturies\u00a0 tien 2.840 alumnos TEA, y enval\u00f3rase qu&#8217;el 12% sufrieron dalg\u00fan tipu d&#8217;acoso escolar.<\/p>\n<p style=\"text-align: center\"><a href=\"https:\/\/estaticos-cdn.prensaiberica.es\/clip\/17c265ff-64f6-4c76-9930-5bb631920fa2_16-9-discover-aspect-ratio_default_0.webp\"><img loading=\"lazy\" decoding=\"async\" class=\"aligncenter size-large\" src=\"https:\/\/estaticos-cdn.prensaiberica.es\/clip\/17c265ff-64f6-4c76-9930-5bb631920fa2_16-9-discover-aspect-ratio_default_0.webp\" width=\"1200\" height=\"675\" \/><\/a><\/p>\n<p>Cuando Leandro Fern\u00e1ndez, alumnu del Colexu P\u00fablicu Poeta \u00c1ngel Gonz\u00e1lez (Uvi\u00e9u), baxaba al recr\u00e9u, <strong>lo que m\u00e1s-y dol\u00eda ye sentise solo.<\/strong> \u00abPi\u00e9nsense que ye porque me gusta tar asina, pero a mi g\u00fastame tar colos mios amigos\u00bb, coment\u00f3-y un d\u00eda&#8217;l mozu a la so profesora, Bel\u00e9n Reborio. \u00abCreen que soi un vinagreru porque cuando hai enforma ruiu la mio cabeza encher\u00bb, esplic\u00f3-y un d\u00eda Fern\u00e1ndez, diagnostic\u00e1u d&#8217;autismu a Reborio.<\/p>\n<p><strong>N&#8217;Espa\u00f1a hai 70.000 alumnos con Trestornu del Espectru Autista (TEA). 2.840 n&#8217;Asturies.<\/strong> Por eso, el Ministeriu de Derechos Sociales, Consumu y Axenda 2030 llanz\u00f3 la campa\u00f1a \u00abProfe, tenemos que falar\u00bb, la primer iniciativa estatal dirixida a prevenir l&#8217;acoso escolar al alumn\u00e1u con autismu, que cunta cola collaboraci\u00f3n de la Conseyer\u00eda d&#8217;Educaci\u00f3n <strong>del Princip\u00e1u d&#8217;Asturies y del Centru Espa\u00f1ol d&#8217;Autismu.<\/strong><\/p>\n<p><strong>Un v\u00eddeu que trata de concenciar a los docentes de los avisos que los ne\u00f1os con autismu pueden dar cuando son v\u00edctimes d&#8217;acoso.<\/strong> La grabaci\u00f3n, que foi grabada nel Princip\u00e1u, tien como protagonistes a Leandro Fern\u00e1ndez y Bel\u00e9n Reborio, con una menci\u00f3n especial a la familia del menor.<\/p>\n<p><strong>\u00abLos ne\u00f1os utilicen la palabra autismu de forma peyorativa, para faer da\u00f1u\u00bb<\/strong>, esplica Tatiana \u00c1lvarez, la madre del nuevu. \u00abSon persones como les dem\u00e1s, pero cunten como menos ferramientes a la de defendese, por casu, al contestar\u00bb, rellata. Un fechu que tami\u00e9n cunt\u00f3&#8217;l so f\u00edu mientres la presentaci\u00f3n: \u00abMunches vegaes, cuando se meten conmigo, el pro<strong>fesores nun t\u00e1n mirando y cuando-y la devuelvo&#8217;, el profe r\u00e9\u00f1eme a mi\u00bb<\/strong><\/p>\n<p><strong>Calc\u00falase qu&#8217;el 12% de los ne\u00f1os con TEA sufrieron dalg\u00fan tipu d&#8217;acoso nel colexu<\/strong>. Les principales consecuencies son l&#8217;aislamientu y l&#8217;indefensi\u00f3n que sufren frente a los sos compa\u00f1eros. La campa\u00f1a promovida pol Ministeriu ye una forma de concienciaci\u00f3n.<\/p>\n<p>Nel actu de presentaci\u00f3n, nel colexu uvie\u00edn, tuvo presente la conseyera d&#8217;Educaci\u00f3n, Eva Ledo, quien asegur\u00f3 que \u00abun 12% d&#8217;alumnos que presenten acoso ye oxetu d&#8217;atenci\u00f3n\u00bb, y a\u00f1edi\u00f3: \u00abYo creo que tenemos que poner ende un focu importante, porque son alumnos que precisen m\u00e1s refuerzu qu&#8217;otros que nun tienen les mesmes ferramientes\u00bb.<\/p>\n<p>F\u00edzolo acompa\u00f1ada pol director de discapacid\u00e1 del Gobiernu d&#8217;Espa\u00f1a, Jes\u00fas Mart\u00edn, quien celebr\u00f3 que per primer vegada \u00ablos poderes p\u00fablicos f\u00e1ense cargu d&#8217;una realid\u00e1 bien doliosa, d&#8217;una realid\u00e1 que nun s&#8217;espresa, que ye&#8217;l dolor que provoca en ne\u00f1es y ne\u00f1os autistes la esclusi\u00f3n, la marxinaci\u00f3n, y la soled\u00e1 que produz l&#8217;acoso escolar\u00bb.<\/p>\n<p style=\"text-align: center\"><a href=\"https:\/\/estaticos-cdn.prensaiberica.es\/clip\/61317d06-e9c3-4a1b-a293-c32f13a23f2f_source-aspect-ratio_default_0.webp\"><img loading=\"lazy\" decoding=\"async\" class=\"aligncenter size-large\" src=\"https:\/\/estaticos-cdn.prensaiberica.es\/clip\/61317d06-e9c3-4a1b-a293-c32f13a23f2f_source-aspect-ratio_default_0.webp\" width=\"2000\" height=\"1333\" \/><\/a><\/p>\n<p>Esta iniciativa enm\u00e1rcase dientro del <strong>plan d&#8217;acci\u00f3n de la Estratexa del Autismu<\/strong>, dotada con 40 millones d&#8217;euros y 32 mid\u00edes, \u00abmunches d&#8217;elles empobinaes al \u00e1mbitu educativu\u00bb, seg\u00fan esplic\u00f3&#8217;l director. \u00abTenemos que dar certidumes a esti alumn\u00e1u, tenemos que dar certidumes a les families y esta campa\u00f1a ye una mano tendida a la comunid\u00e1 educativa por que sepan atender l&#8217;acoso escolar que sufre l&#8217;alumn\u00e1u autista\u00bb, coment\u00f3.<\/p>\n<p style=\"text-align: center\"><a href=\"https:\/\/actualidad.asturias.es\/documents\/537115\/2906707\/2025_11_06+capanna+autismo+2.jpeg\/35b5dae7-dd40-0dc2-2745-5f2e02482f2b?t=1762427758880\"><img loading=\"lazy\" decoding=\"async\" class=\"aligncenter size-large\" src=\"https:\/\/actualidad.asturias.es\/documents\/537115\/2906707\/2025_11_06+capanna+autismo+2.jpeg\/35b5dae7-dd40-0dc2-2745-5f2e02482f2b?t=1762427758880\" width=\"1600\" height=\"1023\" \/><\/a><\/p>\n","protected":false},"excerpt":{"rendered":"<p>Asturies protagoniza una campa\u00f1a nacional escontra l&#8217;acosu escolar a alumnos con autismu. RTPA\/ Actualid\u00e1 Padres y madres tarden una media d&#8217;a\u00f1u y mediu en saber si&#8217;l so f\u00edu sufre acosu. El colexu p\u00fablicu Poeta \u00c1ngel Gonz\u00e1lez, d&#8217;Uvi\u00e9u, acoy\u00f3 esti xueves la presentaci\u00f3n de la primer campa\u00f1a p\u00fablica escontra l&#8217;acosu escolar al alumn\u00e1u con trestornu del [&hellip;]<\/p>\n","protected":false},"author":117,"featured_media":0,"comment_status":"closed","ping_status":"open","sticky":false,"template":"","format":"standard","meta":{"footnotes":""},"categories":[1],"tags":[],"class_list":["post-61136","post","type-post","status-publish","format-standard","hentry","category-sin-categoria"],"_links":{"self":[{"href":"https:\/\/edublog.educastur.es\/ixuxu\/wp-json\/wp\/v2\/posts\/61136","targetHints":{"allow":["GET"]}}],"collection":[{"href":"https:\/\/edublog.educastur.es\/ixuxu\/wp-json\/wp\/v2\/posts"}],"about":[{"href":"https:\/\/edublog.educastur.es\/ixuxu\/wp-json\/wp\/v2\/types\/post"}],"author":[{"embeddable":true,"href":"https:\/\/edublog.educastur.es\/ixuxu\/wp-json\/wp\/v2\/users\/117"}],"replies":[{"embeddable":true,"href":"https:\/\/edublog.educastur.es\/ixuxu\/wp-json\/wp\/v2\/comments?post=61136"}],"version-history":[{"count":6,"href":"https:\/\/edublog.educastur.es\/ixuxu\/wp-json\/wp\/v2\/posts\/61136\/revisions"}],"predecessor-version":[{"id":61147,"href":"https:\/\/edublog.educastur.es\/ixuxu\/wp-json\/wp\/v2\/posts\/61136\/revisions\/61147"}],"wp:attachment":[{"href":"https:\/\/edublog.educastur.es\/ixuxu\/wp-json\/wp\/v2\/media?parent=61136"}],"wp:term":[{"taxonomy":"category","embeddable":true,"href":"https:\/\/edublog.educastur.es\/ixuxu\/wp-json\/wp\/v2\/categories?post=61136"},{"taxonomy":"post_tag","embeddable":true,"href":"https:\/\/edublog.educastur.es\/ixuxu\/wp-json\/wp\/v2\/tags?post=61136"}],"curies":[{"name":"wp","href":"https:\/\/api.w.org\/{rel}","templated":true}]}}