{"id":61141,"date":"2025-11-07T11:17:19","date_gmt":"2025-11-07T09:17:19","guid":{"rendered":"https:\/\/edublog.educastur.es\/ixuxu\/?p=61141"},"modified":"2025-11-08T21:20:17","modified_gmt":"2025-11-08T19:20:17","slug":"uvieu-mengua-los-baldeos-y-los-riegos-pola-falta-de-lluvia-y-el-baxu-nivel-dagua-nos-embalses","status":"publish","type":"post","link":"https:\/\/edublog.educastur.es\/ixuxu\/2025\/11\/uvieu-mengua-los-baldeos-y-los-riegos-pola-falta-de-lluvia-y-el-baxu-nivel-dagua-nos-embalses\/","title":{"rendered":"Uvi\u00e9u mengua los baldeos y los riegos pola falta de lluvia y el baxu nivel d&#8217;agua nos embalses"},"content":{"rendered":"<ul>\n<li>\n<p class=\"font-size-xxl margin-b-5 font-weight-b color-b-050 letter-spacing--1 fuente-corporativa\"><a href=\"https:\/\/www.rtpa.es\/noticias-asturias-ast\/2025-11-06\/Uvieu-mengua-los-baldeos-y-los-riegos-pola-falta-de-lluvia-y-el-baxu-nivel-d'agua-nos-embalses_111762458139.html\">Uvi\u00e9u mengua los baldeos y los riegos pola falta de lluvia y el baxu nivel d&#8217;agua nos embalses. RTPA<\/a>\/<a href=\"https:\/\/www.lne.es\/oviedo\/2025\/11\/06\/oviedo-alerta-falta-lluvia-son-123432817.html?utm_campaign=mrf-facebook-lneoviedo&amp;mrfcid=202511066904bd505efc2948718c756b\"> LNE<\/a><\/p>\n<\/li>\n<\/ul>\n<p style=\"text-align: center\"><a href=\"https:\/\/www.rtpa.es\/fotos\/\/25\/11\/20251106204312_RTPA7316878.webp\"><img loading=\"lazy\" decoding=\"async\" class=\"aligncenter size-large\" src=\"https:\/\/www.rtpa.es\/fotos\/\/25\/11\/20251106204312_RTPA7316878.webp\" width=\"853\" height=\"480\" \/><\/a><\/p>\n<p class=\"font-size-m padding-b-20 font-weight-b margin-t-16\">La capital del Princip\u00e1u zarra les fontes \u00e9nte la falta d&#8217;agua.<\/p>\n<p>L\u2019Ayuntamientu d\u2019Uvi\u00e9u, en coordinaci\u00f3n cola Confederaci\u00f3n Hidrogr\u00e1fica del Norte, punxo en marcha mid\u00edes cola seca, como la mengua de baldeos y riegos o la suspensi\u00f3n de fontes ornamentales de circuitu zarr\u00e1u, \u00e9nte la falta de lluvia y les baxes reserves d\u2019agua nos embalses d\u2019Alfilorios y Tanes.<\/p>\n<p><!--more--><\/p>\n<p>Nun comunic\u00e1u, el consistoriu asegur\u00f3 qu\u2019estes mid\u00edes \u00aben neng\u00fan casu afecten al consumu dom\u00e9sticu o industrial\u00bb. Les mid\u00edes nun van afectar, pel momentu, al consumu dom\u00e9sticu o industrial. Esta ma\u00f1ana cerr\u00e1ronse n&#8217;Uvi\u00e9u y\u00e1 les fontes que nun son de circuitu zarr\u00e1u y suspendi\u00e9ronse los baldeos y el riegu de parques y zones verdes, sacante en xardinos con planta en flor.<\/p>\n<p>Son les mid\u00edes qu&#8217;adopt\u00f3&#8217;l conceyu en coordinaci\u00f3n cola Confederaci\u00f3n Hidrogr\u00e1fica del Cant\u00e1bricu \u00e9nte la escasez de lluvia y les baxes reserves d&#8217;agua nos banzaos. Mid\u00edes que, afiten, nun van afectar pel momentu al consumu dom\u00e9sticu o industrial.<\/p>\n<p>Les actuaciones activaes pasen pol pieslle de les fontes ornamentales que nun seyan de circuitu zarr\u00e1u; el pieslle de les fontes de beber que nun tengan pulsador y, poro, seyan de chorru de contino; la mengua de los baldeos; y el cese del riegu de los parques y zones verdes, menos en zona de xardinos con planta de flor.<\/p>\n<p style=\"text-align: center\"><a href=\"https:\/\/estaticos-cdn.prensaiberica.es\/clip\/dce91a37-9049-4ed6-a7dc-30bc2216bd2b_16-9-discover-aspect-ratio_default_0.webp\"><img loading=\"lazy\" decoding=\"async\" class=\"aligncenter size-large\" src=\"https:\/\/estaticos-cdn.prensaiberica.es\/clip\/dce91a37-9049-4ed6-a7dc-30bc2216bd2b_16-9-discover-aspect-ratio_default_0.webp\" width=\"1200\" height=\"675\" \/><\/a><\/p>\n<p>La falta d&#8217;ag\u00fces dex\u00f3 los banzaos qu&#8217;abastecen a Uvi\u00e9u en niveles esmolecedores. <strong>Alfilorios apenes raspia&#8217;l 30% de la so capacid\u00e1<\/strong>, lo qu&#8217;asitia la so situaci\u00f3n en nivel de prealerta seg\u00fan la Confederaci\u00f3n Hidrogr\u00e1fica del Cant\u00e1bricu, ente que Ta\u00f1es, del que depende&#8217;l suministru a dellos conceyos del centru d&#8217;Asturies, nun llega al 50%. La escasez de precipitaciones na seronda, tres un a\u00f1u y\u00e1 ensugo pel hibiernu, primavera y branu, oblig\u00f3 a activar mid\u00edes antisequ\u00eda na capital asturiana.<\/p>\n<p>La \u00e1rea municipal d&#8217;Ag\u00fces y Saneamientu punxo en marcha un paquete d&#8217;actuaciones para amenorgar el consumu nos servicios p\u00fablicos, anque ensin impactu nel usu dom\u00e9sticu o industrial. Ente les mid\u00edes figuren l&#8217;amenorgamientu de los baldeos, l&#8217;apag\u00e1u de fontes ornamentales que nun dispongan de circuitu zarr\u00e1u y el zarru de les fontes de beber con remexu continuu. Tami\u00e9n se va suspender el riego en parques y zones verdes, salvo en xardinos con plantes de flor, onde se va caltener el m\u00ednimu necesariu.<\/p>\n","protected":false},"excerpt":{"rendered":"<p>Uvi\u00e9u mengua los baldeos y los riegos pola falta de lluvia y el baxu nivel d&#8217;agua nos embalses. RTPA\/ LNE La capital del Princip\u00e1u zarra les fontes \u00e9nte la falta d&#8217;agua. L\u2019Ayuntamientu d\u2019Uvi\u00e9u, en coordinaci\u00f3n cola Confederaci\u00f3n Hidrogr\u00e1fica del Norte, punxo en marcha mid\u00edes cola seca, como la mengua de baldeos y riegos o la [&hellip;]<\/p>\n","protected":false},"author":117,"featured_media":0,"comment_status":"closed","ping_status":"open","sticky":false,"template":"","format":"standard","meta":{"footnotes":""},"categories":[245],"tags":[],"class_list":["post-61141","post","type-post","status-publish","format-standard","hentry","category-agua"],"_links":{"self":[{"href":"https:\/\/edublog.educastur.es\/ixuxu\/wp-json\/wp\/v2\/posts\/61141","targetHints":{"allow":["GET"]}}],"collection":[{"href":"https:\/\/edublog.educastur.es\/ixuxu\/wp-json\/wp\/v2\/posts"}],"about":[{"href":"https:\/\/edublog.educastur.es\/ixuxu\/wp-json\/wp\/v2\/types\/post"}],"author":[{"embeddable":true,"href":"https:\/\/edublog.educastur.es\/ixuxu\/wp-json\/wp\/v2\/users\/117"}],"replies":[{"embeddable":true,"href":"https:\/\/edublog.educastur.es\/ixuxu\/wp-json\/wp\/v2\/comments?post=61141"}],"version-history":[{"count":5,"href":"https:\/\/edublog.educastur.es\/ixuxu\/wp-json\/wp\/v2\/posts\/61141\/revisions"}],"predecessor-version":[{"id":61191,"href":"https:\/\/edublog.educastur.es\/ixuxu\/wp-json\/wp\/v2\/posts\/61141\/revisions\/61191"}],"wp:attachment":[{"href":"https:\/\/edublog.educastur.es\/ixuxu\/wp-json\/wp\/v2\/media?parent=61141"}],"wp:term":[{"taxonomy":"category","embeddable":true,"href":"https:\/\/edublog.educastur.es\/ixuxu\/wp-json\/wp\/v2\/categories?post=61141"},{"taxonomy":"post_tag","embeddable":true,"href":"https:\/\/edublog.educastur.es\/ixuxu\/wp-json\/wp\/v2\/tags?post=61141"}],"curies":[{"name":"wp","href":"https:\/\/api.w.org\/{rel}","templated":true}]}}