{"id":61151,"date":"2025-11-07T11:29:54","date_gmt":"2025-11-07T09:29:54","guid":{"rendered":"https:\/\/edublog.educastur.es\/ixuxu\/?p=61151"},"modified":"2025-11-08T23:27:18","modified_gmt":"2025-11-08T21:27:18","slug":"final-de-la-restauracion-de-la-cupula-de-la-ilesia-de-la-llaboral","status":"publish","type":"post","link":"https:\/\/edublog.educastur.es\/ixuxu\/2025\/11\/final-de-la-restauracion-de-la-cupula-de-la-ilesia-de-la-llaboral\/","title":{"rendered":"Final de la restauraci\u00f3n de la c\u00fapula de la ilesia de La Llaboral"},"content":{"rendered":"<div class=\"html-div xdj266r x14z9mp xat24cr x1lziwak xexx8yu x1a8lsjc xf7dkkf xv54qhq\">\n<div class=\"html-div xdj266r x14z9mp xat24cr x1lziwak xexx8yu xyri2b x18d9i69 x1c1uobl x1jx94hy x78zum5 x1q0g3np\">\n<div class=\"x78zum5 xdt5ytf xz62fqu x16ldp7u\">\n<div class=\"xu06os2 x1ok221b\">\n<div class=\"html-div xdj266r x14z9mp xat24cr x1lziwak xexx8yu xyri2b x18d9i69 x1c1uobl x6s0dn4 x17zd0t2 x78zum5 x1q0g3np x1a02dak\" style=\"text-align: center\"><a href=\"https:\/\/actualidad.asturias.es\/documents\/537115\/2908162\/2025_11_06+Cupula+Laboral+visita+consejera+3.jpeg\/d443a2c0-c190-d8d8-ebf3-49f4a0853dd6?t=1762438763707\"><img loading=\"lazy\" decoding=\"async\" class=\"aligncenter \" src=\"https:\/\/actualidad.asturias.es\/documents\/537115\/2908162\/2025_11_06+Cupula+Laboral+visita+consejera+3.jpeg\/d443a2c0-c190-d8d8-ebf3-49f4a0853dd6?t=1762438763707\" width=\"638\" height=\"851\" \/><\/a><\/div>\n<div><\/div>\n<\/div>\n<\/div>\n<\/div>\n<\/div>\n<div class=\"html-div xdj266r x14z9mp xat24cr x1lziwak xexx8yu xyri2b x18d9i69 x1c1uobl\" dir=\"auto\">\n<div class=\"html-div xdj266r x14z9mp xat24cr x1lziwak xexx8yu xyri2b x18d9i69 x1c1uobl\" dir=\"auto\">\n<div class=\"html-div xdj266r x14z9mp xat24cr x1lziwak xexx8yu xyri2b x18d9i69 x1c1uobl\" data-ad-rendering-role=\"story_message\">\n<div class=\"x1l90r2v x1iorvi4 x1g0dm76 xpdmqnj\" data-ad-comet-preview=\"message\" data-ad-preview=\"message\">\n<div class=\"x78zum5 xdt5ytf xz62fqu x16ldp7u\">\n<div class=\"xu06os2 x1ok221b\">\n<div class=\"html-div xdj266r x14z9mp xat24cr x1lziwak xexx8yu xyri2b x18d9i69 x1c1uobl\">\n<div class=\"xdj266r x14z9mp xat24cr x1lziwak x1vvkbs x126k92a\">\n<div dir=\"auto\"><span class=\"html-span xexx8yu xyri2b x18d9i69 x1c1uobl x1hl2dhg x16tdsg8 x1vvkbs x3nfvp2 x1j61x8r x1fcty0u xdj266r xat24cr xm2jcoa x1mpyi22 xxymvpz xlup9mm x1kky2od\"><img loading=\"lazy\" decoding=\"async\" class=\"xz74otr x15mokao x1ga7v0g x16uus16 xbiv7yw\" src=\"https:\/\/static.xx.fbcdn.net\/images\/emoji.php\/v9\/t9\/1\/16\/26ea.png\" alt=\"\u26ea\" width=\"16\" height=\"16\" \/><\/span>La conseyera de Cultura, Pol\u00edtica Lling\u00fc\u00edstica y Deporte, Vanessa Guti\u00e9rrez, supervis\u00f3\u2019l <strong>final de la restauraci\u00f3n de la c\u00fapula de la ilesia de La Llaboral<\/strong>, una intervenci\u00f3n de m\u00e1s de 800.000 \u20ac que va permitir reabrir el templu al p\u00fablicu nes pr\u00f3ximes selmanes. <a href=\"https:\/\/actualidad.asturias.es\/-\/cultura-supervisa-el-final-de-la-restauraci%C3%B3n-de-la-c%C3%BApula-de-la-iglesia-de-la-laboral-tras-una-inversi%C3%B3n-de-m%C3%A1s-de-800.000-euros?redirect=%2Fnoticias\">Actualid\u00e1<\/a>La Ilesia de La Llaboral va tener a partir del pr\u00f3ximu a\u00f1u usos culturales y sociales. <a href=\"https:\/\/www.rtpa.es\/noticias-asturias\/2025-11-06\/La-Iglesia-de-La-Laboral-tendra-a-partir-del-proximo-a\u00f1o-usos-culturales-y-sociales_111762457316.html?fbclid=IwY2xjawN8lClleHRuA2FlbQIxMQBzcnRjBmFwcF9pZBAyMjIwMzkxNzg4MjAwODkyAAEeCkwrTVUOYrhTuqVq_FTaSq3UarJqETH5FWiPqMXvcvxRathXfd4hPoHra1g_aem_MC5KyT1P-wZd6UwxmnvGNQ\">TPA<\/a><\/div>\n<div dir=\"auto\"><!--more--><\/div>\n<\/div>\n<div class=\"x14z9mp xat24cr x1lziwak x1vvkbs xtlvy1s x126k92a\">\n<ul>\n<li dir=\"auto\"><span class=\"html-span xexx8yu xyri2b x18d9i69 x1c1uobl x1hl2dhg x16tdsg8 x1vvkbs x3nfvp2 x1j61x8r x1fcty0u xdj266r xat24cr xm2jcoa x1mpyi22 xxymvpz xlup9mm x1kky2od\"><img loading=\"lazy\" decoding=\"async\" class=\"xz74otr x15mokao x1ga7v0g x16uus16 xbiv7yw\" src=\"https:\/\/static.xx.fbcdn.net\/images\/emoji.php\/v9\/t3d\/1\/16\/1f54d.png\" alt=\"\ud83d\udd4d\" width=\"16\" height=\"16\" \/><\/span> Financiada con fondos europeos del Plan de Recuperaci\u00f3n, la obra corrix\u00f3 filtraciones, restaur\u00f3 les pintures murales y garantiz\u00f3 la estanqueid\u00e1 d\u2019una de les estructures m\u00e1s singulares del conxuntu monumental de Luis Moya Blanco, <strong>declarada BIC.<\/strong><\/li>\n<\/ul>\n<\/div>\n<div class=\"x14z9mp xat24cr x1lziwak x1vvkbs xtlvy1s x126k92a\">\n<ul>\n<li dir=\"auto\"><span class=\"html-span xexx8yu xyri2b x18d9i69 x1c1uobl x1hl2dhg x16tdsg8 x1vvkbs x3nfvp2 x1j61x8r x1fcty0u xdj266r xat24cr xm2jcoa x1mpyi22 xxymvpz xlup9mm x1kky2od\"><img loading=\"lazy\" decoding=\"async\" class=\"xz74otr x15mokao x1ga7v0g x16uus16 xbiv7yw\" src=\"https:\/\/static.xx.fbcdn.net\/images\/emoji.php\/v9\/tf4\/1\/16\/2728.png\" alt=\"\u2728\" width=\"16\" height=\"16\" \/><\/span> Tami\u00e9n se recuper\u00f3 \u00fan de los s\u00edmbolos m\u00e1s reconocibles del templu: <strong>la r\u00e9plica de la Cruz de la Victoria<\/strong>, retirada hai casi trenta a\u00f1os y nuevamente instalada tres un complexu procesu de restauraci\u00f3n.<\/li>\n<\/ul>\n<\/div>\n<div class=\"x14z9mp xat24cr x1lziwak x1vvkbs xtlvy1s x126k92a\">\n<ul>\n<li dir=\"auto\"><span class=\"html-span xexx8yu xyri2b x18d9i69 x1c1uobl x1hl2dhg x16tdsg8 x1vvkbs x3nfvp2 x1j61x8r x1fcty0u xdj266r xat24cr xm2jcoa x1mpyi22 xxymvpz xlup9mm x1kky2od\"><img loading=\"lazy\" decoding=\"async\" class=\"xz74otr x15mokao x1ga7v0g x16uus16 xbiv7yw\" src=\"https:\/\/static.xx.fbcdn.net\/images\/emoji.php\/v9\/t89\/1\/16\/1f3db.png\" alt=\"\ud83c\udfdb\ufe0f\" width=\"16\" height=\"16\" \/><\/span> El Gobiernu d\u2019Asturies destin\u00f3 m\u00e1s de dos millones d\u2019euros al mantenimientu y conservaci\u00f3n de Llaboral Ciud\u00e1 de la Cultura nos \u00faltimos tr\u00e9s a\u00f1os, reafirmando la so apuesta pola protecci\u00f3n y proyecci\u00f3n d\u2019esti enclave incluy\u00edu na llista indicativa pa optar a Patrimoniu Mundial de la UNESCO.<\/li>\n<\/ul>\n<p style=\"text-align: center\">\n<!-- iframe plugin v.6.0 wordpress.org\/plugins\/iframe\/ -->\n<iframe loading=\"lazy\" src=\"https:\/\/www.facebook.com\/plugins\/post.php?href=https%3A%2F%2Fwww.facebook.com%2Fphoto.php%3Ffbid%3D122197477706297870%26set%3Da.122096741246297870%26type%3D3&#038;show_text=false&#038;width=500\" width=\"500\" height=\"787\" style=\"border:none;overflow:hidden\" scrolling=\"no\" frameborder=\"0\" allowfullscreen=\"true\" allow=\"autoplay; clipboard-write; encrypted-media; picture-in-picture; web-share\" 0=\"\/iframe\" class=\"iframe-class\"><\/iframe>\n<\/p>\n<p>Tr\u00e1tase d&#8217;un activu m\u00e1s para la candidatura del complexu de La Llaboral a Patrimoniu Material de la Humanid\u00e1. La ilesia desacralizada de La Llaboral va utilizase para usos culturales y sociales una vegada que remate la rehabilitaci\u00f3n de la so c\u00fapula, prevista para avientu. Asina lo manifest\u00f3 la conseyera de Cultura visit\u00f3 g\u00fcei les obres que se retomaron va diez d\u00edes.<\/p>\n<p>Mientres un a\u00f1u encet\u00f3 la estanqueidad de la estructura al detectar de nuevu filtraciones. Vanessa Guti\u00e9rrez asegur\u00f3 que la Ilesia rehabilitada <strong>ye un activu m\u00e1s para la candidatura del complexu de La Llaboral a Patrimoniu Material de la Humanid\u00e1.<\/strong><\/p>\n<\/div>\n<\/div>\n<\/div>\n<\/div>\n<\/div>\n<\/div>\n<\/div>\n<\/div>\n<p>&nbsp;<\/p>\n","protected":false},"excerpt":{"rendered":"<p>La conseyera de Cultura, Pol\u00edtica Lling\u00fc\u00edstica y Deporte, Vanessa Guti\u00e9rrez, supervis\u00f3\u2019l final de la restauraci\u00f3n de la c\u00fapula de la ilesia de La Llaboral, una intervenci\u00f3n de m\u00e1s de 800.000 \u20ac que va permitir reabrir el templu al p\u00fablicu nes pr\u00f3ximes selmanes. Actualid\u00e1La Ilesia de La Llaboral va tener a partir del pr\u00f3ximu a\u00f1u usos [&hellip;]<\/p>\n","protected":false},"author":117,"featured_media":0,"comment_status":"closed","ping_status":"open","sticky":false,"template":"","format":"standard","meta":{"footnotes":""},"categories":[333,441,388],"tags":[],"class_list":["post-61151","post","type-post","status-publish","format-standard","hentry","category-bic-bien-dinteres-cultural","category-ilesia","category-patrimoniu-de-la-humanida"],"_links":{"self":[{"href":"https:\/\/edublog.educastur.es\/ixuxu\/wp-json\/wp\/v2\/posts\/61151","targetHints":{"allow":["GET"]}}],"collection":[{"href":"https:\/\/edublog.educastur.es\/ixuxu\/wp-json\/wp\/v2\/posts"}],"about":[{"href":"https:\/\/edublog.educastur.es\/ixuxu\/wp-json\/wp\/v2\/types\/post"}],"author":[{"embeddable":true,"href":"https:\/\/edublog.educastur.es\/ixuxu\/wp-json\/wp\/v2\/users\/117"}],"replies":[{"embeddable":true,"href":"https:\/\/edublog.educastur.es\/ixuxu\/wp-json\/wp\/v2\/comments?post=61151"}],"version-history":[{"count":6,"href":"https:\/\/edublog.educastur.es\/ixuxu\/wp-json\/wp\/v2\/posts\/61151\/revisions"}],"predecessor-version":[{"id":61227,"href":"https:\/\/edublog.educastur.es\/ixuxu\/wp-json\/wp\/v2\/posts\/61151\/revisions\/61227"}],"wp:attachment":[{"href":"https:\/\/edublog.educastur.es\/ixuxu\/wp-json\/wp\/v2\/media?parent=61151"}],"wp:term":[{"taxonomy":"category","embeddable":true,"href":"https:\/\/edublog.educastur.es\/ixuxu\/wp-json\/wp\/v2\/categories?post=61151"},{"taxonomy":"post_tag","embeddable":true,"href":"https:\/\/edublog.educastur.es\/ixuxu\/wp-json\/wp\/v2\/tags?post=61151"}],"curies":[{"name":"wp","href":"https:\/\/api.w.org\/{rel}","templated":true}]}}