{"id":61158,"date":"2025-11-07T12:57:27","date_gmt":"2025-11-07T10:57:27","guid":{"rendered":"https:\/\/edublog.educastur.es\/ixuxu\/?p=61158"},"modified":"2025-11-07T13:09:35","modified_gmt":"2025-11-07T11:09:35","slug":"cantar-les-estaciones-del-anu","status":"publish","type":"post","link":"https:\/\/edublog.educastur.es\/ixuxu\/2025\/11\/cantar-les-estaciones-del-anu\/","title":{"rendered":"Cantar: \u00abLes estaciones del a\u00f1u\u00bb"},"content":{"rendered":"<p style=\"text-align: center\"><span class=\"x193iq5w xeuugli x13faqbe x1vvkbs xt0psk2 x1i0vuye xvs91rp xo1l8bm x5n08af x10wh9bi xpm28yp x8viiok x1o7cslx x126k92a\"><span class=\"html-span xexx8yu x4uap5 x18d9i69 xkhd6sd x1hl2dhg x16tdsg8 x1vvkbs x3nfvp2 x1j61x8r x1fcty0u xdj266r xat24cr xgzva0m xhhsvwb xxymvpz xlup9mm x1kky2od\">\n<!-- iframe plugin v.6.0 wordpress.org\/plugins\/iframe\/ -->\n<iframe loading=\"lazy\" src=\"https:\/\/www.instagram.com\/reel\/DQtsK-XCBjO\/embed\" width=\"500\" height=\"695\" 0=\"\/iframe\" scrolling=\"yes\" class=\"iframe-class\" frameborder=\"0\"><\/iframe>\n<\/span><\/span><\/p>\n<div class=\"x5yr21d xw2csxc x1odjw0f x1n2onr6\">\n<div class=\"x9f619 x78zum5 xdt5ytf x5yr21d xexx8yu xv54qhq x1l90r2v xf7dkkf x10l6tqk xh8yej3\">\n<div class=\"html-div xdj266r x14z9mp xat24cr x1lziwak xyri2b x1c1uobl x9f619 xjbqb8w x78zum5 x15mokao x1ga7v0g x16uus16 xbiv7yw xsag5q8 xz9dl7a x1uhb9sk x1plvlek xryxfnj x1c4vz4f x2lah0s x1q0g3np xqjyukv x1qjc9v5 x1oa3qoh x1nhvcw1\">\n<div class=\"html-div xdj266r x14z9mp xat24cr x1lziwak xexx8yu xyri2b x18d9i69 x1c1uobl x9f619 xjbqb8w x78zum5 x15mokao x1ga7v0g x16uus16 xbiv7yw x1uhb9sk x1plvlek xryxfnj x1iyjqo2 x2lwn1j xeuugli x1q0g3np xqjyukv x1qjc9v5 x1oa3qoh x1nhvcw1\">\n<div class=\"html-div xdj266r x14z9mp xat24cr x1lziwak xexx8yu xyri2b x18d9i69 x1c1uobl x9f619 xjbqb8w x78zum5 x15mokao x1ga7v0g x16uus16 xbiv7yw x1uhb9sk x1plvlek xryxfnj x1iyjqo2 x2lwn1j xeuugli xdt5ytf xqjyukv x1qjc9v5 x1oa3qoh x1nhvcw1\">\n<div class=\"html-div xdj266r x14z9mp xat24cr x1lziwak xexx8yu xyri2b x18d9i69 x1c1uobl x9f619 xjbqb8w x78zum5 x15mokao x1ga7v0g x16uus16 xbiv7yw x1uhb9sk x1plvlek xryxfnj x1c4vz4f x2lah0s xdt5ytf xqjyukv x1qjc9v5 x1oa3qoh x1nhvcw1\">\n<ul>\n<li class=\"html-div xdj266r x14z9mp xat24cr x1lziwak xexx8yu xyri2b x18d9i69 x1c1uobl x9f619 xjbqb8w x78zum5 x15mokao x1ga7v0g x16uus16 xbiv7yw x1uhb9sk x1plvlek xryxfnj x1c4vz4f x2lah0s x1q0g3np xqjyukv x1qjc9v5 x1oa3qoh x1nhvcw1\">\ud83c\udfb5 Les estaciones del a\u00f1u | Canci\u00f3n infantil en llingua asturiana | Maestr\u00edn Astur<\/li>\n<li>\u00a1Aprendamos cantando les 4 estaciones del a\u00f1u: iviernu \u2744\ufe0f, primavera \ud83c\udf38, branu \u2600\ufe0f y seronda \ud83c\udf42! \u2744\ufe0f\ud83c\udf38\u2600\ufe0f\ud83c\udf42<\/li>\n<\/ul>\n<p>\ud83d\udd0e S\u00edgueme en toles mios redes pa m\u00e1s conten\u00edu educativo: \ud83d\udcf2 Instagram: <a href=\"https:\/\/www.instagram.com\/maestrinastur\">https:\/\/www.instagram.com\/maestrinastur\u00a0<\/a>\ud83d\udcfa YouTube: <a href=\"https:\/\/www.youtube.com\/@maestrinastur\">https:\/\/www.youtube.com\/@maestrinastur\u00a0<\/a>\u2615\ufe0f Ko-fi: <a href=\"https:\/\/ko-fi.com\/maestrinastur\">https:\/\/ko-fi.com\/maestrinastur\u00a0<\/a>\ud83c\udfb5 TikTok: https:\/\/www.tiktok.com\/@maestrinastur\u00a0<a class=\"x1i10hfl xjbqb8w x1ejq31n x18oe1m7 x1sy0etr xstzfhl x972fbf x10w94by x1qhh985 x14e42zd x9f619 x1ypdohk xt0psk2 x3ct3a4 xdj266r x14z9mp xat24cr x1lziwak xexx8yu xyri2b x18d9i69 x1c1uobl x16tdsg8 x1hl2dhg xggy1nq x1a2a7pz _aa9_ _a6hd\" role=\"link\" href=\"https:\/\/www.instagram.com\/explore\/tags\/llinguaasturiana\/\">#llinguaasturiana<\/a> <a class=\"x1i10hfl xjbqb8w x1ejq31n x18oe1m7 x1sy0etr xstzfhl x972fbf x10w94by x1qhh985 x14e42zd x9f619 x1ypdohk xt0psk2 x3ct3a4 xdj266r x14z9mp xat24cr x1lziwak xexx8yu xyri2b x18d9i69 x1c1uobl x16tdsg8 x1hl2dhg xggy1nq x1a2a7pz _aa9_ _a6hd\" role=\"link\" href=\"https:\/\/www.instagram.com\/explore\/tags\/cancioninfantil\/\">#cancioninfantil<br \/>\n<\/a><\/p>\n<\/div>\n<p style=\"text-align: center\">\n<!-- iframe plugin v.6.0 wordpress.org\/plugins\/iframe\/ -->\n<iframe loading=\"lazy\" width=\"100%\" height=\"402\" src=\"https:\/\/www.youtube.com\/embed\/m-mzem7hY8Q\" title=\"\ud83c\udfb5 Les estaciones del a\u00f1u | Canci\u00f3n infantil en llingua asturiana | Maestr\u00edn Astur\" frameborder=\"0\" allow=\"accelerometer; autoplay; clipboard-write; encrypted-media; gyroscope; picture-in-picture; web-share\" referrerpolicy=\"strict-origin-when-cross-origin\" 0=\"allowfullscreen\" 1=\"\/iframe\" scrolling=\"yes\" class=\"iframe-class\"><\/iframe>\n<\/p>\n<\/div>\n<\/div>\n<\/div>\n<\/div>\n<\/div>\n","protected":false},"excerpt":{"rendered":"<p>\ud83c\udfb5 Les estaciones del a\u00f1u | Canci\u00f3n infantil en llingua asturiana | Maestr\u00edn Astur \u00a1Aprendamos cantando les 4 estaciones del a\u00f1u: iviernu \u2744\ufe0f, primavera \ud83c\udf38, branu \u2600\ufe0f y seronda \ud83c\udf42! \u2744\ufe0f\ud83c\udf38\u2600\ufe0f\ud83c\udf42 \ud83d\udd0e S\u00edgueme en toles mios redes pa m\u00e1s conten\u00edu educativo: \ud83d\udcf2 Instagram: https:\/\/www.instagram.com\/maestrinastur\u00a0\ud83d\udcfa YouTube: https:\/\/www.youtube.com\/@maestrinastur\u00a0\u2615\ufe0f Ko-fi: https:\/\/ko-fi.com\/maestrinastur\u00a0\ud83c\udfb5 TikTok: https:\/\/www.tiktok.com\/@maestrinastur\u00a0#llinguaasturiana #cancioninfantil<\/p>\n","protected":false},"author":117,"featured_media":0,"comment_status":"closed","ping_status":"open","sticky":false,"template":"","format":"standard","meta":{"footnotes":""},"categories":[46,35],"tags":[],"class_list":["post-61158","post","type-post","status-publish","format-standard","hentry","category-estaciones","category-musica"],"_links":{"self":[{"href":"https:\/\/edublog.educastur.es\/ixuxu\/wp-json\/wp\/v2\/posts\/61158","targetHints":{"allow":["GET"]}}],"collection":[{"href":"https:\/\/edublog.educastur.es\/ixuxu\/wp-json\/wp\/v2\/posts"}],"about":[{"href":"https:\/\/edublog.educastur.es\/ixuxu\/wp-json\/wp\/v2\/types\/post"}],"author":[{"embeddable":true,"href":"https:\/\/edublog.educastur.es\/ixuxu\/wp-json\/wp\/v2\/users\/117"}],"replies":[{"embeddable":true,"href":"https:\/\/edublog.educastur.es\/ixuxu\/wp-json\/wp\/v2\/comments?post=61158"}],"version-history":[{"count":6,"href":"https:\/\/edublog.educastur.es\/ixuxu\/wp-json\/wp\/v2\/posts\/61158\/revisions"}],"predecessor-version":[{"id":61170,"href":"https:\/\/edublog.educastur.es\/ixuxu\/wp-json\/wp\/v2\/posts\/61158\/revisions\/61170"}],"wp:attachment":[{"href":"https:\/\/edublog.educastur.es\/ixuxu\/wp-json\/wp\/v2\/media?parent=61158"}],"wp:term":[{"taxonomy":"category","embeddable":true,"href":"https:\/\/edublog.educastur.es\/ixuxu\/wp-json\/wp\/v2\/categories?post=61158"},{"taxonomy":"post_tag","embeddable":true,"href":"https:\/\/edublog.educastur.es\/ixuxu\/wp-json\/wp\/v2\/tags?post=61158"}],"curies":[{"name":"wp","href":"https:\/\/api.w.org\/{rel}","templated":true}]}}