{"id":61165,"date":"2025-11-07T13:03:33","date_gmt":"2025-11-07T11:03:33","guid":{"rendered":"https:\/\/edublog.educastur.es\/ixuxu\/?p=61165"},"modified":"2025-11-09T12:31:35","modified_gmt":"2025-11-09T10:31:35","slug":"61165","status":"publish","type":"post","link":"https:\/\/edublog.educastur.es\/ixuxu\/2025\/11\/61165\/","title":{"rendered":"Cartelu del Festival Interc\u00e9lticu de Lorient (Francia)"},"content":{"rendered":"<p style=\"text-align: center\"><span class=\"x193iq5w xeuugli x13faqbe x1vvkbs xt0psk2 x1i0vuye xvs91rp xo1l8bm x5n08af x10wh9bi xpm28yp x8viiok x1o7cslx x126k92a\"><span class=\"html-span xexx8yu x4uap5 x18d9i69 xkhd6sd x1hl2dhg x16tdsg8 x1vvkbs x3nfvp2 x1j61x8r x1fcty0u xdj266r xat24cr xgzva0m xhhsvwb xxymvpz xlup9mm x1kky2od\">\n<!-- iframe plugin v.6.0 wordpress.org\/plugins\/iframe\/ -->\n<iframe loading=\"lazy\" src=\"https:\/\/www.instagram.com\/reel\/DQuP1emjdMh\/embed\" width=\"500\" height=\"675\" 0=\"\/iframe\" scrolling=\"yes\" class=\"iframe-class\" frameborder=\"0\"><\/iframe>\n<\/span><\/span><\/p>\n<p style=\"text-align: center\"><!--more--><\/p>\n<p style=\"text-align: center\"><a href=\"https:\/\/www.festival-interceltique.bzh\/wp-content\/uploads\/2025\/11\/affiche-1000x500-8.png\"><img loading=\"lazy\" decoding=\"async\" class=\"aligncenter size-large\" src=\"https:\/\/www.festival-interceltique.bzh\/wp-content\/uploads\/2025\/11\/affiche-1000x500-8.png\" width=\"1000\" height=\"500\" \/><\/a><\/p>\n<p>El Festival Interc\u00e9lticu de Lorient, <strong>el mayor alcuentru celta del mundu<\/strong>, ye unu de los mayores acontecimientos de Breta\u00f1a, Francia y Europa y atrai a m\u00e1s de 950.000 visitantes y espectadores cada a\u00f1u.\u00a0<strong>Cada a\u00f1u en Lorient, a principios d&#8217;agostu, l&#8217;eventu axunta a munches naciones celtes para celebrar festividaes en tola ciud\u00e1.<\/strong><\/p>\n<p>Dellos n\u00famberos:<\/p>\n<ul>\n<li>10 d\u00edes y 10 nueches de conciertos, espect\u00e1culos, actividaes y muncho m\u00e1s cada a\u00f1u a principios d&#8217;agostu<\/li>\n<li>M\u00e1s de 5.000 m\u00fasicos, cantantes, baillarinos, artistes visuales, acad\u00e9micos, cineastes d&#8217;Escocia, Irlanda, Gales, Cornualles, la Isla de Man, Galicia, <strong>Asturies<\/strong>, Breta\u00f1a, lo mesmo que de la di\u00e1spora celta en tol mundu (EE.XX., Acadia, Australia, Nueva Zelanda, etc.)<\/li>\n<li>Un Grande Parade deas Nations Celtes qu&#8217;atrai a m\u00e1s de 90.000 espectadores a les cais de Lorient el primer domingu<\/li>\n<li>M\u00e1s de 1600 voluntarios.\u00a0 Alredor de 300 espect\u00e1culos y actividaes propuestes en 12 escenarios Fest\u00f9-noz, conferencies, conciertos diarios n&#8217;escenarios y chigres de la ciud\u00e1, clases maxistrales de preseos celtes, desfiles diarios, concursos de gaita, gaita, acordi\u00f3n y m\u00fasica. Arpa celta, tambores, bandes de gaites, un Espace D\u00e9couvertes,\u2026<br \/>\nUn merc\u00e1u del llibru, un merc\u00e1u artesanal acorde cola tem\u00e1tica del festival.<\/li>\n<li>Deportes: gouren (llucha bretona), xuegos atl\u00e9ticos bretones, rugby, llucha celta, etc.<\/li>\n<li>Esposiciones d&#8217;obres d&#8217;arte de los pa\u00edses celtes.<\/li>\n<\/ul>\n<p style=\"text-align: center\"><a href=\"https:\/\/www.festival-interceltique.bzh\/wp-content\/uploads\/2025\/08\/thumbnail_STICKER-FIL2025-312x69-04.jpg\"><img loading=\"lazy\" decoding=\"async\" class=\"aligncenter size-large\" src=\"https:\/\/www.festival-interceltique.bzh\/wp-content\/uploads\/2025\/08\/thumbnail_STICKER-FIL2025-312x69-04.jpg\" width=\"1920\" height=\"424\" \/><\/a><\/p>\n","protected":false},"excerpt":{"rendered":"","protected":false},"author":117,"featured_media":0,"comment_status":"closed","ping_status":"open","sticky":false,"template":"","format":"standard","meta":{"footnotes":""},"categories":[204,35],"tags":[],"class_list":["post-61165","post","type-post","status-publish","format-standard","hentry","category-festivales","category-musica"],"_links":{"self":[{"href":"https:\/\/edublog.educastur.es\/ixuxu\/wp-json\/wp\/v2\/posts\/61165","targetHints":{"allow":["GET"]}}],"collection":[{"href":"https:\/\/edublog.educastur.es\/ixuxu\/wp-json\/wp\/v2\/posts"}],"about":[{"href":"https:\/\/edublog.educastur.es\/ixuxu\/wp-json\/wp\/v2\/types\/post"}],"author":[{"embeddable":true,"href":"https:\/\/edublog.educastur.es\/ixuxu\/wp-json\/wp\/v2\/users\/117"}],"replies":[{"embeddable":true,"href":"https:\/\/edublog.educastur.es\/ixuxu\/wp-json\/wp\/v2\/comments?post=61165"}],"version-history":[{"count":4,"href":"https:\/\/edublog.educastur.es\/ixuxu\/wp-json\/wp\/v2\/posts\/61165\/revisions"}],"predecessor-version":[{"id":61169,"href":"https:\/\/edublog.educastur.es\/ixuxu\/wp-json\/wp\/v2\/posts\/61165\/revisions\/61169"}],"wp:attachment":[{"href":"https:\/\/edublog.educastur.es\/ixuxu\/wp-json\/wp\/v2\/media?parent=61165"}],"wp:term":[{"taxonomy":"category","embeddable":true,"href":"https:\/\/edublog.educastur.es\/ixuxu\/wp-json\/wp\/v2\/categories?post=61165"},{"taxonomy":"post_tag","embeddable":true,"href":"https:\/\/edublog.educastur.es\/ixuxu\/wp-json\/wp\/v2\/tags?post=61165"}],"curies":[{"name":"wp","href":"https:\/\/api.w.org\/{rel}","templated":true}]}}