{"id":61187,"date":"2025-11-08T11:00:51","date_gmt":"2025-11-08T09:00:51","guid":{"rendered":"https:\/\/edublog.educastur.es\/ixuxu\/?p=61187"},"modified":"2025-11-08T21:15:10","modified_gmt":"2025-11-08T19:15:10","slug":"el-principau-destinara-13-millones-nayudes-pa-proyectos-de-co-housing","status":"publish","type":"post","link":"https:\/\/edublog.educastur.es\/ixuxu\/2025\/11\/el-principau-destinara-13-millones-nayudes-pa-proyectos-de-co-housing\/","title":{"rendered":"El Princip\u00e1u destinar\u00e1 1,3 millones n&#8217;ayudes pa proyectos de co-housing"},"content":{"rendered":"<ul>\n<li class=\"font-size-xxl margin-b-5 font-weight-b color-b-050 letter-spacing--1 fuente-corporativa\"><a href=\"https:\/\/www.rtpa.es\/noticias-asturias-ast\/2025-11-07\/El-Principau-destinara-1,3-millones-n'ayudes-pa-proyectos-de-co-housing_111762545475.html\">El Princip\u00e1u destinar\u00e1 1,3 millones n&#8217;ayudes pa proyectos de co-housing.\u00a0<\/a><\/li>\n<\/ul>\n<p style=\"text-align: center\"><a href=\"https:\/\/www.rtpa.es\/fotos\/\/25\/11\/20251107201703_RTPA7324859.webp\"><img loading=\"lazy\" decoding=\"async\" class=\"aligncenter size-large\" src=\"https:\/\/www.rtpa.es\/fotos\/\/25\/11\/20251107201703_RTPA7324859.webp\" width=\"853\" height=\"480\" \/><\/a><\/p>\n<ul>\n<li class=\"font-size-m padding-b-20 font-weight-b margin-t-16\">Viviendes nes que mozos y mayores comparten espacios y creen una rede de cuidaos.<\/li>\n<\/ul>\n<p><em>El Princip\u00e1u destinar\u00e1 1.300.000 euros n\u2019ayudes pa proyectos de co-housing, seg\u00fan dio anuncia\u2019l conseyeru d\u2019ordenaci\u00f3n del territoriu nunes xornes qu\u2019acaben d\u2019inaugurase n\u2019Uvi\u00e9u sobre esti tipu d\u2019espacios residenciales. Son viviendes con espacios comunes nes que mozos y mayores comparten espacios y creen una rede de cuidaos.<\/em><\/p>\n<p><!--more--><\/p>\n<p>El co-housing dexa a mozos y mayores <strong>compartir espacios residenciales y crear una rede de cuidaos y ayudes<\/strong>, siempres con precios y viviendes asequibles. N\u2019Asturies hai tres esperiencies d\u2019esti tipu y otros 10 proyectos en marcha.<\/p>\n<p><strong>Esta modalid\u00e1 de vivienda compartida cre\u00f3se en Dinamarca nos a\u00f1os 70 como modelu de vida<\/strong>, sobre manera na vieyera. Equ\u00ed n\u2019Asturies y\u00e1 hai proyectos en marcha d\u2019esti tipu que, reconocen, nam\u00e1s quieren vivir como se fac\u00eda enantes.<\/p>\n<p>El co-housing quier, mediante cooperatives, <strong>crear espacios residenciales con llugares comunes como biblioteques o comedores, pero con viviendes particulares<\/strong>. Nun son residencies, porque ca\u00fan tien los sos horarios y rutines. Tampoco busquen beneficiu empresarial y sobre manera, abonda la convivencia.<\/p>\n<p>Busca cuntar a mozos y mayores, d\u00e1ndo-yos una vivienda, eso s\u00ed, asequible. Unes xornaes n\u2019Uvi\u00e9u tratar\u00e1n esti tema tol fin de selmana, con esperiencies espa\u00f1oles y estranxeres.<\/p>\n<p>La Conseyer\u00eda d\u2019Ordenaci\u00f3n Territorial subvencionar\u00e1 con 1.300.000 euros proyectos d\u2019esta mena, como los tres en funcionamientu que y\u00e1 hai o los 10 que t\u00e1n por venir.<\/p>\n","protected":false},"excerpt":{"rendered":"<p>El Princip\u00e1u destinar\u00e1 1,3 millones n&#8217;ayudes pa proyectos de co-housing.\u00a0 Viviendes nes que mozos y mayores comparten espacios y creen una rede de cuidaos. El Princip\u00e1u destinar\u00e1 1.300.000 euros n\u2019ayudes pa proyectos de co-housing, seg\u00fan dio anuncia\u2019l conseyeru d\u2019ordenaci\u00f3n del territoriu nunes xornes qu\u2019acaben d\u2019inaugurase n\u2019Uvi\u00e9u sobre esti tipu d\u2019espacios residenciales. Son viviendes con espacios [&hellip;]<\/p>\n","protected":false},"author":117,"featured_media":0,"comment_status":"closed","ping_status":"open","sticky":false,"template":"","format":"standard","meta":{"footnotes":""},"categories":[455],"tags":[],"class_list":["post-61187","post","type-post","status-publish","format-standard","hentry","category-vivienda"],"_links":{"self":[{"href":"https:\/\/edublog.educastur.es\/ixuxu\/wp-json\/wp\/v2\/posts\/61187","targetHints":{"allow":["GET"]}}],"collection":[{"href":"https:\/\/edublog.educastur.es\/ixuxu\/wp-json\/wp\/v2\/posts"}],"about":[{"href":"https:\/\/edublog.educastur.es\/ixuxu\/wp-json\/wp\/v2\/types\/post"}],"author":[{"embeddable":true,"href":"https:\/\/edublog.educastur.es\/ixuxu\/wp-json\/wp\/v2\/users\/117"}],"replies":[{"embeddable":true,"href":"https:\/\/edublog.educastur.es\/ixuxu\/wp-json\/wp\/v2\/comments?post=61187"}],"version-history":[{"count":1,"href":"https:\/\/edublog.educastur.es\/ixuxu\/wp-json\/wp\/v2\/posts\/61187\/revisions"}],"predecessor-version":[{"id":61188,"href":"https:\/\/edublog.educastur.es\/ixuxu\/wp-json\/wp\/v2\/posts\/61187\/revisions\/61188"}],"wp:attachment":[{"href":"https:\/\/edublog.educastur.es\/ixuxu\/wp-json\/wp\/v2\/media?parent=61187"}],"wp:term":[{"taxonomy":"category","embeddable":true,"href":"https:\/\/edublog.educastur.es\/ixuxu\/wp-json\/wp\/v2\/categories?post=61187"},{"taxonomy":"post_tag","embeddable":true,"href":"https:\/\/edublog.educastur.es\/ixuxu\/wp-json\/wp\/v2\/tags?post=61187"}],"curies":[{"name":"wp","href":"https:\/\/api.w.org\/{rel}","templated":true}]}}