{"id":61192,"date":"2025-11-08T08:50:19","date_gmt":"2025-11-08T06:50:19","guid":{"rendered":"https:\/\/edublog.educastur.es\/ixuxu\/?p=61192"},"modified":"2025-11-08T21:42:14","modified_gmt":"2025-11-08T19:42:14","slug":"asturies-rexistro-anguanol-mes-dochobre-mas-templau-y-secu-de-les-ultimes-decades","status":"publish","type":"post","link":"https:\/\/edublog.educastur.es\/ixuxu\/2025\/11\/asturies-rexistro-anguanol-mes-dochobre-mas-templau-y-secu-de-les-ultimes-decades\/","title":{"rendered":"Asturies rexistr\u00f3 angua\u00f1o&#8217;l mes d&#8217;ochobre m\u00e1s templ\u00e1u y secu de les \u00faltimes d\u00e9cades"},"content":{"rendered":"<ul>\n<li class=\"font-size-xxl margin-b-5 font-weight-b color-b-050 letter-spacing--1 fuente-corporativa\"><a href=\"https:\/\/www.rtpa.es\/noticias-asturias-ast\/2025-11-07\/Asturies-rexistro-angua\u00f1o'l-mes-d'ochobre-mas-templau-y-secu-de-les-ultimes-decades_111762503888.html\">Asturies rexistr\u00f3 angua\u00f1o&#8217;l mes d&#8217;ochobre m\u00e1s templ\u00e1u y secu de les \u00faltimes d\u00e9cades<\/a><\/li>\n<\/ul>\n<p style=\"text-align: center\"><a href=\"https:\/\/www.rtpa.es\/fotos\/\/25\/11\/20251107092749_RTPA7317655.webp\"><img loading=\"lazy\" decoding=\"async\" class=\"aligncenter size-large\" src=\"https:\/\/www.rtpa.es\/fotos\/\/25\/11\/20251107092749_RTPA7317655.webp\" width=\"853\" height=\"480\" \/><\/a><\/p>\n<p class=\"font-size-m padding-b-20 font-weight-b margin-t-16\">Les lluvies fueron un 71% inferiores a los niveles que suelen rexistrase nesti mes del a\u00f1u.\u00a0 <strong>Asturies rexistr\u00f3 l&#8217;octavu ochobre m\u00e1s templ\u00e1u de les \u00faltimes d\u00e9cades.<\/strong> Asina lo reflexa l&#8217;\u00faltimu informe espubliz\u00e1u pola Aemet. La temperatura media del \u00faltimu mes na nuesa comunid\u00e1 foi de 14,6 graos. Un grau y mediu superior a la temperatura media nesti periodu a lo llargo de los postreros 30 a\u00f1os.<\/p>\n<p>Tami\u00e9n llovi\u00f3 menos, muncho menos, qu&#8217;otros a\u00f1os. Les lluvies fueron un 71% inferiores a los niveles que suelen rexistrase nesti mes del a\u00f1u.<\/p>\n","protected":false},"excerpt":{"rendered":"<p>Asturies rexistr\u00f3 angua\u00f1o&#8217;l mes d&#8217;ochobre m\u00e1s templ\u00e1u y secu de les \u00faltimes d\u00e9cades Les lluvies fueron un 71% inferiores a los niveles que suelen rexistrase nesti mes del a\u00f1u.\u00a0 Asturies rexistr\u00f3 l&#8217;octavu ochobre m\u00e1s templ\u00e1u de les \u00faltimes d\u00e9cades. Asina lo reflexa l&#8217;\u00faltimu informe espubliz\u00e1u pola Aemet. La temperatura media del \u00faltimu mes na nuesa [&hellip;]<\/p>\n","protected":false},"author":117,"featured_media":0,"comment_status":"closed","ping_status":"open","sticky":false,"template":"","format":"standard","meta":{"footnotes":""},"categories":[5],"tags":[],"class_list":["post-61192","post","type-post","status-publish","format-standard","hentry","category-tiempu"],"_links":{"self":[{"href":"https:\/\/edublog.educastur.es\/ixuxu\/wp-json\/wp\/v2\/posts\/61192","targetHints":{"allow":["GET"]}}],"collection":[{"href":"https:\/\/edublog.educastur.es\/ixuxu\/wp-json\/wp\/v2\/posts"}],"about":[{"href":"https:\/\/edublog.educastur.es\/ixuxu\/wp-json\/wp\/v2\/types\/post"}],"author":[{"embeddable":true,"href":"https:\/\/edublog.educastur.es\/ixuxu\/wp-json\/wp\/v2\/users\/117"}],"replies":[{"embeddable":true,"href":"https:\/\/edublog.educastur.es\/ixuxu\/wp-json\/wp\/v2\/comments?post=61192"}],"version-history":[{"count":1,"href":"https:\/\/edublog.educastur.es\/ixuxu\/wp-json\/wp\/v2\/posts\/61192\/revisions"}],"predecessor-version":[{"id":61193,"href":"https:\/\/edublog.educastur.es\/ixuxu\/wp-json\/wp\/v2\/posts\/61192\/revisions\/61193"}],"wp:attachment":[{"href":"https:\/\/edublog.educastur.es\/ixuxu\/wp-json\/wp\/v2\/media?parent=61192"}],"wp:term":[{"taxonomy":"category","embeddable":true,"href":"https:\/\/edublog.educastur.es\/ixuxu\/wp-json\/wp\/v2\/categories?post=61192"},{"taxonomy":"post_tag","embeddable":true,"href":"https:\/\/edublog.educastur.es\/ixuxu\/wp-json\/wp\/v2\/tags?post=61192"}],"curies":[{"name":"wp","href":"https:\/\/api.w.org\/{rel}","templated":true}]}}