{"id":61195,"date":"2025-11-08T09:27:44","date_gmt":"2025-11-08T07:27:44","guid":{"rendered":"https:\/\/edublog.educastur.es\/ixuxu\/?p=61195"},"modified":"2025-11-08T21:39:21","modified_gmt":"2025-11-08T19:39:21","slug":"61195","status":"publish","type":"post","link":"https:\/\/edublog.educastur.es\/ixuxu\/2025\/11\/61195\/","title":{"rendered":"Proyectu \u00abUna charra col fiscal\u00bb pa informar sobro la ed\u00e1 penal o los riesgos de les redes sociales."},"content":{"rendered":"<p style=\"text-align: center\"><a href=\"https:\/\/actualidad.asturias.es\/documents\/537115\/2894000\/2025_10_30+Consejera+con+el+fiscal+superior.jpg\/134df343-2943-aba8-ccc6-53cb5ff7c923?t=1761822178766\"><img loading=\"lazy\" decoding=\"async\" class=\"aligncenter \" src=\"https:\/\/actualidad.asturias.es\/documents\/537115\/2894000\/2025_10_30+Consejera+con+el+fiscal+superior.jpg\/134df343-2943-aba8-ccc6-53cb5ff7c923?t=1761822178766\" width=\"860\" height=\"706\" \/><\/a><\/p>\n<p>Educaci\u00f3n y la Fiscal\u00eda van dar a conocer el Ministeriu P\u00fablicu a los estudiantes y van encetar temes como <strong>la ed\u00e1 penal o los riesgos de les redes sociales.<\/strong> Les charres, dirix\u00edes a alumn\u00e1u de Secundaria y Bachilleratu, van impartise nos centros a partir de xineru, previa inscripci\u00f3n. La primer edici\u00f3n se circunscribir\u00e1 a los colexos ya institutos del conceyu d&#8217;Uvi\u00e9u. <a href=\"https:\/\/actualidad.asturias.es\/-\/educaci\u00f3n-y-la-fiscal\u00eda-presentan-un-proyecto-para-dar-a-conocer-el-ministerio-p\u00fablico-a-los-estudiantes-y-abordar-temas-como-la-edad-penal-o-los-riesgos-de-las-redes-sociales?redirect=%2Fnoticias%3Fp_p_id%3Dcom_liferay_asset_publisher_web_portlet_AssetPublisherPortlet_INSTANCE_Pk4uPC5yniIC%26p_p_lifecycle%3D0%26p_p_state%3Dnormal%26p_p_mode%3Dview%26_com_liferay_asset_publisher_web_portlet_AssetPublisherPortlet_INSTANCE_Pk4uPC5yniIC_delta%3D10%26p_r_p_resetCur%3Dfalse%26_com_liferay_asset_publisher_web_portlet_AssetPublisherPortlet_INSTANCE_Pk4uPC5yniIC_cur%3D7\">Actualid\u00e1<\/a><\/p>\n<p><!--more--><\/p>\n<p>La conseyera d&#8217;Educaci\u00f3n, Eva Ledo, y el fiscal cimeru del Princip\u00e1u d&#8217;Asturies, Gabriel Bernal, presentaron g\u00fcei el proyectu <span style=\"color: #008080\"><strong>Una charra col fiscal<\/strong><\/span>, que&#8217;l so oxetivu va ser averar a los estudiantes de Secundaria Obligatoria y Bachilleratu la figura y el llabor del Ministeriu P\u00fablicu, am\u00e1s d&#8217;esplica-yos cuestiones del so inter\u00e9s, como la ed\u00e1 penal o los riesgos de les redes sociales.<\/p>\n<p>La iniciativa parte de la mesma Fiscal\u00eda asturiana, dientro de la so nueva pol\u00edtica de comunicaci\u00f3n y acercamientu a la ciudadan\u00eda, y cuenta cola collaboraci\u00f3n del Gobiernu del Princip\u00e1u. <strong>Les charres van empezar a impartise a partir de xineru de 2026<\/strong>, a suxerencia de la Conseyer\u00eda d&#8217;Educaci\u00f3n, para nun coincidir con otros proyectos y\u00e1 confirmaos.<\/p>\n<p>Nesta primer edici\u00f3n, l&#8217;activid\u00e1 se circunscribir\u00e1 a los centros educativos p\u00fablicos y alcordaos del conceyu d&#8217;Uvi\u00e9u, a los que se van mover los fiscales. Los colexos ya institutos comenenciudos pueden solicitar la so participaci\u00f3n hasta avientu, al travi\u00e9s de la Oficina de Comunicaci\u00f3n de la Fiscal\u00eda. La conseyer\u00eda va facilitar el contactu colos centros d&#8217;ense\u00f1anza del conceyu, am\u00e1s d&#8217;espublizar l&#8217;activid\u00e1 nel portal Educastur.<\/p>\n<p><strong>Dos formatos distintos<\/strong><\/p>\n<p>El proyectu tien dos formatos: unu destin\u00e1u a alumn\u00e1u de 2\u00ba a 4\u00ba de Secundaria y otru dedic\u00e1u puramente a los estudiantes de Bachilleratu. Dambos van esplicar la figura y la funci\u00f3n del Ministeriu Fiscal, el gran desconoc\u00edu de l&#8217;Alministraci\u00f3n de Xusticia.<\/p>\n<p>Am\u00e1s, el primer formatu -titul\u00e1u Una charra col fiscal: construyendo un futuru seguro- va encetar cuestiones como la ed\u00e1 na que pasen a ser *criminalmente responsables (14 a\u00f1os) y les consecuencies penales de los sos actos, los riesgos de les redes sociales, l&#8217;acoso escolar o la delincuencia xuvenil, tollo dende la perspectiva del fiscal.<\/p>\n<p>L&#8217;activid\u00e1 para alumn\u00e1u de Bachilleratu, titulada Una charra col fiscal: m\u00e1s all\u00e1 de les pel\u00edcules, va tar m\u00e1s empobinada a dar a conocer la instituci\u00f3n de cara a una posible salida profesional.<\/p>\n<p>Tantu Ledo como Bernal destacaron <strong>el valor d&#8217;esti proyectu educativu pola so implicaci\u00f3n na concienciaci\u00f3n y ayuda na prevenci\u00f3n del delitu dende edaes tempranes y el so llabor divulgativu.<\/strong><\/p>\n","protected":false},"excerpt":{"rendered":"<p>Educaci\u00f3n y la Fiscal\u00eda van dar a conocer el Ministeriu P\u00fablicu a los estudiantes y van encetar temes como la ed\u00e1 penal o los riesgos de les redes sociales. Les charres, dirix\u00edes a alumn\u00e1u de Secundaria y Bachilleratu, van impartise nos centros a partir de xineru, previa inscripci\u00f3n. La primer edici\u00f3n se circunscribir\u00e1 a los [&hellip;]<\/p>\n","protected":false},"author":117,"featured_media":0,"comment_status":"closed","ping_status":"open","sticky":false,"template":"","format":"standard","meta":{"footnotes":""},"categories":[242],"tags":[],"class_list":["post-61195","post","type-post","status-publish","format-standard","hentry","category-charres"],"_links":{"self":[{"href":"https:\/\/edublog.educastur.es\/ixuxu\/wp-json\/wp\/v2\/posts\/61195","targetHints":{"allow":["GET"]}}],"collection":[{"href":"https:\/\/edublog.educastur.es\/ixuxu\/wp-json\/wp\/v2\/posts"}],"about":[{"href":"https:\/\/edublog.educastur.es\/ixuxu\/wp-json\/wp\/v2\/types\/post"}],"author":[{"embeddable":true,"href":"https:\/\/edublog.educastur.es\/ixuxu\/wp-json\/wp\/v2\/users\/117"}],"replies":[{"embeddable":true,"href":"https:\/\/edublog.educastur.es\/ixuxu\/wp-json\/wp\/v2\/comments?post=61195"}],"version-history":[{"count":3,"href":"https:\/\/edublog.educastur.es\/ixuxu\/wp-json\/wp\/v2\/posts\/61195\/revisions"}],"predecessor-version":[{"id":61198,"href":"https:\/\/edublog.educastur.es\/ixuxu\/wp-json\/wp\/v2\/posts\/61195\/revisions\/61198"}],"wp:attachment":[{"href":"https:\/\/edublog.educastur.es\/ixuxu\/wp-json\/wp\/v2\/media?parent=61195"}],"wp:term":[{"taxonomy":"category","embeddable":true,"href":"https:\/\/edublog.educastur.es\/ixuxu\/wp-json\/wp\/v2\/categories?post=61195"},{"taxonomy":"post_tag","embeddable":true,"href":"https:\/\/edublog.educastur.es\/ixuxu\/wp-json\/wp\/v2\/tags?post=61195"}],"curies":[{"name":"wp","href":"https:\/\/api.w.org\/{rel}","templated":true}]}}