{"id":61220,"date":"2025-11-07T21:40:14","date_gmt":"2025-11-07T19:40:14","guid":{"rendered":"https:\/\/edublog.educastur.es\/ixuxu\/?p=61220"},"modified":"2025-11-14T13:31:22","modified_gmt":"2025-11-14T11:31:22","slug":"ferla-megia-ganal-premiu-camareta-al-meyor-cantar-2025","status":"publish","type":"post","link":"https:\/\/edublog.educastur.es\/ixuxu\/2025\/11\/ferla-megia-ganal-premiu-camareta-al-meyor-cantar-2025\/","title":{"rendered":"Ferla Meg\u00eda gana&#8217;l Premiu Camaret\u00e1 al Meyor Cantar 2025"},"content":{"rendered":"<p style=\"text-align: center\"><a href=\"https:\/\/www.instagram.com\/p\/DAS7c9hM-8K\"><em>https:\/\/www.instagram.com\/p\/DAS7c9hM-8K<\/em><\/a><\/p>\n<p style=\"text-align: center\"><a href=\"https:\/\/musicasturiana.com\/wp-content\/uploads\/2025\/11\/camatera-XVII-premiu.jpg\"><img loading=\"lazy\" decoding=\"async\" class=\"aligncenter size-large\" src=\"https:\/\/musicasturiana.com\/wp-content\/uploads\/2025\/11\/camatera-XVII-premiu.jpg\" width=\"1200\" height=\"600\" \/><\/a><\/p>\n<p>TPA emite esti domingu la gala d&#8217;entrega del galard\u00f3n. La m\u00fasica conceptual de Ferla Meg\u00eda f\u00edxose anueche col Premiu Camaret\u00e1 al Meyor Cantar, al que tami\u00e9n optaben H\u00e9ctor Braga, Herbamora y Llibre. El premiu, convoc\u00e1u pol Princip\u00e1u para reconocer la creaci\u00f3n musical n&#8217;asturianu, ta dot\u00e1u con 6.000 euros.\u00a0 TPA emite esti domingu a les 21:50 la gala d&#8217;entrega del galard\u00f3n.<a href=\"https:\/\/musicasturiana.com\/ferla-megia-ganal-xvii-premiu-camareta-con-xatu\"> Musicasturiana.com<\/a> \/ <a href=\"https:\/\/www.instagram.com\/ferlame\">https:\/\/www.instagram.com\/ferlame<\/a><\/p>\n<p><!--more--><\/p>\n<p style=\"text-align: center\"><a href=\"https:\/\/www.rtpa.es\/fotos\/\/25\/11\/20251108134303_RTPA7326094.webp\"><img loading=\"lazy\" decoding=\"async\" class=\"aligncenter size-large\" src=\"https:\/\/www.rtpa.es\/fotos\/\/25\/11\/20251108134303_RTPA7326094.webp\" width=\"853\" height=\"480\" \/><\/a><\/p>\n<p><strong>\u00abQu\u00e9mala guah.e\u00bb<\/strong>\u00a0ye la frase que meyor resume la gala del\u00a0<strong>XVII Premiu Camaret\u00e1 al Meyor Cantar<\/strong>. Estes pallabres de Los Berrones na<a href=\"https:\/\/open.spotify.com\/track\/5Gs3wmPGvBvOB7aiPCMzFm\" target=\"_blank\" rel=\"noopener\">\u00a0versi\u00f3n que faen de \u2018La Moto Pach\u00edn\u2019 nel discu<em>\u00a0Xentiquina Crew<\/em><\/a>\u00a0y que<strong>\u00a0Ferla Meg\u00eda<\/strong>\u00a0samplea en \u2018<a href=\"https:\/\/youtu.be\/ccc9JH9V5fs?si=PMnZgNPP1xZIthrX\" target=\"_blank\" rel=\"noreferrer noopener\">Xatu<\/a>\u2018 fixeron que\u2019l\u00a0<strong>Teatru Vital Aza de L.lena amburara<\/strong>\u00a0y, con ello, el xoven m\u00fasicu algamara\u2019l gallard\u00f3n a la meyor canci\u00f3n n\u2019asturianu d\u2019esta convocatoria.<\/p>\n<p style=\"text-align: center\"><span class=\"x193iq5w xeuugli x13faqbe x1vvkbs xt0psk2 x1i0vuye xvs91rp xo1l8bm x5n08af x10wh9bi xpm28yp x8viiok x1o7cslx x126k92a\"><span class=\"html-span xexx8yu x4uap5 x18d9i69 xkhd6sd x1hl2dhg x16tdsg8 x1vvkbs x3nfvp2 x1j61x8r x1fcty0u xdj266r xat24cr xgzva0m xhhsvwb xxymvpz xlup9mm x1kky2od\">\n<!-- iframe plugin v.6.0 wordpress.org\/plugins\/iframe\/ -->\n<iframe loading=\"lazy\" src=\"https:\/\/www.instagram.com\/reel\/DAI8ofOsnCl\/embed\" width=\"500\" height=\"595\" 0=\"\/iframe\" scrolling=\"yes\" class=\"iframe-class\" frameborder=\"0\"><\/iframe>\n<\/span><\/span><\/p>\n<p>Too ello nuna tarde que reflex\u00f3\u2019l<strong>\u00a0bon momentu que vive la m\u00fasica\u2019l pa\u00eds,<\/strong>\u00a0y\u00e1 que tolos otros artistes y cantares nominaos -\u2018<a href=\"https:\/\/youtu.be\/KMRFp8nRVnM?si=HGJh_rBvhJf0-3Tn\" target=\"_blank\" rel=\"noreferrer noopener\">Valiente<\/a>\u2018 d\u2019<strong>H\u00e9ctor Braga<\/strong>, \u2018<a href=\"https:\/\/youtu.be\/UN4YDM7hu_o?si=TSzzKqAuKh5-vaZJ\" target=\"_blank\" rel=\"noreferrer noopener\">Eclipse total<\/a>\u2018 d\u2019<strong>Herbamora<\/strong>\u00a0y \u2018<a href=\"https:\/\/youtu.be\/6Fzp8W_eWZQ?si=ET0u9afWNRUhit2x\" target=\"_blank\" rel=\"noreferrer noopener\">L\u2019Ablugada<\/a>\u2018 de\u00a0<strong>L\u00efbre<\/strong>\u2013 amosaron una\u00a0<strong>grand\u00edsima calid\u00e1<\/strong>\u00a0en cuantes a composici\u00f3n y interpretaci\u00f3n en directo.<\/p>\n<p style=\"text-align: center\">\n<!-- iframe plugin v.6.0 wordpress.org\/plugins\/iframe\/ -->\n<iframe loading=\"lazy\" width=\"100%\" height=\"487\" src=\"https:\/\/www.youtube.com\/embed\/ccc9JH9V5fs\" title=\"Ferla Meg\u00eda - Xatu (en directo desde Careses)\" frameborder=\"0\" allow=\"accelerometer; autoplay; clipboard-write; encrypted-media; gyroscope; picture-in-picture; web-share\" referrerpolicy=\"strict-origin-when-cross-origin\" 0=\"allowfullscreen\" 1=\"\/iframe\" scrolling=\"yes\" class=\"iframe-class\"><\/iframe>\n<\/p>\n<p>Nel so agradecimientu, Meg\u00eda tuvo unos pallabres pa los dem\u00e1s concursantes,<strong>\u00a0pa los sos pas y collacios<\/strong>\u00a0-que tuvieron sofit\u00e1ndolu dende la primer fila- y agradeci\u00f3 un premiu que-y da puxu nel so llabor\u00a0<strong>cam\u00edn de la profesionalizaci\u00f3n como m\u00fasicu<\/strong>, tres de llevar con una guitarra na mano\u00a0<strong>dende los 17 a\u00f1os<\/strong>.<\/p>\n<p>L\u2019actriz y performer\u00a0<strong>Mariajo Baudot<\/strong>\u00a0y l\u2019actor\u00a0<strong>F\u00e9lix Corcuera<\/strong>\u00a0foron los responsables de guiar esta gala qu\u2019aport\u00f3 con\u00a0<strong>novedaes<\/strong>. El formatu de presentaci\u00f3n foi muncho m\u00e1s\u00a0<strong>desenfad\u00e1u\u00a0<\/strong>que n\u2019anteriores ocasiones, col usu del\u00a0<strong>humor y la interpretaci\u00f3n teatral<\/strong>\u00a0per parte de los presentadores a lo llargo de tol certame. Per otru llau, a cuenta d\u2019un cambiu de fecha nel d\u00eda program\u00e1u, l\u2019escenariu nun foi\u2019l Teatru La Llaboral de Xix\u00f3n y tresllad\u00f3se al Vital Aza de La Pola; daqu\u00e9 que caus\u00f3 qu\u2019a\u00a0<strong>nivel art\u00edsticu\u2019l result\u00e1u fuera peor<\/strong>, por mor de que les\u00a0<strong>lluces\u00a0<\/strong>blanques tuvieron prend\u00edes durante tol espect\u00e1culu -a cuenta de la grabaci\u00f3n pa la\u00a0<strong>TPA\u00a0<\/strong>que s\u2019emite esti domingu pela nueche- y torg\u00f3 qu\u2019una<strong>\u00a0iluminaci\u00f3n afayadiza de les actuaciones<\/strong>\u00a0fixera qu\u2019estes ganaren tov\u00eda m\u00e1s en calid\u00e1.<\/p>\n<p>&nbsp;<\/p>\n<p><img decoding=\"async\" src=\"https:\/\/musicasturiana.com\/wp-content\/uploads\/2025\/11\/camatera-XVII-la-bonturne.jpg\" \/><\/p>\n<p>Mentanto l\u2019actuaci\u00f3n de La Bonturn\u00e9, cada miembru del xur\u00e1u -form\u00e1u pola m\u00fasica y periodista\u00a0<strong>Alicia \u00c1lvarez<\/strong>; el periodista y xestor cultural\u00a0<strong>Xicu Ariza<\/strong>; la t\u00e9cnica en normalizaci\u00f3n lling\u00fc\u00edstica\u00a0<strong>Pen\u00e9lope Miranda<\/strong>;\u00a0la m\u00fasica y fil\u00f3loga\u00a0<strong>Andrea Joglar<\/strong>; y la docente d\u2019asturianu y panderetera<strong>\u00a0Emma Posada<\/strong>-, puntu\u00f3 del 1 al 4 a ca\u00fan de los cantares finalistes; unos\u00a0<strong>temes mui estremaos<\/strong>\u00a0en cuantes a estilu y propuesta esc\u00e9nica que fixeron mui\u00a0<strong>complicada\u00a0<\/strong>la votaci\u00f3n, porque cualquiera pod\u00eda ser ganador. \u2018Xatu\u2019 foi\u2019l m\u00e1s puntu\u00e1u y los componentes de La Bonturn\u00e9 xunto a la conseyera de Cultura, Pol\u00edtica Lling\u00fc\u00edstica y Deporte,\u00a0<strong>Vanesa Guti\u00e9rrez<\/strong>, dieron-y a Ferla Meg\u00eda la estatua d\u2019un gallard\u00f3n que tami\u00e9n incl\u00fai\u00a0<strong>6.000 euros<\/strong>\u00a0en met\u00e1licu, la realizaci\u00f3n d\u2019un\u00a0<strong>videoclip\u00a0<\/strong>y participar dientro del circuitu\u00a0<strong>Autores nel Cam\u00edn.<\/strong><\/p>\n<p style=\"text-align: center\">\n<!-- iframe plugin v.6.0 wordpress.org\/plugins\/iframe\/ -->\n<iframe loading=\"lazy\" src=\"https:\/\/www.facebook.com\/plugins\/post.php?href=https%3A%2F%2Fwww.facebook.com%2Fphoto.php%3Ffbid%3D2949289741941009%26set%3Da.243374109199266%26type%3D3&#038;show_text=false&#038;width=500\" width=\"500\" height=\"709\" style=\"border:none;overflow:hidden\" scrolling=\"no\" frameborder=\"0\" allowfullscreen=\"true\" allow=\"autoplay; clipboard-write; encrypted-media; picture-in-picture; web-share\" 0=\"\/iframe\" class=\"iframe-class\"><\/iframe>\n<\/p>\n","protected":false},"excerpt":{"rendered":"<p>https:\/\/www.instagram.com\/p\/DAS7c9hM-8K TPA emite esti domingu la gala d&#8217;entrega del galard\u00f3n. La m\u00fasica conceptual de Ferla Meg\u00eda f\u00edxose anueche col Premiu Camaret\u00e1 al Meyor Cantar, al que tami\u00e9n optaben H\u00e9ctor Braga, Herbamora y Llibre. El premiu, convoc\u00e1u pol Princip\u00e1u para reconocer la creaci\u00f3n musical n&#8217;asturianu, ta dot\u00e1u con 6.000 euros.\u00a0 TPA emite esti domingu a les [&hellip;]<\/p>\n","protected":false},"author":117,"featured_media":0,"comment_status":"closed","ping_status":"open","sticky":false,"template":"","format":"standard","meta":{"footnotes":""},"categories":[35,125,58],"tags":[],"class_list":["post-61220","post","type-post","status-publish","format-standard","hentry","category-musica","category-musicasturiana-com","category-premios"],"_links":{"self":[{"href":"https:\/\/edublog.educastur.es\/ixuxu\/wp-json\/wp\/v2\/posts\/61220","targetHints":{"allow":["GET"]}}],"collection":[{"href":"https:\/\/edublog.educastur.es\/ixuxu\/wp-json\/wp\/v2\/posts"}],"about":[{"href":"https:\/\/edublog.educastur.es\/ixuxu\/wp-json\/wp\/v2\/types\/post"}],"author":[{"embeddable":true,"href":"https:\/\/edublog.educastur.es\/ixuxu\/wp-json\/wp\/v2\/users\/117"}],"replies":[{"embeddable":true,"href":"https:\/\/edublog.educastur.es\/ixuxu\/wp-json\/wp\/v2\/comments?post=61220"}],"version-history":[{"count":10,"href":"https:\/\/edublog.educastur.es\/ixuxu\/wp-json\/wp\/v2\/posts\/61220\/revisions"}],"predecessor-version":[{"id":61396,"href":"https:\/\/edublog.educastur.es\/ixuxu\/wp-json\/wp\/v2\/posts\/61220\/revisions\/61396"}],"wp:attachment":[{"href":"https:\/\/edublog.educastur.es\/ixuxu\/wp-json\/wp\/v2\/media?parent=61220"}],"wp:term":[{"taxonomy":"category","embeddable":true,"href":"https:\/\/edublog.educastur.es\/ixuxu\/wp-json\/wp\/v2\/categories?post=61220"},{"taxonomy":"post_tag","embeddable":true,"href":"https:\/\/edublog.educastur.es\/ixuxu\/wp-json\/wp\/v2\/tags?post=61220"}],"curies":[{"name":"wp","href":"https:\/\/api.w.org\/{rel}","templated":true}]}}