{"id":61228,"date":"2025-11-08T19:00:01","date_gmt":"2025-11-08T17:00:01","guid":{"rendered":"https:\/\/edublog.educastur.es\/ixuxu\/?p=61228"},"modified":"2025-11-08T23:32:21","modified_gmt":"2025-11-08T21:32:21","slug":"aciera-quiros-el-pueblu-asturianu-que-fai-la-competencia-a-vigo-en-navida","status":"publish","type":"post","link":"https:\/\/edublog.educastur.es\/ixuxu\/2025\/11\/aciera-quiros-el-pueblu-asturianu-que-fai-la-competencia-a-vigo-en-navida\/","title":{"rendered":"Aciera (Quir\u00f3s): El pueblu asturianu que fai la competencia a Vigo en Navid\u00e1"},"content":{"rendered":"<p><a href=\"https:\/\/www.lne.es\/asturias\/2025\/11\/04\/pueblo-37-habitantes-asturiano-competencia-123356816.html\">LNE<\/a> \/ El pueblu asturianu de 37 habitantes que fai la competencia a Vigo en Navid\u00e1: miles de lluces serpentean poles par\u00e9s de cases, horros, cocheres y cortes.<em>\u00a0 \u00abNun creo qu&#8217;haya neng\u00fan pueblu n&#8217;Asturies nel que tola xente decore l&#8217;esterior de les sos cases\u00bb.<\/em><\/p>\n<p style=\"text-align: center\"><a href=\"https:\/\/estaticos-cdn.prensaiberica.es\/clip\/7f5a00c1-d8fb-4261-be8c-75ca260f1c8e_16-9-discover-aspect-ratio_default_0.webp\"><img loading=\"lazy\" decoding=\"async\" class=\"aligncenter size-large\" src=\"https:\/\/estaticos-cdn.prensaiberica.es\/clip\/7f5a00c1-d8fb-4261-be8c-75ca260f1c8e_16-9-discover-aspect-ratio_default_0.webp\" width=\"1200\" height=\"675\" \/><\/a><\/p>\n<p>Si l&#8217;esp\u00edritu de la Navid\u00e1 consiste en compartir ilusiones y proyectos, Aciera (conceyu de Quir\u00f3s) ye&#8217;l pueblu m\u00e1s navidiegu del mundu. Estend\u00edes \u2013o m\u00e1s bien abigarraes\u2013 sobro la falda del macizu d&#8217;Ubi\u00f1a, les casi cincuenta viviendes d&#8217;esta localid\u00e1 compiten ente s\u00ed por convertir les fiestes navidiegues nun cantar a la sana vecind\u00e1, la imaxinaci\u00f3n y el bon gustu. \u00abNun creo qu&#8217;haya neng\u00fan pueblu n&#8217;Asturies nel que tola xente decore l&#8217;esterior de les sos cases\u00bb, comentaba un vec\u00edn a LNE.<a href=\"https:\/\/www.instagram.com\/reel\/Cl4lnkoKJj6\/?utm_source=ig_embed\"> Ver n&#8217;Instagram<\/a><\/p>\n<p><!--more--><\/p>\n<p>Xardinos, antoxanes, par\u00e9s, balcones, arcos de ventanes&#8230; Cualquier espaciu esternu ye afechu pa instalar decoraciones, lluces, figures, escenes&#8230; Nun se llibra la pervalible flota d&#8217;horros d&#8217;Aciera, ente ellos xuno de los m\u00e1s antiguos d&#8217;Asturies: de pies lleva m\u00e1s de 500 a\u00f1os.<\/p>\n<p>Aciera ta emplazado a unos 35 kil\u00f3metros d&#8217;Uvi\u00e9u, lo que se traduz n&#8217;otros tantos minutos de coche pa llegar. A unos cientos de metros, el banz\u00e1u de Valdemurio, escenariu veraniegu d&#8217;actividaes acu\u00e1tiques; y, al llau, El Llanu, see d&#8217;una escuela d&#8217;esguilada deportiva con muncho tir\u00f3n. De manera fixa moren nel llugar xuna docena de families.<\/p>\n<p>Pel branu, la poblaci\u00f3n multipl\u00edcase. L&#8217;asociaci\u00f3n vecinal axunta a unos 125 miembros. Dende va unos a\u00f1os, en Navid\u00e1, les estreches caleyes d&#8217;Aciera enllenense de visitantes qu&#8217;esfruten de cada rinc\u00f3n. Munchos repiten esperiencia, pos la decoraci\u00f3n va camudando a\u00f1u tres d&#8217;a\u00f1u, aumentando con nuevos motivos y distintes escenes.<\/p>\n<p>&nbsp;<\/p>\n<p>Esti pueblu tan activu cunta angua\u00f1o con un nuevu centru social que pertenez a l&#8217;asociaci\u00f3n de vecinos Canor Fandos, n&#8217;alcordanza d&#8217;un a\u00f1orado vec\u00edn y alcalde ped\u00e1neo. Un pueblu activu qu&#8217;a lo llargo del a\u00f1u realiza distintes actividaes l\u00fadiques como la fiesta de La Madre de Dios, un amag\u00fcestu o una bonitada, ente otres iniciatives. El chigre \u00abEl rinc\u00f3n d&#8217;Aciera\u00bb reabri\u00f3 dempu\u00e9s d&#8217;una temporada zarr\u00e1u, agora xestion\u00e1u por una pareya forana: un cocineru italianu y la so compa\u00f1era canaria.<\/p>\n","protected":false},"excerpt":{"rendered":"<p>LNE \/ El pueblu asturianu de 37 habitantes que fai la competencia a Vigo en Navid\u00e1: miles de lluces serpentean poles par\u00e9s de cases, horros, cocheres y cortes.\u00a0 \u00abNun creo qu&#8217;haya neng\u00fan pueblu n&#8217;Asturies nel que tola xente decore l&#8217;esterior de les sos cases\u00bb. Si l&#8217;esp\u00edritu de la Navid\u00e1 consiste en compartir ilusiones y proyectos, [&hellip;]<\/p>\n","protected":false},"author":117,"featured_media":0,"comment_status":"closed","ping_status":"open","sticky":false,"template":"","format":"standard","meta":{"footnotes":""},"categories":[81,22],"tags":[],"class_list":["post-61228","post","type-post","status-publish","format-standard","hentry","category-nadal","category-pueblos"],"_links":{"self":[{"href":"https:\/\/edublog.educastur.es\/ixuxu\/wp-json\/wp\/v2\/posts\/61228","targetHints":{"allow":["GET"]}}],"collection":[{"href":"https:\/\/edublog.educastur.es\/ixuxu\/wp-json\/wp\/v2\/posts"}],"about":[{"href":"https:\/\/edublog.educastur.es\/ixuxu\/wp-json\/wp\/v2\/types\/post"}],"author":[{"embeddable":true,"href":"https:\/\/edublog.educastur.es\/ixuxu\/wp-json\/wp\/v2\/users\/117"}],"replies":[{"embeddable":true,"href":"https:\/\/edublog.educastur.es\/ixuxu\/wp-json\/wp\/v2\/comments?post=61228"}],"version-history":[{"count":1,"href":"https:\/\/edublog.educastur.es\/ixuxu\/wp-json\/wp\/v2\/posts\/61228\/revisions"}],"predecessor-version":[{"id":61229,"href":"https:\/\/edublog.educastur.es\/ixuxu\/wp-json\/wp\/v2\/posts\/61228\/revisions\/61229"}],"wp:attachment":[{"href":"https:\/\/edublog.educastur.es\/ixuxu\/wp-json\/wp\/v2\/media?parent=61228"}],"wp:term":[{"taxonomy":"category","embeddable":true,"href":"https:\/\/edublog.educastur.es\/ixuxu\/wp-json\/wp\/v2\/categories?post=61228"},{"taxonomy":"post_tag","embeddable":true,"href":"https:\/\/edublog.educastur.es\/ixuxu\/wp-json\/wp\/v2\/tags?post=61228"}],"curies":[{"name":"wp","href":"https:\/\/api.w.org\/{rel}","templated":true}]}}