{"id":61240,"date":"2025-10-31T20:00:59","date_gmt":"2025-10-31T18:00:59","guid":{"rendered":"https:\/\/edublog.educastur.es\/ixuxu\/?p=61240"},"modified":"2025-11-08T23:49:39","modified_gmt":"2025-11-08T21:49:39","slug":"samain-nel-barriu-prau-de-la-vega-uvieu","status":"publish","type":"post","link":"https:\/\/edublog.educastur.es\/ixuxu\/2025\/10\/samain-nel-barriu-prau-de-la-vega-uvieu\/","title":{"rendered":"Sama\u00edn nel barriu Pr\u00e1u de la Vega (Uvi\u00e9u)"},"content":{"rendered":"<p>La fiesta del <span class=\"html-span xexx8yu xyri2b x18d9i69 x1c1uobl x1hl2dhg x16tdsg8 x1vvkbs x3nfvp2 x1j61x8r x1fcty0u xdj266r xat24cr xm2jcoa x1mpyi22 xxymvpz xlup9mm x1kky2od\"><img loading=\"lazy\" decoding=\"async\" class=\"xz74otr x15mokao x1ga7v0g x16uus16 xbiv7yw\" src=\"https:\/\/static.xx.fbcdn.net\/images\/emoji.php\/v9\/t86\/1\/16\/1f383.png\" alt=\"\ud83c\udf83\" width=\"16\" height=\"16\" \/><\/span> Sama\u00edn del pasau vienres, organiz\u00e1 pola <strong>Asociaci\u00f3n de vecinos del barriu<\/strong>, nel nuesu colexu. Semeyes bien guapes de <a href=\"https:\/\/www.lne.es\/fotos\/2025\/10\/31\/oviedo-celebra-halloween-123243030.html#foto=1\">Miki L\u00f3pez<\/a> <span class=\"html-span xexx8yu xyri2b x18d9i69 x1c1uobl x1hl2dhg x16tdsg8 x1vvkbs x3nfvp2 x1j61x8r x1fcty0u xdj266r xat24cr xm2jcoa x1mpyi22 xxymvpz xlup9mm x1kky2od\"><img loading=\"lazy\" decoding=\"async\" class=\"xz74otr x15mokao x1ga7v0g x16uus16 xbiv7yw\" src=\"https:\/\/static.xx.fbcdn.net\/images\/emoji.php\/v9\/tf9\/1\/16\/1f44f_1f3fb.png\" alt=\"\ud83d\udc4f\ud83c\udffb\" width=\"16\" height=\"16\" \/><\/span><span class=\"html-span xexx8yu xyri2b x18d9i69 x1c1uobl x1hl2dhg x16tdsg8 x1vvkbs x3nfvp2 x1j61x8r x1fcty0u xdj266r xat24cr xm2jcoa x1mpyi22 xxymvpz xlup9mm x1kky2od\"><img loading=\"lazy\" decoding=\"async\" class=\"xz74otr x15mokao x1ga7v0g x16uus16 xbiv7yw\" src=\"https:\/\/static.xx.fbcdn.net\/images\/emoji.php\/v9\/tf9\/1\/16\/1f44f_1f3fb.png\" alt=\"\ud83d\udc4f\ud83c\udffb\" width=\"16\" height=\"16\" \/> <a href=\"https:\/\/www.lne.es\/fotos\/2025\/10\/31\/oviedo-celebra-halloween-123243030.html#foto=1\">LNE<\/a><\/span><\/p>\n<p style=\"text-align: center\"><a href=\"https:\/\/estaticos-cdn.prensaiberica.es\/clip\/9e5d1bb6-f14c-4a67-8182-2f01688ea726_source-aspect-ratio_default_0.jpg\"><img loading=\"lazy\" decoding=\"async\" class=\"aligncenter size-large\" src=\"https:\/\/estaticos-cdn.prensaiberica.es\/clip\/9e5d1bb6-f14c-4a67-8182-2f01688ea726_source-aspect-ratio_default_0.jpg\" width=\"2000\" height=\"1333\" \/><\/a><\/p>\n<p>&nbsp;<\/p>\n<p><!--more--><a href=\"https:\/\/estaticos-cdn.prensaiberica.es\/clip\/e93e5967-5b89-41c0-8c12-43d5fb1083ae_source-aspect-ratio_default_0.jpg\"><img loading=\"lazy\" decoding=\"async\" class=\"aligncenter size-large\" src=\"https:\/\/estaticos-cdn.prensaiberica.es\/clip\/e93e5967-5b89-41c0-8c12-43d5fb1083ae_source-aspect-ratio_default_0.jpg\" width=\"2000\" height=\"1333\" \/><\/a><\/p>\n","protected":false},"excerpt":{"rendered":"<p>La fiesta del Sama\u00edn del pasau vienres, organiz\u00e1 pola Asociaci\u00f3n de vecinos del barriu, nel nuesu colexu. Semeyes bien guapes de Miki L\u00f3pez LNE &nbsp;<\/p>\n","protected":false},"author":117,"featured_media":0,"comment_status":"closed","ping_status":"open","sticky":false,"template":"","format":"standard","meta":{"footnotes":""},"categories":[64,97],"tags":[],"class_list":["post-61240","post","type-post","status-publish","format-standard","hentry","category-carmen-ruiz-tilve","category-samain"],"_links":{"self":[{"href":"https:\/\/edublog.educastur.es\/ixuxu\/wp-json\/wp\/v2\/posts\/61240","targetHints":{"allow":["GET"]}}],"collection":[{"href":"https:\/\/edublog.educastur.es\/ixuxu\/wp-json\/wp\/v2\/posts"}],"about":[{"href":"https:\/\/edublog.educastur.es\/ixuxu\/wp-json\/wp\/v2\/types\/post"}],"author":[{"embeddable":true,"href":"https:\/\/edublog.educastur.es\/ixuxu\/wp-json\/wp\/v2\/users\/117"}],"replies":[{"embeddable":true,"href":"https:\/\/edublog.educastur.es\/ixuxu\/wp-json\/wp\/v2\/comments?post=61240"}],"version-history":[{"count":1,"href":"https:\/\/edublog.educastur.es\/ixuxu\/wp-json\/wp\/v2\/posts\/61240\/revisions"}],"predecessor-version":[{"id":61241,"href":"https:\/\/edublog.educastur.es\/ixuxu\/wp-json\/wp\/v2\/posts\/61240\/revisions\/61241"}],"wp:attachment":[{"href":"https:\/\/edublog.educastur.es\/ixuxu\/wp-json\/wp\/v2\/media?parent=61240"}],"wp:term":[{"taxonomy":"category","embeddable":true,"href":"https:\/\/edublog.educastur.es\/ixuxu\/wp-json\/wp\/v2\/categories?post=61240"},{"taxonomy":"post_tag","embeddable":true,"href":"https:\/\/edublog.educastur.es\/ixuxu\/wp-json\/wp\/v2\/tags?post=61240"}],"curies":[{"name":"wp","href":"https:\/\/api.w.org\/{rel}","templated":true}]}}