{"id":61242,"date":"2025-11-09T08:30:58","date_gmt":"2025-11-09T06:30:58","guid":{"rendered":"https:\/\/edublog.educastur.es\/ixuxu\/?p=61242"},"modified":"2025-11-09T11:27:40","modified_gmt":"2025-11-09T09:27:40","slug":"el-tiempu-el-comercio-181","status":"publish","type":"post","link":"https:\/\/edublog.educastur.es\/ixuxu\/2025\/11\/el-tiempu-el-comercio-181\/","title":{"rendered":"El tiempu (El Comercio)"},"content":{"rendered":"<p style=\"text-align: center\"><a href=\"https:\/\/s1.ppllstatics.com\/elcomercio\/www\/multimedia\/2025\/11\/08\/prevision-tiempo-asturias-kb-U2302588077118HVD-1200x870@El%20Comercio.jpg\"><img loading=\"lazy\" decoding=\"async\" class=\"aligncenter size-large\" src=\"https:\/\/s1.ppllstatics.com\/elcomercio\/www\/multimedia\/2025\/11\/08\/prevision-tiempo-asturias-kb-U2302588077118HVD-1200x870@El%20Comercio.jpg\" width=\"1200\" height=\"870\" \/><\/a><\/p>\n<p>Vamos encarar una xornada marcada pola estabilid\u00e1 casi na so totalid\u00e1, sacante delles ag\u00fces que van entrar pel oeste a \u00faltima hora de la tarde.<strong> Pela ma\u00f1ana<\/strong> prevense intervalos de nubes altes a lo sumo ensin posibilid\u00e1 dalguna de precipitaciones. <strong>Mientres les primeres hores de la tarde<\/strong> tami\u00e9n va siguir el tiempu estable anque vamos reparar la presencia tami\u00e9n de nubes de tipu medio. <strong>Al anochecer<\/strong>, la nubosidad nel oeste asturianu va ser m\u00e1s compacta y va dexar precipitaciones que van dir percorriendo la rex\u00f3n en direcci\u00f3n esti pero, conforme vaigan movi\u00e9ndose, van dir perdiendo fuerza y van llegar y\u00e1 bien foliaes al sector central del Princip\u00e1u. <strong>Estes ag\u00fces<\/strong> van tar acomu\u00f1aes a un frente fr\u00edu que va entrar viviegamente per Galicia pero se va dir debilitando hasta quedar como frente poco activu y ye polo qu&#8217;a la fin nun va acabar dexando precipitaciones en toa nuesa Comunid\u00e1 Aut\u00f3noma.<strong> Los vientos<\/strong> van soplar de sur-suroeste con intensid\u00e1 moderada nel cordal y nel terciu occidental. Nel restu, van ser vientos fluexos polo xeneral.<strong> Les temperatures m\u00e1ximes<\/strong> van xubir llixeramente nel interior y apenes van esperimentar cambeos respecto al s\u00e1badu na mari\u00f1a. <strong>Les m\u00ednimes<\/strong>, s\u00eda que non, van baxar bien llixeramente de forma local.<\/p>\n<p>El llunes vamos empezar la selmana con tiempu estable, vientos moderaos de suroeste y temperatures a l&#8217;alza, sobremanera les m\u00ednimes.<\/p>\n","protected":false},"excerpt":{"rendered":"<p>Vamos encarar una xornada marcada pola estabilid\u00e1 casi na so totalid\u00e1, sacante delles ag\u00fces que van entrar pel oeste a \u00faltima hora de la tarde. Pela ma\u00f1ana prevense intervalos de nubes altes a lo sumo ensin posibilid\u00e1 dalguna de precipitaciones. Mientres les primeres hores de la tarde tami\u00e9n va siguir el tiempu estable anque vamos [&hellip;]<\/p>\n","protected":false},"author":117,"featured_media":0,"comment_status":"closed","ping_status":"open","sticky":false,"template":"","format":"standard","meta":{"footnotes":""},"categories":[5],"tags":[],"class_list":["post-61242","post","type-post","status-publish","format-standard","hentry","category-tiempu"],"_links":{"self":[{"href":"https:\/\/edublog.educastur.es\/ixuxu\/wp-json\/wp\/v2\/posts\/61242","targetHints":{"allow":["GET"]}}],"collection":[{"href":"https:\/\/edublog.educastur.es\/ixuxu\/wp-json\/wp\/v2\/posts"}],"about":[{"href":"https:\/\/edublog.educastur.es\/ixuxu\/wp-json\/wp\/v2\/types\/post"}],"author":[{"embeddable":true,"href":"https:\/\/edublog.educastur.es\/ixuxu\/wp-json\/wp\/v2\/users\/117"}],"replies":[{"embeddable":true,"href":"https:\/\/edublog.educastur.es\/ixuxu\/wp-json\/wp\/v2\/comments?post=61242"}],"version-history":[{"count":1,"href":"https:\/\/edublog.educastur.es\/ixuxu\/wp-json\/wp\/v2\/posts\/61242\/revisions"}],"predecessor-version":[{"id":61243,"href":"https:\/\/edublog.educastur.es\/ixuxu\/wp-json\/wp\/v2\/posts\/61242\/revisions\/61243"}],"wp:attachment":[{"href":"https:\/\/edublog.educastur.es\/ixuxu\/wp-json\/wp\/v2\/media?parent=61242"}],"wp:term":[{"taxonomy":"category","embeddable":true,"href":"https:\/\/edublog.educastur.es\/ixuxu\/wp-json\/wp\/v2\/categories?post=61242"},{"taxonomy":"post_tag","embeddable":true,"href":"https:\/\/edublog.educastur.es\/ixuxu\/wp-json\/wp\/v2\/tags?post=61242"}],"curies":[{"name":"wp","href":"https:\/\/api.w.org\/{rel}","templated":true}]}}