{"id":61248,"date":"2025-11-07T18:05:41","date_gmt":"2025-11-07T16:05:41","guid":{"rendered":"https:\/\/edublog.educastur.es\/ixuxu\/?p=61248"},"modified":"2025-11-09T11:48:06","modified_gmt":"2025-11-09T09:48:06","slug":"xvii-camareta-al-meyor-cantar-2025","status":"publish","type":"post","link":"https:\/\/edublog.educastur.es\/ixuxu\/2025\/11\/xvii-camareta-al-meyor-cantar-2025\/","title":{"rendered":"XVII Camaret\u00e1 al meyor cantar 2025"},"content":{"rendered":"<p>Esta tarde de vienres 7 de payares va decidise&#8217;l <strong>XVII Camaret\u00e1 al meyor cantar<\/strong> nel Teatru Vital Aza de La Pola (L.lena), coles actuaciones en directo d&#8217;H\u00e9ctor Braga, Herbamora, Ferla Meg\u00eda y L\u00efbre; y La Bonturn\u00e9 como ganadores de la edici\u00f3n anterior. La gala va poder vese en TPA esti domingu 9 dende les 21:45.<\/p>\n<p style=\"text-align: center\">\n<!-- iframe plugin v.6.0 wordpress.org\/plugins\/iframe\/ -->\n<iframe loading=\"lazy\" src=\"https:\/\/www.facebook.com\/plugins\/video.php?height=316&#038;href=https%3A%2F%2Fwww.facebook.com%2Freel%2F1519225662722212%2F&#038;show_text=false&#038;width=560&#038;t=0\" width=\"560\" height=\"316\" style=\"border:none;overflow:hidden\" scrolling=\"no\" frameborder=\"0\" allowfullscreen=\"true\" allow=\"autoplay; clipboard-write; encrypted-media; picture-in-picture; web-share\" 0=\"\/iframe\" class=\"iframe-class\"><\/iframe>\n<\/p>\n","protected":false},"excerpt":{"rendered":"<p>Esta tarde de vienres 7 de payares va decidise&#8217;l XVII Camaret\u00e1 al meyor cantar nel Teatru Vital Aza de La Pola (L.lena), coles actuaciones en directo d&#8217;H\u00e9ctor Braga, Herbamora, Ferla Meg\u00eda y L\u00efbre; y La Bonturn\u00e9 como ganadores de la edici\u00f3n anterior. La gala va poder vese en TPA esti domingu 9 dende les 21:45.<\/p>\n","protected":false},"author":117,"featured_media":0,"comment_status":"closed","ping_status":"open","sticky":false,"template":"","format":"standard","meta":{"footnotes":""},"categories":[35,125,58],"tags":[],"class_list":["post-61248","post","type-post","status-publish","format-standard","hentry","category-musica","category-musicasturiana-com","category-premios"],"_links":{"self":[{"href":"https:\/\/edublog.educastur.es\/ixuxu\/wp-json\/wp\/v2\/posts\/61248","targetHints":{"allow":["GET"]}}],"collection":[{"href":"https:\/\/edublog.educastur.es\/ixuxu\/wp-json\/wp\/v2\/posts"}],"about":[{"href":"https:\/\/edublog.educastur.es\/ixuxu\/wp-json\/wp\/v2\/types\/post"}],"author":[{"embeddable":true,"href":"https:\/\/edublog.educastur.es\/ixuxu\/wp-json\/wp\/v2\/users\/117"}],"replies":[{"embeddable":true,"href":"https:\/\/edublog.educastur.es\/ixuxu\/wp-json\/wp\/v2\/comments?post=61248"}],"version-history":[{"count":1,"href":"https:\/\/edublog.educastur.es\/ixuxu\/wp-json\/wp\/v2\/posts\/61248\/revisions"}],"predecessor-version":[{"id":61249,"href":"https:\/\/edublog.educastur.es\/ixuxu\/wp-json\/wp\/v2\/posts\/61248\/revisions\/61249"}],"wp:attachment":[{"href":"https:\/\/edublog.educastur.es\/ixuxu\/wp-json\/wp\/v2\/media?parent=61248"}],"wp:term":[{"taxonomy":"category","embeddable":true,"href":"https:\/\/edublog.educastur.es\/ixuxu\/wp-json\/wp\/v2\/categories?post=61248"},{"taxonomy":"post_tag","embeddable":true,"href":"https:\/\/edublog.educastur.es\/ixuxu\/wp-json\/wp\/v2\/tags?post=61248"}],"curies":[{"name":"wp","href":"https:\/\/api.w.org\/{rel}","templated":true}]}}