{"id":61330,"date":"2025-11-10T08:44:07","date_gmt":"2025-11-10T06:44:07","guid":{"rendered":"https:\/\/edublog.educastur.es\/ixuxu\/?p=61330"},"modified":"2025-11-10T12:56:17","modified_gmt":"2025-11-10T10:56:17","slug":"el-tiempu-el-comercio-182","status":"publish","type":"post","link":"https:\/\/edublog.educastur.es\/ixuxu\/2025\/11\/el-tiempu-el-comercio-182\/","title":{"rendered":"El tiempu (El Comercio)"},"content":{"rendered":"<p style=\"text-align: center\"><a href=\"https:\/\/s2.ppllstatics.com\/elcomercio\/www\/multimedia\/2025\/11\/09\/prevision-tiempo-asturias-kWxD-U2302588077118HVD-1200x870@El%20Comercio.jpg\"><img loading=\"lazy\" decoding=\"async\" class=\"aligncenter size-large\" src=\"https:\/\/s2.ppllstatics.com\/elcomercio\/www\/multimedia\/2025\/11\/09\/prevision-tiempo-asturias-kWxD-U2302588077118HVD-1200x870@El%20Comercio.jpg\" width=\"1200\" height=\"870\" \/><\/a><\/p>\n<p>Empezamos <strong>una selmana na que va venir marcada<\/strong> por xornaes de fuertes vientos que van consiguir que les temperatures van ser prestoses. Enagora, nam\u00e1 prevense vientos con intensid\u00e1 moderada de suroeste tantu nel cordal como nel sector occidental, ente que nel restu van ser fluexos. <strong>Nos cielos<\/strong> vamos reparar nubes de tipu mediu y alto con escasa probabilid\u00e1 de precipitaciones pero que, s\u00eda que non, nun se refuga que pueda escapase dalg\u00fan bastiu nel sur del Princip\u00e1u. <strong>Les temperatures m\u00e1ximes<\/strong> van ser bien similares a les del domingu, pudiendo nam\u00e1 baxar un pocu nel cordal. <strong>Les m\u00ednimes<\/strong>, sicas\u00ed, van xubir de forma xeneralizada y notable.<\/p>\n<p><!--more--><\/p>\n<p>Nel suroeste hasta 8 \u00baC m\u00e1s, nel restu del interior hasta 5 \u00baC, y en mari\u00f1a y proximidaes hasta 3 o 4 \u00baC m\u00e1s.<\/p>\n<p><strong>El martes<\/strong> s\u00ed que vamos empezar a notar un aumentu na intensid\u00e1 de los vientos cuidao que y\u00e1 van poder ser localmente fuertes nel cordal y zones del oeste asturianu, con posibilid\u00e1 de que forma puntual puedan tami\u00e9n dase n&#8217;otros puntos de la Comunid\u00e1 Aut\u00f3noma. Mientres tola segunda met\u00e1 del d\u00eda, va tar activ\u00e1u l&#8217;avisu mariellu nel cordal por raches m\u00e1ximes de 90 km\/h.<\/p>\n<p><strong>Pal mi\u00e9rcoles<\/strong> les raches podr\u00eden llegar a superar los 110 o 120 km\/h en zones altes de monte. Les temperatures claramente van tender a l&#8217;alza tantu&#8217;l martes como&#8217;l mi\u00e9rcoles.<\/p>\n","protected":false},"excerpt":{"rendered":"<p>Empezamos una selmana na que va venir marcada por xornaes de fuertes vientos que van consiguir que les temperatures van ser prestoses. Enagora, nam\u00e1 prevense vientos con intensid\u00e1 moderada de suroeste tantu nel cordal como nel sector occidental, ente que nel restu van ser fluexos. Nos cielos vamos reparar nubes de tipu mediu y alto [&hellip;]<\/p>\n","protected":false},"author":117,"featured_media":0,"comment_status":"closed","ping_status":"open","sticky":false,"template":"","format":"standard","meta":{"footnotes":""},"categories":[5],"tags":[],"class_list":["post-61330","post","type-post","status-publish","format-standard","hentry","category-tiempu"],"_links":{"self":[{"href":"https:\/\/edublog.educastur.es\/ixuxu\/wp-json\/wp\/v2\/posts\/61330","targetHints":{"allow":["GET"]}}],"collection":[{"href":"https:\/\/edublog.educastur.es\/ixuxu\/wp-json\/wp\/v2\/posts"}],"about":[{"href":"https:\/\/edublog.educastur.es\/ixuxu\/wp-json\/wp\/v2\/types\/post"}],"author":[{"embeddable":true,"href":"https:\/\/edublog.educastur.es\/ixuxu\/wp-json\/wp\/v2\/users\/117"}],"replies":[{"embeddable":true,"href":"https:\/\/edublog.educastur.es\/ixuxu\/wp-json\/wp\/v2\/comments?post=61330"}],"version-history":[{"count":1,"href":"https:\/\/edublog.educastur.es\/ixuxu\/wp-json\/wp\/v2\/posts\/61330\/revisions"}],"predecessor-version":[{"id":61331,"href":"https:\/\/edublog.educastur.es\/ixuxu\/wp-json\/wp\/v2\/posts\/61330\/revisions\/61331"}],"wp:attachment":[{"href":"https:\/\/edublog.educastur.es\/ixuxu\/wp-json\/wp\/v2\/media?parent=61330"}],"wp:term":[{"taxonomy":"category","embeddable":true,"href":"https:\/\/edublog.educastur.es\/ixuxu\/wp-json\/wp\/v2\/categories?post=61330"},{"taxonomy":"post_tag","embeddable":true,"href":"https:\/\/edublog.educastur.es\/ixuxu\/wp-json\/wp\/v2\/tags?post=61330"}],"curies":[{"name":"wp","href":"https:\/\/api.w.org\/{rel}","templated":true}]}}