{"id":61344,"date":"2025-11-11T09:00:16","date_gmt":"2025-11-11T07:00:16","guid":{"rendered":"https:\/\/edublog.educastur.es\/ixuxu\/?p=61344"},"modified":"2025-11-23T21:38:26","modified_gmt":"2025-11-23T19:38:26","slug":"dia-de-les-llibreries-2","status":"publish","type":"post","link":"https:\/\/edublog.educastur.es\/ixuxu\/2025\/11\/dia-de-les-llibreries-2\/","title":{"rendered":"D\u00eda de les Llibrer\u00edes"},"content":{"rendered":"<ul>\n<li>Maria Altuna (<span class=\"html-span xdj266r x14z9mp xat24cr x1lziwak xexx8yu xyri2b x18d9i69 x1c1uobl x1hl2dhg x16tdsg8 x1vvkbs\"><a class=\"x1i10hfl xjbqb8w x1ejq31n x18oe1m7 x1sy0etr xstzfhl x972fbf x10w94by x1qhh985 x14e42zd x9f619 x1ypdohk xt0psk2 x3ct3a4 xdj266r x14z9mp xat24cr x1lziwak xexx8yu xyri2b x18d9i69 x1c1uobl x16tdsg8 x1hl2dhg xggy1nq x1a2a7pz xkrqix3 x1sur9pj x1fey0fg x1s688f\" role=\"link\" href=\"https:\/\/www.facebook.com\/marialtunalizarraga?__cft__[0]=AZVWkR9quKJMk6fIJMG9u8LF7l2L7WfRxLprlIX4y5lAwLs14e6DxGUMiiQaTn8BrtbV5V2sx506EVC4JsQbkG_MGYLebjJec3TIcvdvMupAQJA4jGKYOdvjxA17Usy8gCfOL_gTjUBzQXcZuAZ8QD9M__3PpyeWd6ZoslT2HBDuhqmCIy1B_ylfa5VBZtWqGwqj7pg5sij-_bwtKRmN4SRC&amp;__tn__=-]K-y-R\"><span class=\"xt0psk2\"><span class=\"xjp7ctv\">Maria Altuna Lizarraga<\/span><\/span><\/a><\/span>) <a href=\"https:\/\/www.marialtunalizarraga.com\/\">Web<\/a> \/ <a href=\"https:\/\/www.instagram.com\/marialtunalizarraga\/?hl=es\">Instagram<\/a> \/ <a href=\"https:\/\/drive.google.com\/drive\/folders\/17HrhDiHZozFI8FEp12UKaiPTafxY0iT_\">videu<\/a> \/<\/li>\n<\/ul>\n<p>Nel D\u00eda de les Llibrer\u00edes este ye&#8217;l guapu cartelu realiz\u00e1u por Maria Altuna d&#8217;angua\u00f1o: <span style=\"color: #008080\"><em><strong>\u00abF\u00e1ennos floriar\u00bb.<\/strong><\/em><a href=\"https:\/\/drive.google.com\/drive\/folders\/17HrhDiHZozFI8FEp12UKaiPTafxY0iT_?usp=sharing\"> Material gr\u00e1ficu<\/a><em><strong> \/ <\/strong><a href=\"https:\/\/www.cegal.es\/dia-de-las-librerias-2025\/\">Web<\/a><\/em><\/span><\/p>\n<p style=\"text-align: center\"><a href=\"https:\/\/www.cegal.es\/wp-content\/uploads\/2025\/10\/DIA-DE-LAS-LIBRERIAS-2025-cast-scaled.jpg\"><img loading=\"lazy\" decoding=\"async\" class=\"aligncenter \" src=\"https:\/\/www.cegal.es\/wp-content\/uploads\/2025\/10\/DIA-DE-LAS-LIBRERIAS-2025-cast-scaled.jpg\" width=\"566\" height=\"800\" \/><\/a><\/p>\n<p><span style=\"color: #008080\"><em>\u00abNesti D\u00eda de les Llibrer\u00edes celebramos estos espacios que nos conviden a lleer, afayar y atopanos. Gracies al trabayu de les llibreres y los llibreros, que con paciencia y dedicaci\u00f3n rieguen hestories, idees y sua\u00f1os, la imaxinaci\u00f3n crez y faen floriar a tola comunid\u00e1 llectora. Cada hestoria na llibrer\u00eda enci\u00e9ndese como una luci\u00e9rnaga qu&#8217;alluma l&#8217;inter\u00e9s y el des\u00e9u d&#8217;aprender\u00bb.<\/em><\/span><\/p>\n<div class=\"html-div xdj266r x14z9mp xat24cr x1lziwak xexx8yu xyri2b x18d9i69 x1c1uobl\" dir=\"auto\">\n<div class=\"html-div xdj266r x14z9mp xat24cr x1lziwak xexx8yu xyri2b x18d9i69 x1c1uobl\" dir=\"auto\">\n<div class=\"html-div xdj266r x14z9mp xat24cr x1lziwak xexx8yu xyri2b x18d9i69 x1c1uobl\" data-ad-rendering-role=\"story_message\">\n<div class=\"x1l90r2v x1iorvi4 x1g0dm76 xpdmqnj\" data-ad-comet-preview=\"message\" data-ad-preview=\"message\">\n<div class=\"x78zum5 xdt5ytf xz62fqu x16ldp7u\">\n<div class=\"xu06os2 x1ok221b\">\n<div class=\"html-div xdj266r x14z9mp xat24cr x1lziwak xexx8yu xyri2b x18d9i69 x1c1uobl\">\n<div class=\"xdj266r x14z9mp xat24cr x1lziwak x1vvkbs x126k92a\">\n<div dir=\"auto\" style=\"text-align: center\"><\/div>\n<div dir=\"auto\" style=\"text-align: center\"><span style=\"color: #800080\"><em><span style=\"font-size: 28px\">\u201cLa llibert\u00e1 ye una llibrer\u00eda\u201d. <\/span><\/em><\/span><\/div>\n<div dir=\"auto\" style=\"text-align: center\">Joan Margarit<\/div>\n<\/div>\n<\/div>\n<\/div>\n<\/div>\n<\/div>\n<\/div>\n<\/div>\n<\/div>\n<p><!--more--><\/p>\n<p style=\"text-align: center\"><span class=\"x193iq5w xeuugli x13faqbe x1vvkbs xt0psk2 x1i0vuye xvs91rp xo1l8bm x5n08af x10wh9bi xpm28yp x8viiok x1o7cslx x126k92a\"><span class=\"html-span xexx8yu x4uap5 x18d9i69 xkhd6sd x1hl2dhg x16tdsg8 x1vvkbs x3nfvp2 x1j61x8r x1fcty0u xdj266r xat24cr xgzva0m xhhsvwb xxymvpz xlup9mm x1kky2od\">\n<!-- iframe plugin v.6.0 wordpress.org\/plugins\/iframe\/ -->\n<iframe loading=\"lazy\" src=\"https:\/\/www.instagram.com\/reel\/DPQ8usGDX0d\/embed\" width=\"500\" height=\"595\" 0=\"\/iframe\" scrolling=\"yes\" class=\"iframe-class\" frameborder=\"0\"><\/iframe>\n<\/span><\/span><\/p>\n<p style=\"text-align: center\">\n<!-- iframe plugin v.6.0 wordpress.org\/plugins\/iframe\/ -->\n<iframe loading=\"lazy\" src=\"https:\/\/www.facebook.com\/plugins\/post.php?href=https%3A%2F%2Fwww.facebook.com%2FEdicionesElNaranjo.Oficial%2Fposts%2Fpfbid02Mk4qoDDTWCpff5UiYFag22DiikoTQ3RsaNd8XfGKzsznfKwUCNkAF8nakmf65poMl&#038;show_text=false&#038;width=500\" width=\"500\" height=\"498\" style=\"border:none;overflow:hidden\" scrolling=\"no\" frameborder=\"0\" allowfullscreen=\"true\" allow=\"autoplay; clipboard-write; encrypted-media; picture-in-picture; web-share\" 0=\"\/iframe\" class=\"iframe-class\"><\/iframe>\n<\/p>\n<p style=\"text-align: center\">\n<!-- iframe plugin v.6.0 wordpress.org\/plugins\/iframe\/ -->\n<iframe loading=\"lazy\" src=\"https:\/\/www.facebook.com\/plugins\/post.php?href=https%3A%2F%2Fwww.facebook.com%2FNomadasDeLosCuentos%2Fposts%2Fpfbid032UJjQyZPxiTqpy4LcXggJVEoNaNtc2efGpvsCEP1gnuJnTsMucpKaGPfy5fTNkZol&#038;show_text=false&#038;width=500\" width=\"500\" height=\"496\" style=\"border:none;overflow:hidden\" scrolling=\"no\" frameborder=\"0\" allowfullscreen=\"true\" allow=\"autoplay; clipboard-write; encrypted-media; picture-in-picture; web-share\" 0=\"\/iframe\" class=\"iframe-class\"><\/iframe>\n<\/p>\n","protected":false},"excerpt":{"rendered":"<p>Maria Altuna (Maria Altuna Lizarraga) Web \/ Instagram \/ videu \/ Nel D\u00eda de les Llibrer\u00edes este ye&#8217;l guapu cartelu realiz\u00e1u por Maria Altuna d&#8217;angua\u00f1o: \u00abF\u00e1ennos floriar\u00bb. Material gr\u00e1ficu \/ Web \u00abNesti D\u00eda de les Llibrer\u00edes celebramos estos espacios que nos conviden a lleer, afayar y atopanos. Gracies al trabayu de les llibreres y los [&hellip;]<\/p>\n","protected":false},"author":117,"featured_media":0,"comment_status":"closed","ping_status":"open","sticky":false,"template":"","format":"standard","meta":{"footnotes":""},"categories":[214,6],"tags":[],"class_list":["post-61344","post","type-post","status-publish","format-standard","hentry","category-cartelos","category-dia-de"],"_links":{"self":[{"href":"https:\/\/edublog.educastur.es\/ixuxu\/wp-json\/wp\/v2\/posts\/61344","targetHints":{"allow":["GET"]}}],"collection":[{"href":"https:\/\/edublog.educastur.es\/ixuxu\/wp-json\/wp\/v2\/posts"}],"about":[{"href":"https:\/\/edublog.educastur.es\/ixuxu\/wp-json\/wp\/v2\/types\/post"}],"author":[{"embeddable":true,"href":"https:\/\/edublog.educastur.es\/ixuxu\/wp-json\/wp\/v2\/users\/117"}],"replies":[{"embeddable":true,"href":"https:\/\/edublog.educastur.es\/ixuxu\/wp-json\/wp\/v2\/comments?post=61344"}],"version-history":[{"count":9,"href":"https:\/\/edublog.educastur.es\/ixuxu\/wp-json\/wp\/v2\/posts\/61344\/revisions"}],"predecessor-version":[{"id":62247,"href":"https:\/\/edublog.educastur.es\/ixuxu\/wp-json\/wp\/v2\/posts\/61344\/revisions\/62247"}],"wp:attachment":[{"href":"https:\/\/edublog.educastur.es\/ixuxu\/wp-json\/wp\/v2\/media?parent=61344"}],"wp:term":[{"taxonomy":"category","embeddable":true,"href":"https:\/\/edublog.educastur.es\/ixuxu\/wp-json\/wp\/v2\/categories?post=61344"},{"taxonomy":"post_tag","embeddable":true,"href":"https:\/\/edublog.educastur.es\/ixuxu\/wp-json\/wp\/v2\/tags?post=61344"}],"curies":[{"name":"wp","href":"https:\/\/api.w.org\/{rel}","templated":true}]}}