{"id":61356,"date":"2025-11-11T13:04:57","date_gmt":"2025-11-11T11:04:57","guid":{"rendered":"https:\/\/edublog.educastur.es\/ixuxu\/?p=61356"},"modified":"2025-11-12T13:10:04","modified_gmt":"2025-11-12T11:10:04","slug":"cultura-entama-la-tercer-muestra-dartes-esceniques-escena-en-rede","status":"publish","type":"post","link":"https:\/\/edublog.educastur.es\/ixuxu\/2025\/11\/cultura-entama-la-tercer-muestra-dartes-esceniques-escena-en-rede\/","title":{"rendered":"Cultura entama la tercer muestra d\u2019artes esc\u00e9niques Escena en Rede"},"content":{"rendered":"<p style=\"text-align: center\"><a href=\"https:\/\/actualidad.asturias.es\/documents\/537115\/2914688\/escena+rede.jpg\/01f6c62d-f46a-aa02-2651-0d72d0346514?t=1762778623551\"><img loading=\"lazy\" decoding=\"async\" class=\"aligncenter \" src=\"https:\/\/actualidad.asturias.es\/documents\/537115\/2914688\/escena+rede.jpg\/01f6c62d-f46a-aa02-2651-0d72d0346514?t=1762778623551\" width=\"581\" height=\"310\" \/><\/a><\/p>\n<div class=\"description\">Cultura entama la tercer muestra d\u2019artes esc\u00e9niques Esc<a href=\"https:\/\/actualidad.asturias.es\/-\/once-compa%C3%B1%C3%ADas-asturianas-exhibir%C3%A1n-sus-producciones-en-la-tercera-muestra-de-artes-esc%C3%A9nicas-que-organiza-el-principado-en-laboral-ciudad-de-la-cultura?redirect=%2Fnoticias\"><strong>ena en Rede del 24 al 27 de payares en Llaboral Ciud\u00e1 de la Cultura. Actualid\u00e1<\/strong> <\/a>\/ <strong>Les inscripciones pueden facese hasta\u2019l 20 de payares que vien, a les 14:00 hores, al travi\u00e9s del formulariu disponible na web <a href=\"http:\/\/escenaenrede.asturiesculturaenrede.es\/\" target=\"_blank\" rel=\"noopener\">escenaenrede.asturiesculturaenrede.es <\/a><\/strong><strong>Los 11 espect\u00e1culos t\u00e1n abiertos tanto al p\u00fablicu profesional como a lo xeneral, con entrada llibre hasta enllenar aforu.<\/strong><\/div>\n<div class=\"description\"><!--more--><br \/>\nLa Conseyer\u00eda de Cultura, Pol\u00edtica Lling\u00fc\u00edstica y Deporte entama, cola collaboraci\u00f3n de l\u2019<strong>Asociaci\u00f3n d\u2019Empreses d\u2019Artes Esc\u00e9niques d\u2019Asturies (EscenAsturies)<\/strong>, la tercer edici\u00f3n de la Muestra d\u2019Artes Esc\u00e9niques Escena en Rede del 24 al 27 de payares en Llaboral Ciud\u00e1 de la Cultura<br \/>\nMeses redondes, alcuentros, talleres formativos y una muestra d\u2019espect\u00e1culos conformen la programaci\u00f3n d\u2019esta muestra sectorial que busca ser un puntu d\u2019alcuentru profesional y comercial pa compa\u00f1\u00edes y artistes asturianos, programadores y instituciones, am\u00e1s de dinamizar el sector de les artes esc\u00e9niques del Princip\u00e1u, xenerando espacios pal debate y la reflex\u00f3n.Nel marcu d\u2019Escena en Rede va analizase al travi\u00e9s de les meses de debate c\u00f3mo les compa\u00f1\u00edes privaes faen proyectos de programaci\u00f3n, los criterios al tiempu de programar o la utilid\u00e1 de les feries na periferia. Va haber dos alcuentros profesionales y talleres sobre Incentivos fiscales y financiamientu alternativu pa les artes esc\u00e9niques, sobre Mediaci\u00f3n de la disciplina de danza y sobre Otres estratexes y recursos pal financiamientu de les artes esc\u00e9niques: el patrociniu priv\u00e1u.Am\u00e1s el Teatru de la Llaboral, el Teatru\u00a0<em>Alejandro Casona<\/em>\u00a0de la ESAD, la sala 1, les Cocines Vieyes o los esteriores de la Ciud\u00e1 de la Cultura van ser los escenarios de 11 producciones de compa\u00f1\u00edes asturianes:\u00a0<em>Formigues<\/em>\u00a0d\u2019Elektrafiktion, L<em>eporem oblivionis o el encanto de olvidar\u00a0<\/em>de Meraki C\u00eda,\u00a0<em>Atra Bilis\u00a0<\/em>de S\u00f3tano B,\u00a0<em>Bauh\u00a0<\/em>de Proyecto Piloto,\u00a0<em>Perendi<\/em>\u00a0de La Compa\u00f1\u00eda del Alba,\u00a0<em>Cu\u00e9\u00a0<\/em>de Mar Rojo Teatro,<em>\u00a0Julieta en verano<\/em>\u00a0de Proyecto Julieta,\u00a0<em>Las embotelladoras de sue\u00f1os<\/em>\u00a0d\u2019Hipn\u00f3tica Circo Teatro,\u00a0<em>La Regenta<\/em>\u00a0de Kamante Teatro,\u00a0<em>Malaika\u00a0<\/em>de La Sonrisa del Lagarto y\u00a0<em>Postales Rotas\u00a0<\/em>de Zig Zag Danza. Como noved\u00e1 nesta edici\u00f3n, va cuntase cola participaci\u00f3n d\u2019una compa\u00f1\u00eda convidada de Cantabria, Ruido Interno, que va poner n\u2019escena\u00a0<em>Cervantes Encantado.<\/em><\/p>\n<p>El plazu d\u2019inscripci\u00f3n pa participar nes actividaes profesionales de la muestra y\u00e1 ta abiertu. Les inscripciones pueden facese hasta\u2019l 20 de payares que vien, a les 14:00 hores, al travi\u00e9s del formulariu disponible na web\u00a0<a href=\"http:\/\/escenaenrede.asturiesculturaenrede.es\/\" target=\"_blank\" rel=\"noopener\">escenaenrede.asturiesculturaenrede.es<\/a>. Los espect\u00e1culos, con aforu limit\u00e1u, t\u00e1n abiertos tanto al p\u00fablicu profesional como a lo xeneral, con entrada llibre hasta enllenar aforu.<\/p>\n<\/div>\n<div class=\"contenido-article documentacion\">\n<ul>\n<li><a class=\"pdf\" title=\"Programa 'Escena en Rede' (asturiano). Abre una nueva ventana\" href=\"https:\/\/actualidad.asturias.es\/documents\/533407\/0\/programa+asturiano.pdf\/a39231bf-f7d8-514f-ceec-facd5466c49c?t=1762778583180\" target=\"_blank\" rel=\"noopener\">\u00a0Programa &#8216;Escena en Rede&#8217; (asturiano)<\/a><\/li>\n<\/ul>\n<\/div>\n","protected":false},"excerpt":{"rendered":"<p>Cultura entama la tercer muestra d\u2019artes esc\u00e9niques Escena en Rede del 24 al 27 de payares en Llaboral Ciud\u00e1 de la Cultura. Actualid\u00e1 \/ Les inscripciones pueden facese hasta\u2019l 20 de payares que vien, a les 14:00 hores, al travi\u00e9s del formulariu disponible na web escenaenrede.asturiesculturaenrede.es Los 11 espect\u00e1culos t\u00e1n abiertos tanto al p\u00fablicu profesional [&hellip;]<\/p>\n","protected":false},"author":117,"featured_media":0,"comment_status":"closed","ping_status":"open","sticky":false,"template":"","format":"standard","meta":{"footnotes":""},"categories":[1],"tags":[],"class_list":["post-61356","post","type-post","status-publish","format-standard","hentry","category-sin-categoria"],"_links":{"self":[{"href":"https:\/\/edublog.educastur.es\/ixuxu\/wp-json\/wp\/v2\/posts\/61356","targetHints":{"allow":["GET"]}}],"collection":[{"href":"https:\/\/edublog.educastur.es\/ixuxu\/wp-json\/wp\/v2\/posts"}],"about":[{"href":"https:\/\/edublog.educastur.es\/ixuxu\/wp-json\/wp\/v2\/types\/post"}],"author":[{"embeddable":true,"href":"https:\/\/edublog.educastur.es\/ixuxu\/wp-json\/wp\/v2\/users\/117"}],"replies":[{"embeddable":true,"href":"https:\/\/edublog.educastur.es\/ixuxu\/wp-json\/wp\/v2\/comments?post=61356"}],"version-history":[{"count":3,"href":"https:\/\/edublog.educastur.es\/ixuxu\/wp-json\/wp\/v2\/posts\/61356\/revisions"}],"predecessor-version":[{"id":61389,"href":"https:\/\/edublog.educastur.es\/ixuxu\/wp-json\/wp\/v2\/posts\/61356\/revisions\/61389"}],"wp:attachment":[{"href":"https:\/\/edublog.educastur.es\/ixuxu\/wp-json\/wp\/v2\/media?parent=61356"}],"wp:term":[{"taxonomy":"category","embeddable":true,"href":"https:\/\/edublog.educastur.es\/ixuxu\/wp-json\/wp\/v2\/categories?post=61356"},{"taxonomy":"post_tag","embeddable":true,"href":"https:\/\/edublog.educastur.es\/ixuxu\/wp-json\/wp\/v2\/tags?post=61356"}],"curies":[{"name":"wp","href":"https:\/\/api.w.org\/{rel}","templated":true}]}}