{"id":61362,"date":"2025-11-12T08:30:23","date_gmt":"2025-11-12T06:30:23","guid":{"rendered":"https:\/\/edublog.educastur.es\/ixuxu\/?p=61362"},"modified":"2025-11-12T11:14:02","modified_gmt":"2025-11-12T09:14:02","slug":"el-tiempu-el-comercio-183","status":"publish","type":"post","link":"https:\/\/edublog.educastur.es\/ixuxu\/2025\/11\/el-tiempu-el-comercio-183\/","title":{"rendered":"El tiempu (El Comercio)"},"content":{"rendered":"<p style=\"text-align: center\"><a href=\"https:\/\/s3.ppllstatics.com\/elcomercio\/www\/multimedia\/2025\/11\/11\/tiempo-asturias-miercoles-noviembre1-kP3D-U2302588077118HVD-1200x870@El%20Comercio.jpg\"><img loading=\"lazy\" decoding=\"async\" class=\"aligncenter size-large\" src=\"https:\/\/s3.ppllstatics.com\/elcomercio\/www\/multimedia\/2025\/11\/11\/tiempo-asturias-miercoles-noviembre1-kP3D-U2302588077118HVD-1200x870@El%20Comercio.jpg\" width=\"1200\" height=\"870\" \/><\/a><\/p>\n<p>Esti martes superaron los 100 kil\u00f3metru per hora nos Picos d&#8217;Europa. Concretamente, na estaci\u00f3n meteorol\u00f3xica de Vega d&#8217;Ariu rexistraron raches d&#8217;hasta 122 kil\u00f3metru per hora, que non solo fueron les m\u00e1s altes anotaes n&#8217;Asturies sin\u00f3n que tami\u00e9n lo fueron en tol pa\u00eds. Esti la previsi\u00f3n del tiempu n&#8217;Asturies d&#8217;<strong>esti mi\u00e9rcoles<\/strong> apunta a que volveremos sufrir otra xornada que va poder ser inclusive m\u00e1s airosa. Ello ye que l&#8217;Axencia Estatal de Meteorolox\u00eda va activar hasta les 18 hores l&#8217;avisu naranxa nel cordal por raches d&#8217;hasta 110 km\/h. A partir de les 18 hores va rebaxar l&#8217;avisu a nivel mariellu por racha d&#8217;hasta 90 km\/h. Nel suroccidente, l&#8217;avisu mariellu va tar activ\u00e1u hasta les 18 hores por raches d&#8217;hasta 90 km\/h. Comoquier, ye posible qu&#8217;estos avisos veanse superaos al igual qu&#8217;asocedi\u00f3&#8217;l martes.<\/p>\n<p><!--more--><\/p>\n<p>Dellos modelos meteorol\u00f3xicos apunten para esti 12 de payares la posibilid\u00e1 de que puedan llegase a algamar los 130 o 140 km\/h nel cordal tantu central como oriental. En cuanto al <strong>est\u00e1u de los cielos<\/strong>, prevense intervalos de nubes medies y altes polo xeneral anque con mayor nubosidad escontra&#8217;l cordal y suroccidente onde nun se refuguen bastios a partir de la tarde.<\/p>\n<p>Les <strong>temperatures<\/strong>, prestoses polo xeneral, van xubir nel casu de les m\u00e1ximes nel oriente y, nel casu de les m\u00ednimes, podr\u00eden producise dellos ascensos bien llixeros y locales.<\/p>\n<p><strong>El xueves<\/strong> vamos guardar otru d\u00eda con intensos vientos n&#8217;Asturies. Les raches van dir a menos mientres la fin de selmana pero va siguir el predominiu de vientos de sur.<\/p>\n","protected":false},"excerpt":{"rendered":"<p>Esti martes superaron los 100 kil\u00f3metru per hora nos Picos d&#8217;Europa. Concretamente, na estaci\u00f3n meteorol\u00f3xica de Vega d&#8217;Ariu rexistraron raches d&#8217;hasta 122 kil\u00f3metru per hora, que non solo fueron les m\u00e1s altes anotaes n&#8217;Asturies sin\u00f3n que tami\u00e9n lo fueron en tol pa\u00eds. Esti la previsi\u00f3n del tiempu n&#8217;Asturies d&#8217;esti mi\u00e9rcoles apunta a que volveremos sufrir [&hellip;]<\/p>\n","protected":false},"author":117,"featured_media":0,"comment_status":"closed","ping_status":"open","sticky":false,"template":"","format":"standard","meta":{"footnotes":""},"categories":[5],"tags":[],"class_list":["post-61362","post","type-post","status-publish","format-standard","hentry","category-tiempu"],"_links":{"self":[{"href":"https:\/\/edublog.educastur.es\/ixuxu\/wp-json\/wp\/v2\/posts\/61362","targetHints":{"allow":["GET"]}}],"collection":[{"href":"https:\/\/edublog.educastur.es\/ixuxu\/wp-json\/wp\/v2\/posts"}],"about":[{"href":"https:\/\/edublog.educastur.es\/ixuxu\/wp-json\/wp\/v2\/types\/post"}],"author":[{"embeddable":true,"href":"https:\/\/edublog.educastur.es\/ixuxu\/wp-json\/wp\/v2\/users\/117"}],"replies":[{"embeddable":true,"href":"https:\/\/edublog.educastur.es\/ixuxu\/wp-json\/wp\/v2\/comments?post=61362"}],"version-history":[{"count":1,"href":"https:\/\/edublog.educastur.es\/ixuxu\/wp-json\/wp\/v2\/posts\/61362\/revisions"}],"predecessor-version":[{"id":61363,"href":"https:\/\/edublog.educastur.es\/ixuxu\/wp-json\/wp\/v2\/posts\/61362\/revisions\/61363"}],"wp:attachment":[{"href":"https:\/\/edublog.educastur.es\/ixuxu\/wp-json\/wp\/v2\/media?parent=61362"}],"wp:term":[{"taxonomy":"category","embeddable":true,"href":"https:\/\/edublog.educastur.es\/ixuxu\/wp-json\/wp\/v2\/categories?post=61362"},{"taxonomy":"post_tag","embeddable":true,"href":"https:\/\/edublog.educastur.es\/ixuxu\/wp-json\/wp\/v2\/tags?post=61362"}],"curies":[{"name":"wp","href":"https:\/\/api.w.org\/{rel}","templated":true}]}}