{"id":61372,"date":"2025-11-12T11:00:01","date_gmt":"2025-11-12T09:00:01","guid":{"rendered":"https:\/\/edublog.educastur.es\/ixuxu\/?p=61372"},"modified":"2025-11-12T11:28:39","modified_gmt":"2025-11-12T09:28:39","slug":"la-poblacion-dasturies-crez-percima-de-la-media-nacional","status":"publish","type":"post","link":"https:\/\/edublog.educastur.es\/ixuxu\/2025\/11\/la-poblacion-dasturies-crez-percima-de-la-media-nacional\/","title":{"rendered":"La poblaci\u00f3n d&#8217;Asturies crez percima de la media nacional"},"content":{"rendered":"<p>&nbsp;<\/p>\n<p style=\"text-align: center\"><a href=\"https:\/\/actualidad.asturias.es\/documents\/537115\/2917584\/poblacion.jpg\/b335be85-7d1c-922b-4308-f54fc568b6f2?t=1762870148182\"><img loading=\"lazy\" decoding=\"async\" class=\"aligncenter size-large\" src=\"https:\/\/actualidad.asturias.es\/documents\/537115\/2917584\/poblacion.jpg\/b335be85-7d1c-922b-4308-f54fc568b6f2?t=1762870148182\" width=\"680\" height=\"561\" \/><\/a><\/p>\n<p>&nbsp;<\/p>\n<p><a href=\"https:\/\/actualidad.asturias.es\/-\/la-poblaci%C3%B3n-de-asturias-crece-por-encima-de-la-media-nacional-y-alcanza-la-cifra-m%C3%A1s-alta-desde-enero-de-2019?redirect=%2Fnoticias\">Actualid\u00e1<\/a> \/ La poblaci\u00f3n d&#8217;Asturies crez percima de la media nacional y algama la cifra m\u00e1s alta dende xineru de 2019<br \/>\nEl Princip\u00e1u algam\u00f3 los 1.020.009 habitantes nel tercer trimestre del a\u00f1u, lo que supon una medr\u00eda del 0,3%.<\/p>\n<p>\u201cDetr\u00e1s de cada n\u00famberu hai hestories de vida: families que se queden, moces que tornen, persones qu&#8217;escueyen Asturies de mano de nuevu\u201d, valora la vicepresidenta Gimena Llamedo.<\/p>\n<p><!--more--><\/p>\n<p>&nbsp;<\/p>\n<p style=\"text-align: center\"><a href=\"https:\/\/actualidad.asturias.es\/documents\/537115\/2917584\/2025-11-11-Imagen-poblacion.jpg\/75e3d7e0-eedf-47bb-efbf-1c57a7ed220e?t=1762870148094\"><img loading=\"lazy\" decoding=\"async\" class=\"aligncenter size-large\" src=\"https:\/\/actualidad.asturias.es\/documents\/537115\/2917584\/2025-11-11-Imagen-poblacion.jpg\/75e3d7e0-eedf-47bb-efbf-1c57a7ed220e?t=1762870148094\" width=\"3173\" height=\"1745\" \/><\/a><\/p>\n<p>&nbsp;<\/p>\n<p>&nbsp;<\/p>\n<p>L&#8217;\u00faltimu informe sobro la estad\u00edstica continua de poblaci\u00f3n, publicada g\u00fcei pol <strong>Institutu Nacional d&#8217;Estad\u00edstica (INE)<\/strong>, reflexa qu&#8217;Asturies rexistr\u00f3&#8217;l sestu mayor medr\u00eda de poblaci\u00f3n en t\u00e9rminos relativos ente toles comunidaes aut\u00f3nomes. El Princip\u00e1u va ganando habitantes dende abril de 2022 y nel \u00faltimu a\u00f1u natural -dende ochobre de 2024 hasta&#8217;l mes pas\u00e1u- sum\u00f3 7.365 en total.<\/p>\n<p>La vicepresidenta del Princip\u00e1u, Gimena Llamedo, qu&#8217;esta ma\u00f1ana particip\u00f3 nel alcuentru informativu Asturies, tierra d&#8217;oportunidaes, entam\u00e1u pola axencia de noticia Europa Press, tami\u00e9n ufiert\u00f3 dellos datos relevantes sobro la evoluci\u00f3n del censu. Asina, se\u00f1al\u00f3 que dende 2022 la comunid\u00e1 gan\u00f3 abargana de 10.00 persones. Tami\u00e9n indic\u00f3 que nun s&#8217;encadenaben tr\u00e9s a\u00f1os consecutivos de crecedera poblacional dende fai m\u00e1s d&#8217;una d\u00e9cada nun s&#8217;encadenaben.<\/p>\n<p>\u201cDetr\u00e1s de cada n\u00famberu hai hestories de vida: families que se queden, moces que tornen, persones qu&#8217;escueyen Asturies de mano de nuevu\u201d, valor\u00f3 Llamedo.<\/p>\n<p>Am\u00e1s, precis\u00f3 que 25 conceyos amontaron la so poblaci\u00f3n angua\u00f1o, ente que en 2020 solo aumentaba la poblaci\u00f3n d&#8217;una decena de conceyos. \u201cTami\u00e9n crecen m\u00e1s d&#8217;un terciu de les nueses parroquies y hasta un 65 % de los barrios urbanos\u201d, amest\u00f3.<\/p>\n<p>\u201cAsturies vive un bon momentu. Asturies crez porque hai m\u00e1s empl\u00e9u, m\u00e1s empreses y m\u00e1s oportunidaes, y eso tami\u00e9n se reflexa na demograf\u00eda\u201d, se\u00f1al\u00f3 la vicepresidenta.<\/p>\n<p>Al so xuiciu, esti camb\u00e9u respuende, ente otros factores, a pol\u00edtiques coherentes como la Llei d&#8217;Impulsu Demogr\u00e1ficu, qu&#8217;eval\u00faa l&#8217;impactu poblacional de cada midida p\u00fablica; el decretu de zonificaci\u00f3n, qu&#8217;empobina l&#8217;ayudes escontra onde m\u00e1s se precisen, o&#8217;l Centru d&#8217;Innovaci\u00f3n Territorial, qu&#8217;impulsa proyectos locales p&#8217;atraer empl\u00e9u y talentu.<\/p>\n","protected":false},"excerpt":{"rendered":"<p>&nbsp; &nbsp; Actualid\u00e1 \/ La poblaci\u00f3n d&#8217;Asturies crez percima de la media nacional y algama la cifra m\u00e1s alta dende xineru de 2019 El Princip\u00e1u algam\u00f3 los 1.020.009 habitantes nel tercer trimestre del a\u00f1u, lo que supon una medr\u00eda del 0,3%. \u201cDetr\u00e1s de cada n\u00famberu hai hestories de vida: families que se queden, moces que [&hellip;]<\/p>\n","protected":false},"author":117,"featured_media":0,"comment_status":"closed","ping_status":"open","sticky":false,"template":"","format":"standard","meta":{"footnotes":""},"categories":[258],"tags":[],"class_list":["post-61372","post","type-post","status-publish","format-standard","hentry","category-estadistiques"],"_links":{"self":[{"href":"https:\/\/edublog.educastur.es\/ixuxu\/wp-json\/wp\/v2\/posts\/61372","targetHints":{"allow":["GET"]}}],"collection":[{"href":"https:\/\/edublog.educastur.es\/ixuxu\/wp-json\/wp\/v2\/posts"}],"about":[{"href":"https:\/\/edublog.educastur.es\/ixuxu\/wp-json\/wp\/v2\/types\/post"}],"author":[{"embeddable":true,"href":"https:\/\/edublog.educastur.es\/ixuxu\/wp-json\/wp\/v2\/users\/117"}],"replies":[{"embeddable":true,"href":"https:\/\/edublog.educastur.es\/ixuxu\/wp-json\/wp\/v2\/comments?post=61372"}],"version-history":[{"count":1,"href":"https:\/\/edublog.educastur.es\/ixuxu\/wp-json\/wp\/v2\/posts\/61372\/revisions"}],"predecessor-version":[{"id":61373,"href":"https:\/\/edublog.educastur.es\/ixuxu\/wp-json\/wp\/v2\/posts\/61372\/revisions\/61373"}],"wp:attachment":[{"href":"https:\/\/edublog.educastur.es\/ixuxu\/wp-json\/wp\/v2\/media?parent=61372"}],"wp:term":[{"taxonomy":"category","embeddable":true,"href":"https:\/\/edublog.educastur.es\/ixuxu\/wp-json\/wp\/v2\/categories?post=61372"},{"taxonomy":"post_tag","embeddable":true,"href":"https:\/\/edublog.educastur.es\/ixuxu\/wp-json\/wp\/v2\/tags?post=61372"}],"curies":[{"name":"wp","href":"https:\/\/api.w.org\/{rel}","templated":true}]}}