{"id":61374,"date":"2025-11-25T09:01:36","date_gmt":"2025-11-25T07:01:36","guid":{"rendered":"https:\/\/edublog.educastur.es\/ixuxu\/?p=61374"},"modified":"2025-11-26T11:31:00","modified_gmt":"2025-11-26T09:31:00","slug":"25n-campana-para-visibilizar-y-prevenir-la-violencia-contra-les-muyeres-mayores","status":"publish","type":"post","link":"https:\/\/edublog.educastur.es\/ixuxu\/2025\/11\/25n-campana-para-visibilizar-y-prevenir-la-violencia-contra-les-muyeres-mayores\/","title":{"rendered":"25N Campa\u00f1a para visibilizar y prevenir la violencia contra les muyeres mayores"},"content":{"rendered":"<div class=\"html-div xdj266r x14z9mp xat24cr x1lziwak xexx8yu x1a8lsjc xf7dkkf xv54qhq\">\n<div class=\"html-div xdj266r x14z9mp xat24cr x1lziwak xexx8yu xyri2b x18d9i69 x1c1uobl x1jx94hy x78zum5 x1q0g3np\">\n<div class=\"x78zum5 xdt5ytf xz62fqu x16ldp7u\">\n<div class=\"xu06os2 x1ok221b\">\n<div class=\"html-div xdj266r x14z9mp xat24cr x1lziwak xexx8yu xyri2b x18d9i69 x1c1uobl\" data-ad-rendering-role=\"profile_name\">\n<ul>\n<li class=\"html-h3 x14z9mp xat24cr x1lziwak xexx8yu xyri2b x18d9i69 x1c1uobl x1vvkbs x1heor9g x1qlqyl8 x1pd3egz x1a2a7pz x1gslohp x1yc453h\"><span class=\"x1lliihq x6ikm8r x10wlt62 x1n2onr6\"><span class=\"xt0psk2\"><a class=\"x1i10hfl xjbqb8w x1ejq31n x18oe1m7 x1sy0etr xstzfhl x972fbf x10w94by x1qhh985 x14e42zd x9f619 x1ypdohk xt0psk2 x3ct3a4 xdj266r x14z9mp xat24cr x1lziwak xexx8yu xyri2b x18d9i69 x1c1uobl x16tdsg8 x1hl2dhg xggy1nq x1a2a7pz xkrqix3 x1sur9pj xzsf02u x1s688f\" role=\"link\" href=\"https:\/\/www.facebook.com\/gobiernodeasturias?__cft__[0]=AZXxY_iNKXXN6zgapfoJyfvBjMjxEHG--mkApv4vnyN3hFAnwA-Dhm0oZ4iL_kmUdgTs6UPmCIlFs9gnafHdds-ad-2bPPqcQgTriZ3sMU-t4-QO653PIG6TcREcNQHN_nleW2ckmurgWH36f0R20NSHet9U0KsW3Da0LoGDosLQsHEHJKWf4b125nZJ9nSqy6H7XkHiuj6jeVh7AinhRQAk&amp;__tn__=-UC%2CP-y-R\"><b class=\"html-b xdj266r x14z9mp xat24cr x1lziwak xexx8yu xyri2b x18d9i69 x1c1uobl x1hl2dhg x16tdsg8 x1vvkbs x1s688f\"><span class=\"html-span xdj266r x14z9mp xat24cr x1lziwak xexx8yu xyri2b x18d9i69 x1c1uobl x1hl2dhg x16tdsg8 x1vvkbs\">Principado de Asturias<\/span><\/b><\/a><\/span> <\/span><img loading=\"lazy\" decoding=\"async\" class=\"xz74otr x15mokao x1ga7v0g x16uus16 xbiv7yw\" src=\"https:\/\/static.xx.fbcdn.net\/images\/emoji.php\/v9\/t7d\/1\/16\/1f7e3.png\" alt=\"\ud83d\udfe3\" width=\"16\" height=\"16\" \/>\u00a0<span class=\"html-span xdj266r x14z9mp xat24cr x1lziwak xexx8yu xyri2b x18d9i69 x1c1uobl x1hl2dhg x16tdsg8 x1vvkbs\"><a class=\"x1i10hfl xjbqb8w x1ejq31n x18oe1m7 x1sy0etr xstzfhl x972fbf x10w94by x1qhh985 x14e42zd x9f619 x1ypdohk xt0psk2 x3ct3a4 xdj266r x14z9mp xat24cr x1lziwak xexx8yu xyri2b x18d9i69 x1c1uobl x16tdsg8 x1hl2dhg xggy1nq x1a2a7pz xkrqix3 x1sur9pj x1fey0fg x1s688f\" role=\"link\" href=\"https:\/\/www.facebook.com\/hashtag\/25n?__eep__=6&amp;__cft__[0]=AZXxY_iNKXXN6zgapfoJyfvBjMjxEHG--mkApv4vnyN3hFAnwA-Dhm0oZ4iL_kmUdgTs6UPmCIlFs9gnafHdds-ad-2bPPqcQgTriZ3sMU-t4-QO653PIG6TcREcNQHN_nleW2ckmurgWH36f0R20NSHet9U0KsW3Da0LoGDosLQsHEHJKWf4b125nZJ9nSqy6H7XkHiuj6jeVh7AinhRQAk&amp;__tn__=*NK-y-R\">#25N<\/a><\/span><\/li>\n<li><span class=\"x1lliihq x1plvlek xryxfnj x1n2onr6 xyejjpt x15dsfln x193iq5w xeuugli x1fj9vlw x13faqbe x1vvkbs x1s928wv xhkezso x1gmr53x x1cpjm7i x1fgarty x1943h6x x1i0vuye xvs91rp xo1l8bm x5n08af x10wh9bi xpm28yp x8viiok x1o7cslx\" dir=\"auto\"><span class=\"x193iq5w xeuugli x13faqbe x1vvkbs xt0psk2 x1i0vuye xvs91rp xo1l8bm x5n08af x10wh9bi xpm28yp x8viiok x1o7cslx x126k92a\"><a class=\"x1i10hfl xjbqb8w x1ejq31n x18oe1m7 x1sy0etr xstzfhl x972fbf x10w94by x1qhh985 x14e42zd x9f619 x1ypdohk xt0psk2 x3ct3a4 xdj266r x14z9mp xat24cr x1lziwak xexx8yu xyri2b x18d9i69 x1c1uobl x16tdsg8 x1hl2dhg xggy1nq x1a2a7pz _aa9_ _a6hd\" role=\"link\" href=\"https:\/\/www.instagram.com\/explore\/tags\/diainternacionaldelaeliminaciondelaviolenciacontralamujer\/\">#DiaInternacionalDeLaEliminacionDeLaViolenciaContraLaMujer<\/a>. <\/span><\/span><\/li>\n<li>Semeyes <a href=\"https:\/\/www.elcomercio.es\/asturias\/fotos-25n-asturias-concejos-manifestaciones-violencia-genero-20251125164332-ga.html#firstImage\">El Comercio<\/a> \/<\/li>\n<\/ul>\n<p>El Gobiernu d&#8217;Asturies dedica la campa\u00f1a del 25N a <span style=\"color: #800080\"><strong>visibilizar y prevenir la violencia contra les muyeres mayores<\/strong><\/span>. L&#8217;actu institucional va tener llugar angua\u00f1o nel Centru Cultural de Gr\u00e1u, el martes 25 de payares, a les 11:30 hores. La vicepresidenta Gimena Llamedo Gonz\u00e1lez presidi\u00f3 la xunta del Conseyu Asturianu de la Muyer, onde se dio a conocer el programa.<\/p>\n<p style=\"text-align: center\"><a href=\"https:\/\/actualidad.asturias.es\/documents\/537115\/2917926\/2025_11_11+cartel+25N.jpg\/4857a534-12b0-8492-bd2f-845f2f1aaa21?t=1762882220085\"><img loading=\"lazy\" decoding=\"async\" class=\"aligncenter \" src=\"https:\/\/actualidad.asturias.es\/documents\/537115\/2917926\/2025_11_11+cartel+25N.jpg\/4857a534-12b0-8492-bd2f-845f2f1aaa21?t=1762882220085\" width=\"433\" height=\"769\" \/><\/a><\/p>\n<\/div>\n<\/div>\n<\/div>\n<\/div>\n<\/div>\n<div class=\"html-div xdj266r x14z9mp xat24cr x1lziwak xexx8yu xyri2b x18d9i69 x1c1uobl\" dir=\"auto\">\n<div class=\"html-div xdj266r x14z9mp xat24cr x1lziwak xexx8yu xyri2b x18d9i69 x1c1uobl\" dir=\"auto\">\n<div class=\"html-div xdj266r x14z9mp xat24cr x1lziwak xexx8yu xyri2b x18d9i69 x1c1uobl\" data-ad-rendering-role=\"story_message\">\n<div class=\"x1l90r2v x1iorvi4 x1g0dm76 xpdmqnj\" data-ad-comet-preview=\"message\" data-ad-preview=\"message\">\n<div class=\"x78zum5 xdt5ytf xz62fqu x16ldp7u\">\n<div class=\"xu06os2 x1ok221b\">\n<div class=\"html-div xdj266r x14z9mp xat24cr x1lziwak xexx8yu xyri2b x18d9i69 x1c1uobl\">\n<div class=\"xdj266r x14z9mp xat24cr x1lziwak x1vvkbs x126k92a\">\n<div dir=\"auto\">M\u00e1s <span class=\"html-span xexx8yu xyri2b x18d9i69 x1c1uobl x1hl2dhg x16tdsg8 x1vvkbs x3nfvp2 x1j61x8r x1fcty0u xdj266r xat24cr xm2jcoa x1mpyi22 xxymvpz xlup9mm x1kky2od\"><img loading=\"lazy\" decoding=\"async\" class=\"xz74otr x15mokao x1ga7v0g x16uus16 xbiv7yw\" src=\"https:\/\/static.xx.fbcdn.net\/images\/emoji.php\/v9\/t8e\/1\/16\/2139.png\" alt=\"\u2139\" width=\"16\" height=\"16\" \/><\/span><span class=\"html-span xexx8yu xyri2b x18d9i69 x1c1uobl x1hl2dhg x16tdsg8 x1vvkbs x3nfvp2 x1j61x8r x1fcty0u xdj266r xat24cr xm2jcoa x1mpyi22 xxymvpz xlup9mm x1kky2od\"><img loading=\"lazy\" decoding=\"async\" class=\"xz74otr x15mokao x1ga7v0g x16uus16 xbiv7yw\" src=\"https:\/\/static.xx.fbcdn.net\/images\/emoji.php\/v9\/t4f\/1\/16\/1f447.png\" alt=\"\ud83d\udc47\" width=\"16\" height=\"16\" \/><\/span><span class=\"html-span xdj266r x14z9mp xat24cr x1lziwak xexx8yu xyri2b x18d9i69 x1c1uobl x1hl2dhg x16tdsg8 x1vvkbs\"><a class=\"x1i10hfl xjbqb8w x1ejq31n x18oe1m7 x1sy0etr xstzfhl x972fbf x10w94by x1qhh985 x14e42zd x9f619 x1ypdohk xt0psk2 x3ct3a4 xdj266r x14z9mp xat24cr x1lziwak xexx8yu xyri2b x18d9i69 x1c1uobl x16tdsg8 x1hl2dhg xggy1nq x1a2a7pz xkrqix3 x1sur9pj x1fey0fg x1s688f\" role=\"link\" href=\"https:\/\/l.facebook.com\/l.php?u=https%3A%2F%2Ftinyurl.com%2F3rzhjvsr%3Ffbclid%3DIwZXh0bgNhZW0CMTAAYnJpZBEwZmRaNVBNS0t3VUJpZTJKYnNydGMGYXBwX2lkEDIyMjAzOTE3ODgyMDA4OTIAAR562n1jgeaGduc_G6x2nk7QVKYQfUBCZykSUG6L6dCLwaWtnM7VD-i8fDdegw_aem_uwIP6_slWJrfJ3_T_S4wAQ&amp;h=AT0J39clPbrSdwsrV9ziiO6dOB6YtjO1xj4xNZNSN6tebYoOGtpH8W2NOZE_ZtqLKVFbK9BAifdEAtVKwuqe5ebTdtrTWFrD2KL9sw9yOBMyqcevO8eXjGq-37JFKh0L9kmY4B-0TUU8bw&amp;__tn__=-UK-y-R&amp;c[0]=AT2ljQGPBJyiBOr-7gHVBFxT8Pwd8v_JIJtCsRRcVKYnYnV2mB6gh3i8-EMVGQdtGCw9mOjrI4m6j06LMVgBLQ6F91nsuGjhVOqYZM_9WkOaRCitdSbOFWYlt3nmmJb-1NcT_mMDYt8bpxUhTc5oVQLDAflSvSexbH8HiG4-2WwVIV-MRR6Q3xnWzUF0_b-afh-5bIc7FZ2cJqQaeWhhDvyX9nbBY-dlwQUb5Zf1kw8C9Std\" target=\"_blank\" rel=\"nofollow noopener noreferrer\">https:\/\/tinyurl.com\/3rzhjvsr<\/a><\/span><\/div>\n<div dir=\"auto\"><!--more--><\/div>\n<\/div>\n<div dir=\"auto\">\n<p>Los Centros Asesores de la Muyer (CAM) del Princip\u00e1u ufiertaron asistencia dende xineru a 64 muyeres mayores de 65 a\u00f1os v\u00edctimes de violencia de x\u00e9neru. D&#8217;elles, 39 solicitaron asistencia psicol\u00f3xica. La mayor\u00eda de los casos atend\u00edos concentrase na \u00e1rea central, especialmente en Xix\u00f3n.<\/p>\n<p style=\"text-align: center\"><a href=\"https:\/\/s2.ppllstatics.com\/elcomercio\/www\/multimedia\/2025\/11\/25\/grado%20(1).jpg\"><img loading=\"lazy\" decoding=\"async\" class=\"aligncenter size-large\" src=\"https:\/\/s2.ppllstatics.com\/elcomercio\/www\/multimedia\/2025\/11\/25\/grado%20(1).jpg\" width=\"1920\" height=\"1280\" \/><\/a><\/p>\n<p>Les profesionales que trabayen nestos recursos especializaos alverten que les muyeres mayores suelen amosar mayor resistencia a romper col agresor o allegar a los servicios disponibles, por cuenta de factores como la dependencia econ\u00f3mica o l&#8217;aislamientu social. En munches ocasiones, la detecci\u00f3n de los casos produzse nel \u00e1mbitu sanitariu.<\/p>\n<p>Tocantes a la percepci\u00f3n social de la violencia de x\u00e9neru, los datos de la Delegaci\u00f3n del Gobiernu n&#8217;Asturies amuesen que, anque&#8217;l 87% de les muyeres mayores considera inaceptable&#8217;l maltratu, un 35% sigui viendo normales ciertes conductes de control o discutinios habituales y un 10% acepta l&#8217;usu d&#8217;amenaces verbales en determinaes situaciones. Am\u00e1s, el 67% nun recuerda campa\u00f1es de sensibilizaci\u00f3n reci\u00e9n y solo una de cada cuatro conoz el tel\u00e9fonu 016.<\/p>\n<p>Dende&#8217;l 1 de xineru al 31 d&#8217;ochobre, seis muyeres mayores de 65 a\u00f1os ingresaron na Rede de Cases d&#8217;Acoyida \u2014cuatro en Casar Malva, una n&#8217;Uvi\u00e9u y otra n&#8217;Avil\u00e9s\u2014, lo que supon un 2,5% del total. Nesti per\u00edodu nun se produci\u00f3 nenguna derivaci\u00f3n a centros residenciales del ERA.<\/p>\n<p>Al respective de los feminicidios, en 2025 rexistr\u00e1ronse tr\u00e9s asesinatos de muyeres n&#8217;Asturies, una de les cualos yera mayor de 65 a\u00f1os.<\/p>\n<p style=\"text-align: center\"><a href=\"https:\/\/s2.ppllstatics.com\/elcomercio\/www\/multimedia\/2025\/11\/25\/grado%20(5).jpg\"><img loading=\"lazy\" decoding=\"async\" class=\"aligncenter size-large\" src=\"https:\/\/s2.ppllstatics.com\/elcomercio\/www\/multimedia\/2025\/11\/25\/grado%20(5).jpg\" width=\"1920\" height=\"1280\" \/><\/a><\/p>\n<p><strong>Programa conmemorativo.\u00a0<\/strong><\/p>\n<p>El Gobiernu d&#8217;Asturies va entamar angua\u00f1o l&#8217;actu institucional nel nuevu Centru Cultural de Grau, el martes 25 de payares, a les 11:30 hores. Sicas\u00ed, les actividaes conmemorativas del 25N van celebrase a lo llargo de too el mes y van incluyir charres, conferencies y xornaes.<\/p>\n<p>Dientro del programa previstu, el s\u00e1badu 22 de payares, a les 10:00 hores, la periodista ya investigadora Ana Bernal Trivi\u00f1o va ufiertar la ponencia Claves contra los bulos machistes, na sala 3 de Llaboral, Ciud\u00e1 de la Cultura, en Xix\u00f3n, a la que va siguir una mesa redonda na que periodistes d&#8217;Asturies van encetar el tratamientu de la violencia contra les muyeres nos medios de comunicaci\u00f3n.<\/p>\n<p>Les actividaes programaes van rematar el 1 d&#8217;avientu cola mesa redonda Muyeres mayores de 65 a\u00f1os: m\u00e1s dif\u00edcil salir del maltratu, al cargu de la xeroantrop\u00f3loga feminista M\u00f3nica Ramos Toru. Va Tener llugar nel Palaciu Conde Toreno d&#8217;Uvi\u00e9u.<\/p>\n<p>Materiales did\u00e1cticos<\/p>\n<p>A lo \u00faltimo, el programa Coeducastur ellabor\u00f3 siete propuestes did\u00e1ctiques destinaes a los ciclos d&#8217;Infantil, Primaria, Secundaria y Educaci\u00f3n Especial que van poder descargase dende los centros educativos. Estos materiales van ayudar a promover la convivencia igualitaria y l&#8217;educaci\u00f3n emocional, seg\u00fan a reconocer l&#8217;usu del llinguaxe y la so carga sexista, cavilgar sobro les relaciones igualitaries o detectar se\u00f1ales de violencia.<\/p>\n<p>Estes unidaes reflexen el compromisu del Gobiernu d&#8217;Asturies cola educaci\u00f3n n&#8217;iguald\u00e1, unu de les exes prioritaries de les pol\u00edtiques de prevenci\u00f3n de la violencia machista y de promoci\u00f3n d&#8217;una convivencia igualitaria nos centros educativos.<\/p>\n<ul>\n<li><span class=\"x193iq5w xeuugli x13faqbe x1vvkbs x1xmvt09 x1f6kntn xvq8zen xo1l8bm xi81zsa\"><b class=\"html-b xdj266r x14z9mp xat24cr x1lziwak xexx8yu xyri2b x18d9i69 x1c1uobl x1hl2dhg x16tdsg8 x1vvkbs x1s688f\"><span class=\"xt0psk2\"><span class=\"xjp7ctv\"><span class=\"html-span xdj266r x14z9mp xat24cr x1lziwak xexx8yu xyri2b x18d9i69 x1c1uobl x1hl2dhg x16tdsg8 x1vvkbs\"><a class=\"x1i10hfl xjbqb8w x1ejq31n x18oe1m7 x1sy0etr xstzfhl x972fbf x10w94by x1qhh985 x14e42zd x9f619 x1ypdohk xt0psk2 x3ct3a4 xdj266r x14z9mp xat24cr x1lziwak xexx8yu xyri2b x18d9i69 x1c1uobl x16tdsg8 x1hl2dhg xggy1nq x1a2a7pz xkrqix3 x1sur9pj xzsf02u x1s688f\" role=\"link\" href=\"https:\/\/www.facebook.com\/ofillin?__cft__[0]=AZUQ2r0Ah4ZmddKuSO9Y4x3dMn9DUAnUJADUGm8tjc5WOBsckmnFWIq_ynE49Fcz5ab59-yJZpYOH9zAFrLWYCisbaK3eYf8oDKXZ4SqeAax5DJel6eHo2YSBDPyN8syZnCB8O2RYRDUZ-tBKdWL_kQnKHReNA99Gccuwc4kjGWqkT3KHL9w1B78M9Oi-9HEJ_k&amp;__tn__=-]C%2CP-R\">Oficina de Normalizaci\u00f3n Lling\u00fc\u00edstica de Xix\u00f3n<\/a><\/span><\/span><\/span><\/b>\u00a0<\/span><\/li>\n<\/ul>\n<p style=\"text-align: center\">\n<!-- iframe plugin v.6.0 wordpress.org\/plugins\/iframe\/ -->\n<iframe loading=\"lazy\" src=\"https:\/\/www.facebook.com\/plugins\/post.php?href=https%3A%2F%2Fwww.facebook.com%2Fofillin%2Fposts%2Fpfbid0D9e6YTNw8KjHYBext7hYCrwJttSXuZmRsdfUdAZibsz8aY7PeUVETEomoKKJJTLAl&#038;show_text=false&#038;width=500\" width=\"500\" height=\"261\" style=\"border:none;overflow:hidden\" scrolling=\"no\" frameborder=\"0\" allowfullscreen=\"true\" allow=\"autoplay; clipboard-write; encrypted-media; picture-in-picture; web-share\" 0=\"\/iframe\" class=\"iframe-class\"><\/iframe>\n<\/p>\n<ul>\n<li><a href=\"https:\/\/fusionasturias.com\/especial-mujer\/alza-la-voz-el-25n-el-silencio-nunca-es-una-opcion.htm\">https:\/\/fusionasturias.com\/especial-mujer\/alza-la-voz-el-25n-el-silencio-nunca-es-una-opcion.htm<\/a>\/ <a href=\"https:\/\/www.instagram.com\/reel\/DRcJyqhiKzg\"><strong>Reel<\/strong> <\/a>\/<\/li>\n<\/ul>\n<p style=\"text-align: center\"><a href=\"https:\/\/fusionasturias.com\/wp-content\/uploads\/2025\/11\/mujeres-25n-protestan-por-sus-derechos-1068x712.jpg\"><img loading=\"lazy\" decoding=\"async\" class=\"aligncenter \" src=\"https:\/\/fusionasturias.com\/wp-content\/uploads\/2025\/11\/mujeres-25n-protestan-por-sus-derechos-1068x712.jpg\" width=\"701\" height=\"467\" \/><\/a><\/p>\n<\/div>\n<\/div>\n<\/div>\n<\/div>\n<\/div>\n<\/div>\n<\/div>\n<\/div>\n<p>El nuevu Pactu d&#8217;Est\u00e1u contra la violencia de x\u00e9neru, aprob\u00e1u en 2025,<strong> incorpora per primer vegada la perspectiva d&#8217;infancia y adolescencia. <\/strong><a href=\"https:\/\/fusionasturias.com\">https:\/\/fusionasturias.com<\/a><\/p>\n<p>La violencia nun entiende d&#8217;edaes. La infancia y l&#8217;adolescencia tami\u00e9n carguen colos sos repulgos. Los ne\u00f1os y ne\u00f1es que crecen en llares marcaos pol maltratu nun son meros testigos: son v\u00edctimes directes. La violencia vicaria (cuando l&#8217;agresor utiliza a los f\u00edos para estropiar a la madre) dexa buelgues irreparables, y na adolescencia, les redes sociales abrieron nueves formes de control y abusu que multipliquen los riesgos. Por eso, el nuevu Pactu d&#8217;Est\u00e1u contra la violencia de x\u00e9neru aprob\u00e1u en 2025 incorpora per primer vegada la perspectiva d&#8217;infancia y adolescencia. <strong>Los sos 462 mid\u00edes apuesten pola educaci\u00f3n afeutivu-sexual, la formaci\u00f3n de profesionales y la creaci\u00f3n de v\u00edes de denuncia afeches a los menores.<\/strong><br \/>\nSave the Children celebra esta meyora y recuerda que tami\u00e9n los mozos tienen de ser parte de la soluci\u00f3n, aprendiendo a reconocer y revertir los comportamientos que perpet\u00faen les desigualdaes.<\/p>\n<p>La conseyera de Derechos Sociales, Marta del Arco, espresose con clarid\u00e1 en Pravia mientres el D\u00eda Mundial de la Infancia: \u00ab<em>Cada ne\u00f1u y ne\u00f1a, naza onde naza, tien derechu a ser protex\u00edu, escuch\u00e1u y acompa\u00f1\u00e1u para crecer con dignid\u00e1\u00bb.<\/em><\/p>\n<p>El Princip\u00e1u anunci\u00f3 nueves mid\u00edes para 2026: promover el bon tratu, crear redolaes segures na escuela y el deporte, reforzar les canales de denuncia y garantizar atenci\u00f3n especializada. Porque la violencia contra los menores, tantes vegaes oculta, ye una vulneraci\u00f3n de derechos que condiciona&#8217;l so presente y el so futuru.<\/p>\n<p>Cartelu 2024<\/p>\n<p style=\"text-align: center\"><em><strong><span class=\"x1lliihq x1plvlek xryxfnj x1n2onr6 xyejjpt x15dsfln x193iq5w xeuugli x1fj9vlw x13faqbe x1vvkbs x1s928wv xhkezso x1gmr53x x1cpjm7i x1fgarty x1943h6x x1i0vuye xvs91rp xo1l8bm x5n08af x10wh9bi xpm28yp x8viiok x1o7cslx\" dir=\"auto\" style=\"font-size: 20px;color: #800080\"><span class=\"x193iq5w xeuugli x13faqbe x1vvkbs xt0psk2 x1i0vuye xvs91rp xo1l8bm x5n08af x10wh9bi xpm28yp x8viiok x1o7cslx x126k92a\">Foron. Somos. Van ser.<br \/>\nLes muyeres d\u2019ayeri, de g\u00fcei y de ma\u00f1ana<br \/>\nt\u00e1n entemec\u00edes nuna mesma historia:<br \/>\na\u00f1os de silenciu, pero tami\u00e9n a\u00f1os de resistencia.<br \/>\nEsti 25N alzamos la voz contra la violencia pa coles muyeres<br \/>\ny decimos claro que nun tamos soles.<br \/>\nRompiendo\u2019l silenciu.<\/span><\/span><\/strong><\/em><\/p>\n<p style=\"text-align: center\"><span class=\"x193iq5w xeuugli x13faqbe x1vvkbs xt0psk2 x1i0vuye xvs91rp xo1l8bm x5n08af x10wh9bi xpm28yp x8viiok x1o7cslx x126k92a\"><span class=\"html-span xexx8yu x4uap5 x18d9i69 xkhd6sd x1hl2dhg x16tdsg8 x1vvkbs x3nfvp2 x1j61x8r x1fcty0u xdj266r xat24cr xgzva0m xhhsvwb xxymvpz xlup9mm x1kky2od\">\n<!-- iframe plugin v.6.0 wordpress.org\/plugins\/iframe\/ -->\n<iframe loading=\"lazy\" src=\"https:\/\/www.instagram.com\/reel\/DRfFE8nDLCK\/embed\" width=\"480\" height=\"675\" 0=\"\/iframe\" scrolling=\"yes\" class=\"iframe-class\" frameborder=\"0\"><\/iframe>\n<\/span><\/span><\/p>\n<p>&nbsp;<\/p>\n","protected":false},"excerpt":{"rendered":"<p>Principado de Asturias \u00a0#25N #DiaInternacionalDeLaEliminacionDeLaViolenciaContraLaMujer. Semeyes El Comercio \/ El Gobiernu d&#8217;Asturies dedica la campa\u00f1a del 25N a visibilizar y prevenir la violencia contra les muyeres mayores. L&#8217;actu institucional va tener llugar angua\u00f1o nel Centru Cultural de Gr\u00e1u, el martes 25 de payares, a les 11:30 hores. La vicepresidenta Gimena Llamedo Gonz\u00e1lez presidi\u00f3 la xunta [&hellip;]<\/p>\n","protected":false},"author":117,"featured_media":0,"comment_status":"closed","ping_status":"open","sticky":false,"template":"","format":"standard","meta":{"footnotes":""},"categories":[11,6,121],"tags":[],"class_list":["post-61374","post","type-post","status-publish","format-standard","hentry","category-campanes","category-dia-de","category-muyeres"],"_links":{"self":[{"href":"https:\/\/edublog.educastur.es\/ixuxu\/wp-json\/wp\/v2\/posts\/61374","targetHints":{"allow":["GET"]}}],"collection":[{"href":"https:\/\/edublog.educastur.es\/ixuxu\/wp-json\/wp\/v2\/posts"}],"about":[{"href":"https:\/\/edublog.educastur.es\/ixuxu\/wp-json\/wp\/v2\/types\/post"}],"author":[{"embeddable":true,"href":"https:\/\/edublog.educastur.es\/ixuxu\/wp-json\/wp\/v2\/users\/117"}],"replies":[{"embeddable":true,"href":"https:\/\/edublog.educastur.es\/ixuxu\/wp-json\/wp\/v2\/comments?post=61374"}],"version-history":[{"count":14,"href":"https:\/\/edublog.educastur.es\/ixuxu\/wp-json\/wp\/v2\/posts\/61374\/revisions"}],"predecessor-version":[{"id":62377,"href":"https:\/\/edublog.educastur.es\/ixuxu\/wp-json\/wp\/v2\/posts\/61374\/revisions\/62377"}],"wp:attachment":[{"href":"https:\/\/edublog.educastur.es\/ixuxu\/wp-json\/wp\/v2\/media?parent=61374"}],"wp:term":[{"taxonomy":"category","embeddable":true,"href":"https:\/\/edublog.educastur.es\/ixuxu\/wp-json\/wp\/v2\/categories?post=61374"},{"taxonomy":"post_tag","embeddable":true,"href":"https:\/\/edublog.educastur.es\/ixuxu\/wp-json\/wp\/v2\/tags?post=61374"}],"curies":[{"name":"wp","href":"https:\/\/api.w.org\/{rel}","templated":true}]}}