{"id":61379,"date":"2025-11-12T12:59:47","date_gmt":"2025-11-12T10:59:47","guid":{"rendered":"https:\/\/edublog.educastur.es\/ixuxu\/?p=61379"},"modified":"2025-11-12T12:59:47","modified_gmt":"2025-11-12T10:59:47","slug":"charra-estructura-y-funcion-del-traxe-asturianu","status":"publish","type":"post","link":"https:\/\/edublog.educastur.es\/ixuxu\/2025\/11\/charra-estructura-y-funcion-del-traxe-asturianu\/","title":{"rendered":"Charra: \u00abEstructura y funci\u00f3n del traxe asturianu\u00bb"},"content":{"rendered":"<div class=\"html-div xdj266r x14z9mp xat24cr x1lziwak xexx8yu x1a8lsjc xf7dkkf xv54qhq\">\n<div class=\"html-div xdj266r x14z9mp xat24cr x1lziwak xexx8yu xyri2b x18d9i69 x1c1uobl x1jx94hy x78zum5 x1q0g3np\">\n<div class=\"x78zum5 xdt5ytf xz62fqu x16ldp7u\">\n<div class=\"xu06os2 x1ok221b\">\n<div class=\"html-div xdj266r x14z9mp xat24cr x1lziwak xexx8yu xyri2b x18d9i69 x1c1uobl\" data-ad-rendering-role=\"profile_name\">\n<ul>\n<li class=\"html-h3 x14z9mp xat24cr x1lziwak xexx8yu xyri2b x18d9i69 x1c1uobl x1vvkbs x1heor9g x1qlqyl8 x1pd3egz x1a2a7pz x1gslohp x1yc453h\"><span class=\"x1lliihq x6ikm8r x10wlt62 x1n2onr6\"><span class=\"xt0psk2\"><a class=\"x1i10hfl xjbqb8w x1ejq31n x18oe1m7 x1sy0etr xstzfhl x972fbf x10w94by x1qhh985 x14e42zd x9f619 x1ypdohk xt0psk2 x3ct3a4 xdj266r x14z9mp xat24cr x1lziwak xexx8yu xyri2b x18d9i69 x1c1uobl x16tdsg8 x1hl2dhg xggy1nq x1a2a7pz xkrqix3 x1sur9pj xzsf02u x1s688f\" role=\"link\" href=\"https:\/\/www.facebook.com\/ateneo.obrerodegijon?__cft__[0]=AZVXftxKFpmDl9CS9kP4X3qGuoseAlUAphJ1AQhyqCG9SjU4JXyBg5FATEWbEfQo4t888evi-02IkNt8t0dfNlg86im40yb1MJQZwZvmr4xEfxvf9nGABGypPFjR_N40qv4I3cdYAxOVAiw-U7aRtEpQ5ypwA62ckuHW62VAvGW2QWJyGTZLD-olMPnGLp1IjieCQMTgc5wAfxsUxLljR4qC&amp;__tn__=-UC%2CP-y-R\"><b class=\"html-b xdj266r x14z9mp xat24cr x1lziwak xexx8yu xyri2b x18d9i69 x1c1uobl x1hl2dhg x16tdsg8 x1vvkbs x1s688f\"><span class=\"html-span xdj266r x14z9mp xat24cr x1lziwak xexx8yu xyri2b x18d9i69 x1c1uobl x1hl2dhg x16tdsg8 x1vvkbs\">Ateneo Obrero de Gij\u00f3n<\/span><\/b><\/a><\/span><\/span><\/li>\n<\/ul>\n<\/div>\n<\/div>\n<div class=\"xu06os2 x1ok221b\"><\/div>\n<\/div>\n<\/div>\n<\/div>\n<div class=\"html-div xdj266r x14z9mp xat24cr x1lziwak xexx8yu xyri2b x18d9i69 x1c1uobl\" dir=\"auto\">\n<div class=\"html-div xdj266r x14z9mp xat24cr x1lziwak xexx8yu xyri2b x18d9i69 x1c1uobl\" dir=\"auto\">\n<div class=\"html-div xdj266r x14z9mp xat24cr x1lziwak xexx8yu xyri2b x18d9i69 x1c1uobl\" data-ad-rendering-role=\"story_message\">\n<div class=\"x1l90r2v x1iorvi4 x1g0dm76 xpdmqnj\" data-ad-comet-preview=\"message\" data-ad-preview=\"message\">\n<div class=\"x78zum5 xdt5ytf xz62fqu x16ldp7u\">\n<div class=\"xu06os2 x1ok221b\">\n<div class=\"html-div xdj266r x14z9mp xat24cr x1lziwak xexx8yu xyri2b x18d9i69 x1c1uobl\">\n<div class=\"xdj266r x14z9mp xat24cr x1lziwak x1vvkbs x126k92a\">\n<div dir=\"auto\" style=\"text-align: center\">\n<!-- iframe plugin v.6.0 wordpress.org\/plugins\/iframe\/ -->\n<iframe loading=\"lazy\" src=\"https:\/\/www.facebook.com\/plugins\/post.php?href=https%3A%2F%2Fwww.facebook.com%2Fateneo.obrerodegijon%2Fposts%2Fpfbid0ZrBPKPJhRUanY4EMoXYRhmT93c7jmUi94bhkZHsCnD5W8juPac6GYmcBqdq37YBNl&#038;show_text=false&#038;width=500\" width=\"500\" height=\"281\" style=\"border:none;overflow:hidden\" scrolling=\"no\" frameborder=\"0\" allowfullscreen=\"true\" allow=\"autoplay; clipboard-write; encrypted-media; picture-in-picture; web-share\" 0=\"\/iframe\" class=\"iframe-class\"><\/iframe>\n<\/div>\n<div dir=\"auto\"><\/div>\n<\/div>\n<div class=\"x14z9mp xat24cr x1lziwak x1vvkbs xtlvy1s x126k92a\"><\/div>\n<div class=\"x14z9mp xat24cr x1lziwak x1vvkbs xtlvy1s x126k92a\">\n<div dir=\"auto\">El pr\u00f3ximu martes, 11 de payares, a les 19 H.00\u2019, nel Antepar de la 2\u00aa Planta de la Escuela de Comerciu (Cai Francisco Tom\u00e1s y Valiente, 1), va impartise una conferencia sol t\u00edtulu<strong> Estructura y funci\u00f3n del traxe asturianu<\/strong>, a cargu la Doctora n&#8217;Hestoria y Antropolox\u00eda Fe Santove\u00f1a Zapatero.<\/div>\n<div dir=\"auto\"><!--more--><br \/>\nEsta activid\u00e1 ta dientro de la collaboraci\u00f3n ente les entidaes del Aten\u00e9u Obreru de Xix\u00f3n y d&#8217;\u00c1STURA, pa faer una activid\u00e1 mensual en redol a la promoci\u00f3n de la cultura asturiana.<\/div>\n<div dir=\"auto\">\nEsti mes de payares, ufi\u00e9rtase un actu singular qu&#8217;une la reflex\u00f3n acad\u00e9mica cola guapura pl\u00e1stica d&#8217;una recreaci\u00f3n visual: vamos falar en fondura de la indumentaria tradicional asturiana como espresi\u00f3n viva de la nuesa identid\u00e1.<\/div>\n<div dir=\"auto\"><\/div>\n<div dir=\"auto\">Va analizase l<strong>a estructura y la funci\u00f3n de les prendes que se vistieron n&#8217;Asturies y construyeron la identid\u00e1 asturiana.<\/strong> El so estudiu av\u00e9ranos a un conceutu esencial: el cuerpu vist\u00edu ye la espresi\u00f3n material d&#8217;una idea sobro c\u00f3mo queremos ser vistos socialmente, y esa percepci\u00f3n algama un valor singular cuando se trata de la indumentaria identitaria d&#8217;un pa\u00eds.<\/div>\n<div dir=\"auto\"><\/div>\n<div dir=\"auto\">Mientres la conferencia, un grupu de collaboradores <strong>va dir visti\u00e9ndose en p\u00fablicu coles distintes pieces del traxe tradicional<\/strong>, nun procesu que va dexar apreciar, pasu a pasu, la riqueza de formes, tex\u00edos y colores que caractericen nuesa indumentaria m\u00e1s representativa.<\/div>\n<div dir=\"auto\"><\/div>\n<div dir=\"auto\">Esta puesta n&#8217;escena, de gran plasticid\u00e1 y guapura, va revelanos la t\u00e9cnica y la funci\u00f3n de cada pieza, y va amosar el conxuntu est\u00e9tico y simb\u00f3lico que nos identifica como asturianos.<strong> Elegancia, hestoria y memoria colectiva.<\/strong><\/div>\n<div dir=\"auto\"><\/div>\n<div dir=\"auto\">Tr\u00e1tase, a \u00faltima hora, d&#8217;una oportunid\u00e1 p&#8217;aprender del nuesu propiu pas\u00e1u y contemplar c\u00f3mo la tradici\u00f3n convi\u00e9rtese en llinguaxe visible y actual. La identid\u00e1 asturiana t\u00e9xese \u2014lliteral y emocionalmente\u2014 nes plegues de la so vestimienta.<\/div>\n<div dir=\"auto\">\nFe Santove\u00f1a Zapatero naci\u00f3 en Viba\u00f1u (Llanes) y mora angua\u00f1o n&#8217;Uvi\u00e9u. Doctora n&#8217;Hestoria y Antropolox\u00eda Social y Cultural, ye profesora d&#8217;Hestoria y Antropolox\u00eda nel IES de Ventanielles. Ye <strong>esperta del m\u00e1ximu nivel n&#8217;indumentaria tradicional asturiana<\/strong>, tema sobro&#8217;l que tien publicaos dellos llibros y art\u00edculos ya imparti\u00f3 numberoses conferencies. Comisaria d&#8217;esposiciones nel Mus\u00e9u del Pueblu d\u2019Asturies, vien impartiendo dende 2014 hasta g\u00fcei dellos cursos d&#8217;estensi\u00f3n cultural d&#8217;Antropolox\u00eda social y cultural na mesma instituci\u00f3n.<\/div>\n<\/div>\n<\/div>\n<\/div>\n<\/div>\n<\/div>\n<\/div>\n<\/div>\n<\/div>\n<p>&nbsp;<\/p>\n","protected":false},"excerpt":{"rendered":"<p>Ateneo Obrero de Gij\u00f3n El pr\u00f3ximu martes, 11 de payares, a les 19 H.00\u2019, nel Antepar de la 2\u00aa Planta de la Escuela de Comerciu (Cai Francisco Tom\u00e1s y Valiente, 1), va impartise una conferencia sol t\u00edtulu Estructura y funci\u00f3n del traxe asturianu, a cargu la Doctora n&#8217;Hestoria y Antropolox\u00eda Fe Santove\u00f1a Zapatero.<\/p>\n","protected":false},"author":117,"featured_media":0,"comment_status":"closed","ping_status":"open","sticky":false,"template":"","format":"standard","meta":{"footnotes":""},"categories":[242,210],"tags":[],"class_list":["post-61379","post","type-post","status-publish","format-standard","hentry","category-charres","category-indumentaria"],"_links":{"self":[{"href":"https:\/\/edublog.educastur.es\/ixuxu\/wp-json\/wp\/v2\/posts\/61379","targetHints":{"allow":["GET"]}}],"collection":[{"href":"https:\/\/edublog.educastur.es\/ixuxu\/wp-json\/wp\/v2\/posts"}],"about":[{"href":"https:\/\/edublog.educastur.es\/ixuxu\/wp-json\/wp\/v2\/types\/post"}],"author":[{"embeddable":true,"href":"https:\/\/edublog.educastur.es\/ixuxu\/wp-json\/wp\/v2\/users\/117"}],"replies":[{"embeddable":true,"href":"https:\/\/edublog.educastur.es\/ixuxu\/wp-json\/wp\/v2\/comments?post=61379"}],"version-history":[{"count":1,"href":"https:\/\/edublog.educastur.es\/ixuxu\/wp-json\/wp\/v2\/posts\/61379\/revisions"}],"predecessor-version":[{"id":61380,"href":"https:\/\/edublog.educastur.es\/ixuxu\/wp-json\/wp\/v2\/posts\/61379\/revisions\/61380"}],"wp:attachment":[{"href":"https:\/\/edublog.educastur.es\/ixuxu\/wp-json\/wp\/v2\/media?parent=61379"}],"wp:term":[{"taxonomy":"category","embeddable":true,"href":"https:\/\/edublog.educastur.es\/ixuxu\/wp-json\/wp\/v2\/categories?post=61379"},{"taxonomy":"post_tag","embeddable":true,"href":"https:\/\/edublog.educastur.es\/ixuxu\/wp-json\/wp\/v2\/tags?post=61379"}],"curies":[{"name":"wp","href":"https:\/\/api.w.org\/{rel}","templated":true}]}}