{"id":61390,"date":"2025-11-12T13:13:22","date_gmt":"2025-11-12T11:13:22","guid":{"rendered":"https:\/\/edublog.educastur.es\/ixuxu\/?p=61390"},"modified":"2025-11-12T13:24:50","modified_gmt":"2025-11-12T11:24:50","slug":"arte-nos-pueblos","status":"publish","type":"post","link":"https:\/\/edublog.educastur.es\/ixuxu\/2025\/11\/arte-nos-pueblos\/","title":{"rendered":"Arte nos pueblos"},"content":{"rendered":"<p class=\"ft-title ft-helper-spacer-b-xs ft-helper-fontSize-heading-M\"><span style=\"font-size: 14px\">El pueblu asturianu de Banksy: esta ye la orixinal y desconocida aldega llena de semeyes de los sos vecinos en puertes, ventanes y fachaes. La idea de pintar estos murales, que recuerden a los del famosu artista ingl\u00e9s an\u00f3nimu, parti\u00f3 de l&#8217;artista Mar\u00eda del Roxo, con raiga\u00f1os familiares nesti bella aldega.<a href=\"https:\/\/www.lne.es\/occidente\/2025\/11\/11\/pueblo-asturiano-banksy-original-desconocida-123596149.html?utm_content=link&amp;utm_medium=social&amp;utm_campaign=echobox&amp;utm_source=Facebook\"> LNE<\/a><\/span><\/p>\n<p style=\"text-align: center\"><a href=\"https:\/\/estaticos-cdn.prensaiberica.es\/clip\/86e0651f-03cc-4b61-8194-3e5d269e077a_16-9-discover-aspect-ratio_default_0.webp\"><img loading=\"lazy\" decoding=\"async\" class=\"aligncenter size-large\" src=\"https:\/\/estaticos-cdn.prensaiberica.es\/clip\/86e0651f-03cc-4b61-8194-3e5d269e077a_16-9-discover-aspect-ratio_default_0.webp\" width=\"1200\" height=\"675\" \/><\/a><\/p>\n<p><!--more--><\/p>\n<p>Na Asturies m\u00e1s fonda y desconocida hai un pequenu pueblu, de tan solu dolce habitantes, que ta llenu de murales urbanos que paecen pintaos pol mesmu Banksy, ese artista ingl\u00e9s de nome y cara desconocida, que les sos obres na cai lleguen a vendese por cifres millonaries.<\/p>\n<p style=\"text-align: center\"><a href=\"https:\/\/estaticos-cdn.prensaiberica.es\/clip\/bb6567a9-819f-4fc2-ad90-1a0cde84267d_source-aspect-ratio_default_0.webp\"><img loading=\"lazy\" decoding=\"async\" class=\"aligncenter size-large\" src=\"https:\/\/estaticos-cdn.prensaiberica.es\/clip\/bb6567a9-819f-4fc2-ad90-1a0cde84267d_source-aspect-ratio_default_0.webp\" width=\"1300\" height=\"792\" \/><\/a><\/p>\n<p><em>Una pintura n&#8217;una casa abandonada \/Mar\u00eda del Roxo<\/em><\/p>\n<p>Sicas\u00ed, en Villaoril, nel conceyu d&#8217;Ibias, el Banksy nun ye an\u00f3nimu y ye una muyer. Ll\u00e1mase Mar\u00eda del Roxo, con raiga\u00f1os familiares nel pueblu, qu&#8217;empez\u00f3 en 2008 por recrear a dellos vecinos, ente ellos los sos padres, nun enorme mural na fachada llateral d&#8217;un garaxe que \u00abtaba fe\u00edsimo\u00bb. \u00abD\u00edxi-y al due\u00f1u que, si lo lluc\u00eda, fa\u00eda-y un mural por que la entrada al pueblu vi\u00e9rase bonita\u00bb, esplic\u00f3 l&#8217;artista a LA NUEVA ESPA\u00d1A. Y eso fixeron dambos.<\/p>\n<p><strong>Para enguapecer el pueblu y fortalecer llazos vecinales.<\/strong><\/p>\n<p>Asina empez\u00f3 tou. En 2022, Mar\u00eda del Roxo punxo en marcha&#8217;l proyectu \u00ab\u00c9rase una vegada en Villaoril\u00bb, una iniciativa art\u00edstica comu\u00f1al qu&#8217;escorr\u00eda, am\u00e1s de fortalecer los llazos vecinales, enguapecer el pueblu y la so redolada. L&#8217;artista asturiana conviertese\u00a0 nun Banksy cola cara destapada.<\/p>\n<p>Les ne\u00f1es apruc\u00edes a la ventana Empez\u00f3 incorporando na ventana d&#8217;una casa&#8217;l<br \/>\ncuadru d&#8217;unes ne\u00f1es, como si tuvieren apruc\u00edes. Sigui\u00f3 pintando na puerta d&#8217;una casa abandonada, quemada pol sol, a un paisanu del pueblu. Sigui\u00f3 inmortalizando a una se\u00f1ora aprucida n&#8217;una puerta partida. Depu\u00e9s a otra muyer barriendo n&#8217;otra puerta. Y otra m\u00e1s aprucida a la ventana so un horru&#8230;<\/p>\n<p>Otra obra que lluz na aldega de Villaoril \/ Mar\u00eda del Roxo<\/p>\n<p>Frutu d&#8217;esta orixinal acci\u00f3n, Villaoril ye g\u00fcei una especie de mus\u00e9u al campu, nel que los protagonistes son los mesmos vecinos. Am\u00e1s de pintures, hai escultures. Esti pueblu, o meyor dichu aldega, atopase a dos hores llargues d&#8217;Uvi\u00e9u, nel bellu conceyu d&#8217;Ibias, un gran desconoc\u00edu para&#8217;l gran p\u00fablicu y nel que s&#8217;alienda paz y naturaleza.<\/p>\n<p style=\"text-align: center\"><a href=\"https:\/\/estaticos-cdn.prensaiberica.es\/clip\/cb099836-3c86-4302-a60f-8443099d6b8a_source-aspect-ratio_default_0.webp\"><img loading=\"lazy\" decoding=\"async\" class=\"aligncenter \" src=\"https:\/\/estaticos-cdn.prensaiberica.es\/clip\/cb099836-3c86-4302-a60f-8443099d6b8a_source-aspect-ratio_default_0.webp\" width=\"386\" height=\"356\" \/><\/a><\/p>\n<p><strong>Asina ye Ibias<\/strong><br \/>\nIbias foi una de les grandes reserves d&#8217;oru del imperiu romanu y ent\u00e1 g\u00fcei caltien les buelgues d&#8217;aquelles esplotaciones aur\u00edferas. Tierra de castros y trubiecu de la cultura cunqueira del occidente asturianu, en *Ibias puede vese la cayuela negra tan caracter\u00edstica d&#8217;esta contorna, les pallozas o los vi\u00f1eos d&#8217;altu monte, traces qu&#8217;acuten la so cerbuna personalid\u00e1, cincelada a base d&#8217;esfuerzu, d&#8217;emigraci\u00f3n y del duru trabayu nes mines d&#8217;antracita de Tormaleo.<\/p>\n<p>Tierra de dulce y soleyeru microclima, parte del so territoriu ye Parque Natural y Reserva de la Biosfera, y son munches les rutes de senderismo y les actividaes na naturaleza \u2013como la caza y la pesca\u2013 que Ibias ufierta al viaxeru. Especialmente encament\u00e1u para aventureros ye&#8217;l descensu en canoa pol Navia o pol Ibias, y tami\u00e9n tien un puntu montascosu la Ruta de los Puertos, que suma nomes llexendarios de la orograf\u00eda asturiana como&#8217;l Cou\u00f1o o&#8217;l Pozu de les Muyeres Muertes.<\/p>\n<p style=\"text-align: center\"><a href=\"https:\/\/estaticos-cdn.prensaiberica.es\/clip\/2a9a8f9b-0836-40f1-a6b2-66bf63f41d18_source-aspect-ratio_default_0.webp\"><img loading=\"lazy\" decoding=\"async\" class=\"aligncenter \" src=\"https:\/\/estaticos-cdn.prensaiberica.es\/clip\/2a9a8f9b-0836-40f1-a6b2-66bf63f41d18_source-aspect-ratio_default_0.webp\" width=\"332\" height=\"442\" \/><\/a><\/p>\n","protected":false},"excerpt":{"rendered":"<p>El pueblu asturianu de Banksy: esta ye la orixinal y desconocida aldega llena de semeyes de los sos vecinos en puertes, ventanes y fachaes. La idea de pintar estos murales, que recuerden a los del famosu artista ingl\u00e9s an\u00f3nimu, parti\u00f3 de l&#8217;artista Mar\u00eda del Roxo, con raiga\u00f1os familiares nesti bella aldega. LNE<\/p>\n","protected":false},"author":117,"featured_media":0,"comment_status":"closed","ping_status":"open","sticky":false,"template":"","format":"standard","meta":{"footnotes":""},"categories":[89,22],"tags":[],"class_list":["post-61390","post","type-post","status-publish","format-standard","hentry","category-arte","category-pueblos"],"_links":{"self":[{"href":"https:\/\/edublog.educastur.es\/ixuxu\/wp-json\/wp\/v2\/posts\/61390","targetHints":{"allow":["GET"]}}],"collection":[{"href":"https:\/\/edublog.educastur.es\/ixuxu\/wp-json\/wp\/v2\/posts"}],"about":[{"href":"https:\/\/edublog.educastur.es\/ixuxu\/wp-json\/wp\/v2\/types\/post"}],"author":[{"embeddable":true,"href":"https:\/\/edublog.educastur.es\/ixuxu\/wp-json\/wp\/v2\/users\/117"}],"replies":[{"embeddable":true,"href":"https:\/\/edublog.educastur.es\/ixuxu\/wp-json\/wp\/v2\/comments?post=61390"}],"version-history":[{"count":6,"href":"https:\/\/edublog.educastur.es\/ixuxu\/wp-json\/wp\/v2\/posts\/61390\/revisions"}],"predecessor-version":[{"id":61397,"href":"https:\/\/edublog.educastur.es\/ixuxu\/wp-json\/wp\/v2\/posts\/61390\/revisions\/61397"}],"wp:attachment":[{"href":"https:\/\/edublog.educastur.es\/ixuxu\/wp-json\/wp\/v2\/media?parent=61390"}],"wp:term":[{"taxonomy":"category","embeddable":true,"href":"https:\/\/edublog.educastur.es\/ixuxu\/wp-json\/wp\/v2\/categories?post=61390"},{"taxonomy":"post_tag","embeddable":true,"href":"https:\/\/edublog.educastur.es\/ixuxu\/wp-json\/wp\/v2\/tags?post=61390"}],"curies":[{"name":"wp","href":"https:\/\/api.w.org\/{rel}","templated":true}]}}