{"id":61399,"date":"2025-11-12T13:30:05","date_gmt":"2025-11-12T11:30:05","guid":{"rendered":"https:\/\/edublog.educastur.es\/ixuxu\/?p=61399"},"modified":"2025-11-12T13:30:17","modified_gmt":"2025-11-12T11:30:17","slug":"61399","status":"publish","type":"post","link":"https:\/\/edublog.educastur.es\/ixuxu\/2025\/11\/61399\/","title":{"rendered":"National Geographic escueye un casta\u00f1ar asturianu como uno de los m\u00e1s bellos d&#8217;Espa\u00f1a"},"content":{"rendered":"<p style=\"text-align: center\"><a href=\"https:\/\/img.lavdg.com\/sc\/3OqphGal34_h6Vnhz_jgrjq8EYQ=\/768x\/2018\/07\/19\/00121532013755393827369\/Foto\/bosquedemoalalejandroabadia.jpg\"><img loading=\"lazy\" decoding=\"async\" class=\"aligncenter size-large\" src=\"https:\/\/img.lavdg.com\/sc\/3OqphGal34_h6Vnhz_jgrjq8EYQ=\/768x\/2018\/07\/19\/00121532013755393827369\/Foto\/bosquedemoalalejandroabadia.jpg\" width=\"768\" height=\"432\" \/><\/a><\/p>\n<p>National Geographic escueye un casta\u00f1ar asturianu como uno de los m\u00e1s bellos d&#8217;Espa\u00f1a. Monte de Moal. Definen esti enclave como \u00abuna bella paraxa al par que misteriosu\u00bb. <a href=\"https:\/\/www.lavozdeasturias.es\/noticia\/viral\/2025\/11\/05\/national-geographic-selecciona-castanar-asturiano-bellos-espana\/00031762359839465841468.htm\">La Voz<\/a><\/p>\n<p style=\"text-align: center\"><!--more--><br \/>\nAgora que tamos met\u00edos de llenu en plena seronda, lleguen con \u00e9l les sos caracter\u00edstiques fueyes caduques, los anocheceres m\u00e1s tempraneros y el fr\u00edu. Pero tami\u00e9n ye una estaci\u00f3n que nos dexa esfrutar de rutes espectaculares nes que y\u00e1 podemos ver c\u00f3mo les casta\u00f1es cay\u00edes de los \u00e1rboles anubren los sos senderos colos sos pulgos en forma de corpusp\u00edn. Por esti motivu, dende National Geographic, una de les revistes de viaxes m\u00e1s prestixoses de too el planeta, decidieron arrexuntar nun art\u00edculu los meyores *casta\u00f1ares del nuesu pa\u00eds.<\/p>\n<p>Como nun pod\u00eda ser d&#8217;otra forma, Asturies, una tierra especialmente rellacionada coles casta\u00f1es, cuenta cola so propia representaci\u00f3n na selecci\u00f3n del mediu estadounidense.<\/p>\n<p>Nesta pieza period\u00edstica espl\u00edcase l&#8217;orixe del Amag\u00fcestu, \u00abuna celebraci\u00f3n d&#8217;orixe paganu qu&#8217;honraba la llegada de les colleches de la seronda\u00bb. Am\u00e1s, encamienten empezar esta festivid\u00e1 \u00abcaleciendo&#8217;l cuerpu con lleche de casta\u00f1es, pa dempu\u00e9s llanzase a percorrer los montes\u00bb.<\/p>\n<p>El casta\u00f1ar qu&#8217;escoyeron atopase en Moal y catalogase como unu de los \u00abm\u00e1s bellos d&#8217;Asturies\u00bb. S&#8217;engloba nel marcu del <strong>Parque Natural de les Fontes del Narcea, Dega\u00f1a y Ibias.<\/strong> Describise como \u00abuna bella paraxa al par que misteriosu\u00bb y espliquen estes caracter\u00edstiques por \u00ablo tupio de la so floresta y poles gurrianes que suelen escondela hasta mediud\u00eda\u00bb. Finalmente, espliquen que la sienda que la percuerre tien 9 km ida y vuelta y empec\u00edpiase dende Cangas.<\/p>\n<p>A lo \u00faltimo, los otros enclaves escoy\u00edos nesti art\u00edculu son: El Tremezo (\u00c1vila), Los Migollos (Lli\u00f3n), Montseny (Barcelona\/Girona), Valle del Ambroz (C\u00e1ceres), Raspiar de Puertu Real (Madrid), Valle del Genal (M\u00e1laga), O Courel (Llugo) y Se\u00f1or\u00edu de B\u00e9rtiz (Navarra).<\/p>\n","protected":false},"excerpt":{"rendered":"<p>National Geographic escueye un casta\u00f1ar asturianu como uno de los m\u00e1s bellos d&#8217;Espa\u00f1a. Monte de Moal. Definen esti enclave como \u00abuna bella paraxa al par que misteriosu\u00bb. La Voz<\/p>\n","protected":false},"author":117,"featured_media":0,"comment_status":"closed","ping_status":"open","sticky":false,"template":"","format":"standard","meta":{"footnotes":""},"categories":[1],"tags":[],"class_list":["post-61399","post","type-post","status-publish","format-standard","hentry","category-sin-categoria"],"_links":{"self":[{"href":"https:\/\/edublog.educastur.es\/ixuxu\/wp-json\/wp\/v2\/posts\/61399","targetHints":{"allow":["GET"]}}],"collection":[{"href":"https:\/\/edublog.educastur.es\/ixuxu\/wp-json\/wp\/v2\/posts"}],"about":[{"href":"https:\/\/edublog.educastur.es\/ixuxu\/wp-json\/wp\/v2\/types\/post"}],"author":[{"embeddable":true,"href":"https:\/\/edublog.educastur.es\/ixuxu\/wp-json\/wp\/v2\/users\/117"}],"replies":[{"embeddable":true,"href":"https:\/\/edublog.educastur.es\/ixuxu\/wp-json\/wp\/v2\/comments?post=61399"}],"version-history":[{"count":2,"href":"https:\/\/edublog.educastur.es\/ixuxu\/wp-json\/wp\/v2\/posts\/61399\/revisions"}],"predecessor-version":[{"id":61401,"href":"https:\/\/edublog.educastur.es\/ixuxu\/wp-json\/wp\/v2\/posts\/61399\/revisions\/61401"}],"wp:attachment":[{"href":"https:\/\/edublog.educastur.es\/ixuxu\/wp-json\/wp\/v2\/media?parent=61399"}],"wp:term":[{"taxonomy":"category","embeddable":true,"href":"https:\/\/edublog.educastur.es\/ixuxu\/wp-json\/wp\/v2\/categories?post=61399"},{"taxonomy":"post_tag","embeddable":true,"href":"https:\/\/edublog.educastur.es\/ixuxu\/wp-json\/wp\/v2\/tags?post=61399"}],"curies":[{"name":"wp","href":"https:\/\/api.w.org\/{rel}","templated":true}]}}