{"id":61408,"date":"2025-11-12T15:37:04","date_gmt":"2025-11-12T13:37:04","guid":{"rendered":"https:\/\/edublog.educastur.es\/ixuxu\/?p=61408"},"modified":"2025-11-12T15:58:42","modified_gmt":"2025-11-12T13:58:42","slug":"61408","status":"publish","type":"post","link":"https:\/\/edublog.educastur.es\/ixuxu\/2025\/11\/61408\/","title":{"rendered":"Rub\u00e9n Bada\u00a0anuncia les primeres feches\u00a0de la xira"},"content":{"rendered":"<div class=\"html-div xdj266r x14z9mp xat24cr x1lziwak xexx8yu x1a8lsjc xf7dkkf xv54qhq\">\n<div class=\"html-div xdj266r x14z9mp xat24cr x1lziwak xexx8yu xyri2b x18d9i69 x1c1uobl x1jx94hy x78zum5 x1q0g3np\">\n<div class=\"x78zum5 xdt5ytf xz62fqu x16ldp7u\">\n<div class=\"xu06os2 x1ok221b\">\n<div class=\"html-div xdj266r x14z9mp xat24cr x1lziwak xexx8yu xyri2b x18d9i69 x1c1uobl\" data-ad-rendering-role=\"profile_name\">\n<ul>\n<li class=\"html-h3 x14z9mp xat24cr x1lziwak xexx8yu xyri2b x18d9i69 x1c1uobl x1vvkbs x1heor9g x1qlqyl8 x1pd3egz x1a2a7pz x1gslohp x1yc453h\"><span class=\"x1lliihq x6ikm8r x10wlt62 x1n2onr6\"><span class=\"xt0psk2\"><a class=\"x1i10hfl xjbqb8w x1ejq31n x18oe1m7 x1sy0etr xstzfhl x972fbf x10w94by x1qhh985 x14e42zd x9f619 x1ypdohk xt0psk2 x3ct3a4 xdj266r x14z9mp xat24cr x1lziwak xexx8yu xyri2b x18d9i69 x1c1uobl x16tdsg8 x1hl2dhg xggy1nq x1a2a7pz xkrqix3 x1sur9pj xzsf02u x1s688f\" role=\"link\" href=\"https:\/\/www.facebook.com\/profile.php?id=100063667863169&amp;__cft__[0]=AZUbbnczDQvH07XIaPc_s1vmiOun-keDeq27x1wyqL5w0RXXX0Qi3YwtMq8y8PL1C-GsKHd0lPm29jtqcExf5KXA24CDgICF_661wctMzGWNxC-AhV398aBdR_YrxNl69aQhOaGgVQpxxUgAi_N1eDuwiUSCXN2V2uR868Ovhw-yhxaQ9Eofp3nOoJHEUvpNhAZiXLkpddPO7E_CfKZPN9Wl&amp;__tn__=-UC%2CP-y-R\"><b class=\"html-b xdj266r x14z9mp xat24cr x1lziwak xexx8yu xyri2b x18d9i69 x1c1uobl x1hl2dhg x16tdsg8 x1vvkbs x1s688f\"><span class=\"html-span xdj266r x14z9mp xat24cr x1lziwak xexx8yu xyri2b x18d9i69 x1c1uobl x1hl2dhg x16tdsg8 x1vvkbs\">Rub\u00e9n Bada Music<\/span><\/b><\/a><\/span><\/span><\/li>\n<\/ul>\n<\/div>\n<\/div>\n<div class=\"xu06os2 x1ok221b\">\n<div class=\"html-div xdj266r x14z9mp xat24cr x1lziwak xexx8yu xyri2b x18d9i69 x1c1uobl x6s0dn4 x17zd0t2 x78zum5 x1q0g3np x1a02dak\" style=\"text-align: center\"><span class=\"x193iq5w xeuugli x13faqbe x1vvkbs xt0psk2 x1i0vuye xvs91rp xo1l8bm x5n08af x10wh9bi xpm28yp x8viiok x1o7cslx x126k92a\"><span class=\"html-span xexx8yu x4uap5 x18d9i69 xkhd6sd x1hl2dhg x16tdsg8 x1vvkbs x3nfvp2 x1j61x8r x1fcty0u xdj266r xat24cr xgzva0m xhhsvwb xxymvpz xlup9mm x1kky2od\">\n<!-- iframe plugin v.6.0 wordpress.org\/plugins\/iframe\/ -->\n<iframe loading=\"lazy\" src=\"https:\/\/www.instagram.com\/reel\/DPD9hmziiYN\/embed\" width=\"500\" height=\"555\" 0=\"\/iframe\" scrolling=\"yes\" class=\"iframe-class\" frameborder=\"0\"><\/iframe>\n<\/span><\/span><\/div>\n<div><\/div>\n<\/div>\n<\/div>\n<\/div>\n<\/div>\n<div class=\"html-div xdj266r x14z9mp xat24cr x1lziwak xexx8yu xyri2b x18d9i69 x1c1uobl\" dir=\"auto\">\n<div class=\"html-div xdj266r x14z9mp xat24cr x1lziwak xexx8yu xyri2b x18d9i69 x1c1uobl\" dir=\"auto\">\n<div class=\"html-div xdj266r x14z9mp xat24cr x1lziwak xexx8yu xyri2b x18d9i69 x1c1uobl\" data-ad-rendering-role=\"story_message\">\n<div class=\"x1l90r2v x1iorvi4 x1g0dm76 xpdmqnj\" data-ad-comet-preview=\"message\" data-ad-preview=\"message\">\n<div class=\"x78zum5 xdt5ytf xz62fqu x16ldp7u\">\n<div class=\"xu06os2 x1ok221b\">\n<div class=\"html-div xdj266r x14z9mp xat24cr x1lziwak xexx8yu xyri2b x18d9i69 x1c1uobl\">\n<div class=\"xdj266r x14z9mp xat24cr x1lziwak x1vvkbs x126k92a\">\n<div dir=\"auto\">Eiqu\u00ed vos van las fechas de presentaci\u00f3n del discu que voi dir fiendo esta seronda\/hibiernu n&#8217;Asturies. V\u00e9monos? Y\u00e1 pod\u00e9is sentir el mio discu (triple!) en\u00a0<a class=\"x1i10hfl xjbqb8w x1ejq31n x18oe1m7 x1sy0etr xstzfhl x972fbf x10w94by x1qhh985 x14e42zd x9f619 x1ypdohk xt0psk2 x3ct3a4 xdj266r x14z9mp xat24cr x1lziwak xexx8yu xyri2b x18d9i69 x1c1uobl x16tdsg8 x1hl2dhg xggy1nq x1a2a7pz notranslate _a6hd\" role=\"link\" href=\"https:\/\/www.instagram.com\/bandcamp\/\">@bandcamp<\/a> . <a href=\"https:\/\/musicasturiana.com\/producto\/ruben-bada-cd-ruben-bada\/\">Mercar discu<\/a>. Enllaz na bio. <a href=\"https:\/\/musicasturiana.com\/ruben-bada-anuncia-les-primeres-feches-de-la-xira-presentacion-del-so-discu-en-solitario\/\">Musicasturiana.com\u00a0<\/a><\/div>\n<div dir=\"auto\"><!--more--><\/div>\n<\/div>\n<div dir=\"auto\">\n<p>Dempu\u00e9s d\u2019estrenar en setiembre\u2019l so<a href=\"https:\/\/musicasturiana.com\/producto\/ruben-bada-cd-ruben-bada\/\">\u00a0primer \u00e1lbum en solitario<\/a>\u00a0con un conciertu en La Ben\u00e9fica de Pilo\u00f1a,\u00a0<strong>Rub\u00e9n Bada\u00a0<\/strong>anuncia les<strong>\u00a0seis primeres feches\u00a0<\/strong>de la xira presentaci\u00f3n del discu.\u00a0<strong>Grau, Xix\u00f3n, Teberga, Uvi\u00e9u, Xix\u00f3n, Glasgow.<\/strong><\/p>\n<p style=\"text-align: center\"><span class=\"x193iq5w xeuugli x13faqbe x1vvkbs xt0psk2 x1i0vuye xvs91rp xo1l8bm x5n08af x10wh9bi xpm28yp x8viiok x1o7cslx x126k92a\"><span class=\"html-span xexx8yu x4uap5 x18d9i69 xkhd6sd x1hl2dhg x16tdsg8 x1vvkbs x3nfvp2 x1j61x8r x1fcty0u xdj266r xat24cr xgzva0m xhhsvwb xxymvpz xlup9mm x1kky2od\">\n<!-- iframe plugin v.6.0 wordpress.org\/plugins\/iframe\/ -->\n<iframe loading=\"lazy\" src=\"https:\/\/www.instagram.com\/reel\/DQ6VdgxjOJx\/embed\" width=\"500\" height=\"645\" 0=\"\/iframe\" scrolling=\"yes\" class=\"iframe-class\" frameborder=\"0\"><\/iframe>\n<\/span><\/span><\/p>\n<div class=\"elementor-element elementor-element-00f4678 elementor-widget__width-inherit elementor-widget elementor-widget-theme-post-excerpt\" data-id=\"00f4678\" data-element_type=\"widget\" data-widget_type=\"theme-post-excerpt.default\">\n<div class=\"elementor-widget-container\">Primer discu en solitario de\u00a0<strong>Rub\u00e9n Bada<\/strong>. Ye un trabayu divid\u00edu en<strong>\u00a0tres partes<\/strong>: \u2018Cantares\u2019, \u2018Vigul\u00edn\u2019 y \u2018Guitarra\u2019 qu\u2019amuesen la visi\u00f3n m\u00e1s personal del m\u00fasicu al travi\u00e9s d\u2019ig\u00fces y composiciones nueves.<\/div>\n<\/div>\n<div class=\"elementor-element elementor-element-6138e4e elementor-widget__width-inherit elementor-widget elementor-widget-theme-post-featured-image elementor-widget-image\" data-id=\"6138e4e\" data-element_type=\"widget\" data-widget_type=\"theme-post-featured-image.default\"><\/div>\n<div data-id=\"6138e4e\" data-element_type=\"widget\" data-widget_type=\"theme-post-featured-image.default\"><strong>\u2018Guitarra\u2019\u00a0<\/strong>tien seis cortes con pieces interpretaos en x\u00e9neru\u00a0<strong>instrumental<\/strong>, emplegando\u2019l so estilu de \u2018fingerpicking\u2019 col que ya ven\u00eda trabayando n\u2019otros tantos proyectos.\u00a0<strong>\u2018Vigul\u00edn\u2019\u00a0<\/strong>son cuatro cortes nos qu\u2019ufierta pieces mui lligaes a la tradici\u00f3n del<strong>\u00a0baille:<\/strong>\u00a0xotes, mu\u00f1eres, agarraos, etc., dalgunes tradicionales, otros de composici\u00f3n propia.\u00a0<strong>\u2018Cantares\u2019<\/strong>\u00a0ye la parte dedicada a les coples y les melod\u00edes tradicionales y populares, de\u00a0<strong>chigre<\/strong>, pal\u00a0<strong>baille<\/strong>, de\u00a0<strong>tonada<\/strong>\u2026 Les igues d\u2019estos temes amuesen la\u00a0<strong>visi\u00f3n m\u00e1s personal<\/strong>\u00a0del m\u00fasicu sobre estos repertorios.<\/div>\n<p><em>Rub\u00e9n Bada<\/em>\u00a0ye\u2019l discu hom\u00f3nimu nuevu d\u2019esti reputad\u00edsimu m\u00fasicu\u2019l pa\u00eds. L\u2019artista llanz\u00f3 un \u00ab<strong>tr\u00edpticu<\/strong>\u00bb que tien tr\u00e9s estayes \u2013<strong>\u2018Guitarra<\/strong>\u2018,\u00a0<strong>\u2018Vigul\u00edn\u2019\u00a0<\/strong>y\u00a0\u2018<strong>Cantares<\/strong>\u2018- na que ca\u00fana fai referencia a<strong>\u00a0tr\u00e9s \u00f3ptiques<\/strong>\u00a0dende les que Bada mira\u2019l folk y la m\u00fasica tradicional. Con esta filosof\u00eda\u2019l m\u00fasicu aviles\u00edn va actuar el 15 de payares na\u00a0<strong>Seronda en Danza<\/strong>\u00a0de Grau; el 28 de payares na\u00a0<strong>Taberna Narciso<\/strong>\u00a0de Teberga; el 30 de payares en\u00a0<strong>Lata de Zinc<\/strong>\u00a0(Uvi\u00e9u); el 18 d\u2019avientu nel\u00a0<strong>Meidinerz Jazz Club\u00a0<\/strong>de Xix\u00f3n; el 26 de xineru nel prestixosu\u00a0<strong>Celtic Connections\u00a0<\/strong>de Glasglow (dientro del espect\u00e1culu Celtic Odissey); y el 7 de febreru nun escenariu<strong>\u00a0ent\u00e1 por anunciar<\/strong>.<\/p>\n<p>Nestos conciertos van sonar les pieces que formen les tr\u00e9s estayes del so trabayu nuevu. En<strong>\u00a0\u2018Guitarra\u2019\u00a0<\/strong>hai seis cortes con pieces interpretaes en x\u00e9neru\u00a0<strong>instrumental\u00a0<\/strong>col so instrumentu principal, emplegando\u2019l so estilu de\u00a0<em>fingerpicking\u00a0<\/em>col que y\u00e1 ven\u00eda trabayando n\u2019otros tantos proyectos.\u00a0<strong>\u2018Vigul\u00edn\u2019\u00a0<\/strong>son cuatro cortes nos qu\u2019ufierta pieces mui lligaes a la tradici\u00f3n del<strong>\u00a0baille:<\/strong>\u00a0xotes, mu\u00f1eires, agarraos, etc., dalgunes tradicionales, otres de composici\u00f3n propia.\u00a0<strong>\u2018Cantares\u2019<\/strong>\u00a0ye la parte dedicada a les coples y les melod\u00edes tradicionales y populares, de\u00a0<strong>chigre<\/strong>, pal\u00a0<strong>baille<\/strong>, de\u00a0<strong>tonada<\/strong>\u2026 Les ig\u00fces d\u2019estos temes son ocho\u00a0<strong>ayalgues\u00a0<\/strong>qu\u2019amuesen quiciabes la\u00a0<strong>visi\u00f3n m\u00e1s personal<\/strong>\u00a0del m\u00fasicu sobre estos repertorios.<\/p>\n<div class=\"wp-block-spacer\" aria-hidden=\"true\"><\/div>\n<h2 class=\"wp-block-heading\"><mark class=\"has-inline-color\">Un m\u00fasicu con proyecci\u00f3n<\/mark><\/h2>\n<p>Rub\u00e9n Bada ye \u00fan de los m\u00fasicos de folk asturianos con mayor<strong>\u00a0<\/strong>proyecci\u00f3n internacional.\u00a0<strong>Vigulineru, guitarrista y conoc\u00edu sobre manera por tocar el bouzouki<\/strong>, collabor\u00f3 con grupos como\u00a0<strong>Corqui\u00e9u, N\u2019Arba, Dixebra<\/strong>\u2026 Foi miembru de<strong>\u00a0DRD, X\u00e9liba, L-R<\/strong>, y ta acabante d\u2019asoleyar el so\u00a0<strong>primer discu en solitario<\/strong>, am\u00e1s de continuar col grupu\u00a0<strong>Calea<\/strong>, y collaborar con una montonera grupos y agrupaciones na escena asturiana, ente los que se cunta\u00a0<strong>Rodrigo Cuevas<\/strong>.<\/p>\n<div class=\"wp-block-spacer\" aria-hidden=\"true\"><\/div>\n<\/div>\n<\/div>\n<\/div>\n<\/div>\n<\/div>\n<\/div>\n<\/div>\n<\/div>\n<p>&nbsp;<\/p>\n","protected":false},"excerpt":{"rendered":"<p>Rub\u00e9n Bada Music Eiqu\u00ed vos van las fechas de presentaci\u00f3n del discu que voi dir fiendo esta seronda\/hibiernu n&#8217;Asturies. V\u00e9monos? Y\u00e1 pod\u00e9is sentir el mio discu (triple!) en\u00a0@bandcamp . Mercar discu. Enllaz na bio. Musicasturiana.com\u00a0<\/p>\n","protected":false},"author":117,"featured_media":0,"comment_status":"closed","ping_status":"open","sticky":false,"template":"","format":"standard","meta":{"footnotes":""},"categories":[35,125],"tags":[],"class_list":["post-61408","post","type-post","status-publish","format-standard","hentry","category-musica","category-musicasturiana-com"],"_links":{"self":[{"href":"https:\/\/edublog.educastur.es\/ixuxu\/wp-json\/wp\/v2\/posts\/61408","targetHints":{"allow":["GET"]}}],"collection":[{"href":"https:\/\/edublog.educastur.es\/ixuxu\/wp-json\/wp\/v2\/posts"}],"about":[{"href":"https:\/\/edublog.educastur.es\/ixuxu\/wp-json\/wp\/v2\/types\/post"}],"author":[{"embeddable":true,"href":"https:\/\/edublog.educastur.es\/ixuxu\/wp-json\/wp\/v2\/users\/117"}],"replies":[{"embeddable":true,"href":"https:\/\/edublog.educastur.es\/ixuxu\/wp-json\/wp\/v2\/comments?post=61408"}],"version-history":[{"count":8,"href":"https:\/\/edublog.educastur.es\/ixuxu\/wp-json\/wp\/v2\/posts\/61408\/revisions"}],"predecessor-version":[{"id":61433,"href":"https:\/\/edublog.educastur.es\/ixuxu\/wp-json\/wp\/v2\/posts\/61408\/revisions\/61433"}],"wp:attachment":[{"href":"https:\/\/edublog.educastur.es\/ixuxu\/wp-json\/wp\/v2\/media?parent=61408"}],"wp:term":[{"taxonomy":"category","embeddable":true,"href":"https:\/\/edublog.educastur.es\/ixuxu\/wp-json\/wp\/v2\/categories?post=61408"},{"taxonomy":"post_tag","embeddable":true,"href":"https:\/\/edublog.educastur.es\/ixuxu\/wp-json\/wp\/v2\/tags?post=61408"}],"curies":[{"name":"wp","href":"https:\/\/api.w.org\/{rel}","templated":true}]}}