{"id":61418,"date":"2025-11-12T15:45:45","date_gmt":"2025-11-12T13:45:45","guid":{"rendered":"https:\/\/edublog.educastur.es\/ixuxu\/?p=61418"},"modified":"2025-11-13T11:38:10","modified_gmt":"2025-11-13T09:38:10","slug":"alcuentru-de-deporte-tradicional","status":"publish","type":"post","link":"https:\/\/edublog.educastur.es\/ixuxu\/2025\/11\/alcuentru-de-deporte-tradicional\/","title":{"rendered":"30\u00ba Alcuentru de Deporte Tradicional"},"content":{"rendered":"<p style=\"text-align: center\"><a href=\"https:\/\/estaticos-cdn.prensaiberica.es\/clip\/c0988812-6939-46ec-8123-55b2126c4e03_16-9-aspect-ratio_default_0.webp\"><img loading=\"lazy\" decoding=\"async\" class=\"aligncenter size-large\" src=\"https:\/\/estaticos-cdn.prensaiberica.es\/clip\/c0988812-6939-46ec-8123-55b2126c4e03_16-9-aspect-ratio_default_0.webp\" width=\"880\" height=\"495\" \/><\/a><\/p>\n<p>Carrera de \u00ablecheres\u00bb, piedres de 60 quilos pel aire y hachaes nel duelu \u00e1stur-vascu celebr\u00e1u en Mieres: \u00abEqu\u00ed non quier perder nin Dios\u00bb. L&#8217;Alcuentru de Deporte Tradicional foi entam\u00e1u pol club asturianu Seis Conceyos. <a href=\"https:\/\/www.elcomercio.es\/deportes\/mas-deportes\/deporte-tradicional-asturiano-mira-colegios-20251113210231-nt.html\">El Comercio<\/a> \/ L<a href=\"https:\/\/www.lne.es\/cuencas\/2025\/11\/09\/carrera-lecheres-piedras-60-kilos-123538530.html?utm_campaign=mrf-facebook-lnecuencas&amp;mrfcid=20251109690da7017d66e20ec5d69d29\">NE<\/a><\/p>\n<p><!--more--><\/p>\n<p>Hachos, sierres, tueros, piedres&#8230;. El patiu de los colexos Lic\u00e9u Mierense y Aniceto Sela de Mieres convirti\u00f3se esti domingu nel escenariu de la trix\u00e9sima edici\u00f3n de los Alcuentros de Deporte Tradicional qu&#8217;entama&#8217;l club asturianu Seis Conceyos, un eventu que tien por oxetivu amosar el trabayu que se fai dende la entid\u00e1, y dende otros \u00e1mbitos, en favor de caltener estes actividaes tradicionales.<\/p>\n<p style=\"text-align: center\"><a href=\"https:\/\/estaticos-cdn.prensaiberica.es\/clip\/fb172518-977d-48cc-bff6-6bceadb73e54_16-9-aspect-ratio_default_0.webp\"><img loading=\"lazy\" decoding=\"async\" class=\"aligncenter size-large\" src=\"https:\/\/estaticos-cdn.prensaiberica.es\/clip\/fb172518-977d-48cc-bff6-6bceadb73e54_16-9-aspect-ratio_default_0.webp\" width=\"880\" height=\"495\" \/><\/a><\/p>\n<p>Jos\u00e9 Antonio \u00c1lvarez, m\u00e1s conoc\u00edu como \u00abPola\u00bb, ye unu de los responsables de la entid\u00e1 asturiana. \u00abPara n\u00f3s esti alcuentru ye como cerrar la temporada\u00bb, esplica, para amestar que magar llevar tr\u00e9s d\u00e9cades col eventu, esta ye la primer vegada que se celebra en Mieres.<\/p>\n<p>Llega a la cabecera del Caudal por un bon motivu: \u00abFaemos un pequenu homenaxe a unu de los fundadores del equipu, Xuacu Naredo, que precisamente se retir\u00f3 equ\u00ed en Mieres tres una exhibici\u00f3n\u00bb, se\u00f1ala Pola.<\/p>\n<p style=\"text-align: center\"><a href=\"https:\/\/s2.ppllstatics.com\/elcomercio\/www\/multimedia\/2025\/11\/12\/d2.jpg\"><img loading=\"lazy\" decoding=\"async\" class=\"aligncenter \" src=\"https:\/\/s2.ppllstatics.com\/elcomercio\/www\/multimedia\/2025\/11\/12\/d2.jpg\" width=\"588\" height=\"1207\" \/><\/a><\/p>\n<p>Mientres la ma\u00f1ana, fu\u00e9ronse asocediendo les distinta competiciones, nes que, anque amistoses, toos quer\u00eden ganar.<\/p>\n<p>&nbsp;<\/p>\n<p>Tami\u00e9n se realiz\u00f3 la modalid\u00e1 de tronz\u00f3n, un corte de tueru con sierra primeru y con hachu dempu\u00e9s. La carrera de lecheres, con pieces d&#8217;ente 25 y 25 quilos, tampoco pod\u00eda faltar nuna prueba de deportes tradicionales.<\/p>\n<p><a href=\"https:\/\/s2.ppllstatics.com\/elcomercio\/www\/multimedia\/2025\/11\/12\/110334697-kf1--1200x840@El%20Comercio.jpg\"><img loading=\"lazy\" decoding=\"async\" class=\"aligncenter size-large\" src=\"https:\/\/s2.ppllstatics.com\/elcomercio\/www\/multimedia\/2025\/11\/12\/110334697-kf1--1200x840@El%20Comercio.jpg\" width=\"1200\" height=\"831\" \/><\/a><\/p>\n<p>El platu fuerte de la ma\u00f1ana llegar\u00eda pa cerrar. Un mano a mano de corte de tueros con hachu por pareyes ente David Naredo y Joritz Guisasola, per un sitiu, y Julen Larrea y Atizol Atuxa, pol otru.<\/p>\n<p>Dolce tueros per pareya, no que foi una competici\u00f3n bien re\u00f1ida y aplaudida pol p\u00fablicu.<\/p>\n<p style=\"text-align: center\"><a href=\"https:\/\/s3.ppllstatics.com\/elcomercio\/www\/multimedia\/2025\/11\/12\/d1.jpg\"><img loading=\"lazy\" decoding=\"async\" class=\"aligncenter size-large\" src=\"https:\/\/s3.ppllstatics.com\/elcomercio\/www\/multimedia\/2025\/11\/12\/d1.jpg\" width=\"787\" height=\"632\" \/><\/a><\/p>\n<p style=\"text-align: center\"><a href=\"https:\/\/s2.ppllstatics.com\/elcomercio\/www\/multimedia\/2025\/11\/12\/d3.jpg\"><img loading=\"lazy\" decoding=\"async\" class=\"aligncenter size-large\" src=\"https:\/\/s2.ppllstatics.com\/elcomercio\/www\/multimedia\/2025\/11\/12\/d3.jpg\" width=\"378\" height=\"569\" \/><\/a><\/p>\n","protected":false},"excerpt":{"rendered":"<p>Carrera de \u00ablecheres\u00bb, piedres de 60 quilos pel aire y hachaes nel duelu \u00e1stur-vascu celebr\u00e1u en Mieres: \u00abEqu\u00ed non quier perder nin Dios\u00bb. L&#8217;Alcuentru de Deporte Tradicional foi entam\u00e1u pol club asturianu Seis Conceyos. El Comercio \/ LNE<\/p>\n","protected":false},"author":117,"featured_media":0,"comment_status":"closed","ping_status":"open","sticky":false,"template":"","format":"standard","meta":{"footnotes":""},"categories":[133],"tags":[],"class_list":["post-61418","post","type-post","status-publish","format-standard","hentry","category-deportes"],"_links":{"self":[{"href":"https:\/\/edublog.educastur.es\/ixuxu\/wp-json\/wp\/v2\/posts\/61418","targetHints":{"allow":["GET"]}}],"collection":[{"href":"https:\/\/edublog.educastur.es\/ixuxu\/wp-json\/wp\/v2\/posts"}],"about":[{"href":"https:\/\/edublog.educastur.es\/ixuxu\/wp-json\/wp\/v2\/types\/post"}],"author":[{"embeddable":true,"href":"https:\/\/edublog.educastur.es\/ixuxu\/wp-json\/wp\/v2\/users\/117"}],"replies":[{"embeddable":true,"href":"https:\/\/edublog.educastur.es\/ixuxu\/wp-json\/wp\/v2\/comments?post=61418"}],"version-history":[{"count":9,"href":"https:\/\/edublog.educastur.es\/ixuxu\/wp-json\/wp\/v2\/posts\/61418\/revisions"}],"predecessor-version":[{"id":61444,"href":"https:\/\/edublog.educastur.es\/ixuxu\/wp-json\/wp\/v2\/posts\/61418\/revisions\/61444"}],"wp:attachment":[{"href":"https:\/\/edublog.educastur.es\/ixuxu\/wp-json\/wp\/v2\/media?parent=61418"}],"wp:term":[{"taxonomy":"category","embeddable":true,"href":"https:\/\/edublog.educastur.es\/ixuxu\/wp-json\/wp\/v2\/categories?post=61418"},{"taxonomy":"post_tag","embeddable":true,"href":"https:\/\/edublog.educastur.es\/ixuxu\/wp-json\/wp\/v2\/tags?post=61418"}],"curies":[{"name":"wp","href":"https:\/\/api.w.org\/{rel}","templated":true}]}}