{"id":61426,"date":"2025-11-12T15:55:51","date_gmt":"2025-11-12T13:55:51","guid":{"rendered":"https:\/\/edublog.educastur.es\/ixuxu\/?p=61426"},"modified":"2025-11-16T22:15:20","modified_gmt":"2025-11-16T20:15:20","slug":"en-que-bosque-viesca","status":"publish","type":"post","link":"https:\/\/edublog.educastur.es\/ixuxu\/2025\/11\/en-que-bosque-viesca\/","title":{"rendered":"\u00bfEn qu\u00e9 bosque\/viesca?"},"content":{"rendered":"<div class=\"html-div xdj266r x14z9mp xat24cr x1lziwak xexx8yu xyri2b x18d9i69 x1c1uobl x9f619 xjbqb8w x78zum5 x15mokao x1ga7v0g x16uus16 xbiv7yw x1uhb9sk x1plvlek xryxfnj x1c4vz4f x2lah0s x1q0g3np xqjyukv x1qjc9v5 x1oa3qoh x1nhvcw1\" style=\"text-align: center\"><span class=\"x193iq5w xeuugli x13faqbe x1vvkbs xt0psk2 x1i0vuye xvs91rp xo1l8bm x5n08af x10wh9bi xpm28yp x8viiok x1o7cslx x126k92a\"><span class=\"html-span xexx8yu x4uap5 x18d9i69 xkhd6sd x1hl2dhg x16tdsg8 x1vvkbs x3nfvp2 x1j61x8r x1fcty0u xdj266r xat24cr xgzva0m xhhsvwb xxymvpz xlup9mm x1kky2od\">\n<!-- iframe plugin v.6.0 wordpress.org\/plugins\/iframe\/ -->\n<iframe loading=\"lazy\" src=\"https:\/\/www.instagram.com\/reel\/DQ3eYlQCATz\/embed\" width=\"500\" height=\"595\" 0=\"\/iframe\" scrolling=\"yes\" class=\"iframe-class\" frameborder=\"0\"><\/iframe>\n<\/span><\/span><\/div>\n<p style=\"text-align: center\"><span class=\"x193iq5w xeuugli x13faqbe x1vvkbs xt0psk2 x1i0vuye xvs91rp xo1l8bm x5n08af x10wh9bi xpm28yp x8viiok x1o7cslx x126k92a\">THE ASTURIANER N 66<br \/>\n<a class=\"x1i10hfl xjbqb8w x1ejq31n x18oe1m7 x1sy0etr xstzfhl x972fbf x10w94by x1qhh985 x14e42zd x9f619 x1ypdohk xt0psk2 x3ct3a4 xdj266r x14z9mp xat24cr x1lziwak xexx8yu xyri2b x18d9i69 x1c1uobl x16tdsg8 x1hl2dhg xggy1nq x1a2a7pz notranslate _a6hd\" role=\"link\" href=\"https:\/\/www.instagram.com\/theasturianer\/\">@theasturianer<\/a>.<br \/>\nAutor \u00d3SCAR V\u00c1ZQUEZ \/ Testu: LETICIA S\u00c1NCHEZ<\/span><\/p>\n<p>&nbsp;<\/p>\n<p><span style=\"color: #008080\"><em>G\u00fcei somorguiamos no que ye una tema recurrente na nuesa cultura y en la nuesa tradici\u00f3n: la maxa qu&#8217;escuende&#8217;l monte y los seres mitol\u00f3xicos que lu habiten.<\/em><\/span><\/p>\n<p><span style=\"color: #008080\"><em>\u2028Solo que nesta ocasi\u00f3n, estos paecen salir d&#8217;un videoxuegu, nel que los \u00e1rboles \u00e1lcense como guardianes y, ente les sos solombres, mu\u00e9vense figures de g\u00fceyos brillosos y pelos de colores imposibles.<\/em><\/span><\/p>\n<p><!--more--><\/p>\n<p><span style=\"color: #008080\"><em>Esti monte esti\u00e9ndese m\u00e1s all\u00e1 de los mapes conoc\u00edos, ell\u00ed onde la borrina paez alendar y los son\u00edos entemecios con murmurios que nun pertenecen del tou al mundu humanu.<\/em><\/span><\/p>\n<p><span style=\"color: #008080\"><em>Dalgunos aseguren que la frontera ente lo natural y lo dixital haise difuminado; que los antiguos esp\u00edritos del monte adoptaron nueves formes, inspiraes pola imaxinaci\u00f3n de quien los sua\u00f1en.<\/em><\/span><\/p>\n<p><span style=\"color: #008080\"><em>Ente los felechos y los r\u00edos ocultos, les Xanes agora tienen rellumos de ne\u00f3n nos sos pelos, los trasgus xueguen con lluces flotantes que paecen p\u00edxeles errantes, y el cu\u00e9lebre, inmensu y serpenteante, emite un rellumu que recuerda a la rellumada d&#8217;una pantalla encendida na escurid\u00e1.<\/em><\/span><\/p>\n<p><span style=\"color: #008080\"><em>Nun ye un monte cualesquier. Ye un llugar onde la tradici\u00f3n y la fantas\u00eda contemporanea f\u00fandense, onde los mitos paecen actualizase, volviendo a la vida con una est\u00e9tica nueva, vibrante y casi irreal.<\/em><\/span><\/p>\n<p><span style=\"color: #008080\"><em>Quien s&#8217;enfusa n\u00e9l siente la sensaci\u00f3n de tar dientro d&#8217;un sua\u00f1u o d&#8217;un xuegu ensin final.\u2028Y quiciabes, solo quiciabes, eso s\u00eda esactamente lo que&#8217;l monte quier: que recordemos que la maxa nunca sume, solo camud\u00f3 de forma<\/em><\/span><\/p>\n<p>\u00d3scar V\u00e1zquez Gonz\u00e1lez <a class=\"x1i10hfl xjbqb8w x1ejq31n x18oe1m7 x1sy0etr xstzfhl x972fbf x10w94by x1qhh985 x14e42zd x9f619 x1ypdohk xt0psk2 x3ct3a4 xdj266r x14z9mp xat24cr x1lziwak xexx8yu xyri2b x18d9i69 x1c1uobl x16tdsg8 x1hl2dhg xggy1nq x1a2a7pz notranslate _a6hd\" role=\"link\" href=\"https:\/\/www.instagram.com\/oscar_manin\/\">@oscar_manin<\/a> ye ilustrador y dise\u00f1ador gr\u00e1ficu en <a class=\"x1i10hfl xjbqb8w x1ejq31n x18oe1m7 x1sy0etr xstzfhl x972fbf x10w94by x1qhh985 x14e42zd x9f619 x1ypdohk xt0psk2 x3ct3a4 xdj266r x14z9mp xat24cr x1lziwak xexx8yu xyri2b x18d9i69 x1c1uobl x16tdsg8 x1hl2dhg xggy1nq x1a2a7pz notranslate _a6hd\" role=\"link\" href=\"https:\/\/www.instagram.com\/lamagiaestudio\/\">@lamagiaestudio<\/a>. Sus dise\u00f1os t\u00e1n empobinaos al sector editorial y prensa. Forma parte del proxecto Cu\u00e9lebre Cult, equipu especializ\u00e1u en videoxuegos onde ye&#8217;l responsable del dise\u00f1u de personaxes.<\/p>\n<p>Leticia Sanchez <a class=\"x1i10hfl xjbqb8w x1ejq31n x18oe1m7 x1sy0etr xstzfhl x972fbf x10w94by x1qhh985 x14e42zd x9f619 x1ypdohk xt0psk2 x3ct3a4 xdj266r x14z9mp xat24cr x1lziwak xexx8yu xyri2b x18d9i69 x1c1uobl x16tdsg8 x1hl2dhg xggy1nq x1a2a7pz notranslate _a6hd\" role=\"link\" href=\"https:\/\/www.instagram.com\/letisaurus\/\">@letisaurus<\/a> . ye unu d&#8217;esos personaxes m\u00e1xicos qu&#8217;habiten esi monte, habita na copa del \u00e1rbol de les palabres y enll\u00e9nanos de lluz cuando invocamos la so presencia.<\/p>\n<p>&nbsp;<\/p>\n","protected":false},"excerpt":{"rendered":"<p>THE ASTURIANER N 66 @theasturianer. Autor \u00d3SCAR V\u00c1ZQUEZ \/ Testu: LETICIA S\u00c1NCHEZ &nbsp; G\u00fcei somorguiamos no que ye una tema recurrente na nuesa cultura y en la nuesa tradici\u00f3n: la maxa qu&#8217;escuende&#8217;l monte y los seres mitol\u00f3xicos que lu habiten. \u2028Solo que nesta ocasi\u00f3n, estos paecen salir d&#8217;un videoxuegu, nel que los \u00e1rboles \u00e1lcense como [&hellip;]<\/p>\n","protected":false},"author":117,"featured_media":0,"comment_status":"closed","ping_status":"open","sticky":false,"template":"","format":"standard","meta":{"footnotes":""},"categories":[1],"tags":[],"class_list":["post-61426","post","type-post","status-publish","format-standard","hentry","category-sin-categoria"],"_links":{"self":[{"href":"https:\/\/edublog.educastur.es\/ixuxu\/wp-json\/wp\/v2\/posts\/61426","targetHints":{"allow":["GET"]}}],"collection":[{"href":"https:\/\/edublog.educastur.es\/ixuxu\/wp-json\/wp\/v2\/posts"}],"about":[{"href":"https:\/\/edublog.educastur.es\/ixuxu\/wp-json\/wp\/v2\/types\/post"}],"author":[{"embeddable":true,"href":"https:\/\/edublog.educastur.es\/ixuxu\/wp-json\/wp\/v2\/users\/117"}],"replies":[{"embeddable":true,"href":"https:\/\/edublog.educastur.es\/ixuxu\/wp-json\/wp\/v2\/comments?post=61426"}],"version-history":[{"count":3,"href":"https:\/\/edublog.educastur.es\/ixuxu\/wp-json\/wp\/v2\/posts\/61426\/revisions"}],"predecessor-version":[{"id":61430,"href":"https:\/\/edublog.educastur.es\/ixuxu\/wp-json\/wp\/v2\/posts\/61426\/revisions\/61430"}],"wp:attachment":[{"href":"https:\/\/edublog.educastur.es\/ixuxu\/wp-json\/wp\/v2\/media?parent=61426"}],"wp:term":[{"taxonomy":"category","embeddable":true,"href":"https:\/\/edublog.educastur.es\/ixuxu\/wp-json\/wp\/v2\/categories?post=61426"},{"taxonomy":"post_tag","embeddable":true,"href":"https:\/\/edublog.educastur.es\/ixuxu\/wp-json\/wp\/v2\/tags?post=61426"}],"curies":[{"name":"wp","href":"https:\/\/api.w.org\/{rel}","templated":true}]}}