{"id":61436,"date":"2025-11-13T09:56:44","date_gmt":"2025-11-13T07:56:44","guid":{"rendered":"https:\/\/edublog.educastur.es\/ixuxu\/?p=61436"},"modified":"2025-11-13T09:56:44","modified_gmt":"2025-11-13T07:56:44","slug":"el-tiempu-el-comercio-184","status":"publish","type":"post","link":"https:\/\/edublog.educastur.es\/ixuxu\/2025\/11\/el-tiempu-el-comercio-184\/","title":{"rendered":"El tiempu (El Comercio)"},"content":{"rendered":"<p style=\"text-align: center\"><a href=\"https:\/\/s3.ppllstatics.com\/elcomercio\/www\/multimedia\/2025\/11\/12\/prevision-tiempo-asturias-kAeH-U2302588077118HVD-1200x870@El%20Comercio.jpg\"><img loading=\"lazy\" decoding=\"async\" class=\"aligncenter size-large\" src=\"https:\/\/s3.ppllstatics.com\/elcomercio\/www\/multimedia\/2025\/11\/12\/prevision-tiempo-asturias-kAeH-U2302588077118HVD-1200x870@El%20Comercio.jpg\" width=\"1200\" height=\"870\" \/><\/a><\/p>\n<p>Volver\u00e1n rexistrase raches tan intenses o, inclusive, podr\u00eden superase les del mi\u00e9rcoles. La umbada atl\u00e1ntica va siguir barganal de les mari\u00f1es peninsulares mientres los pr\u00f3ximos d\u00edes. Ciertu ye que va dir perdiendo fuerza a partir del vienres polo que les raches, anque van siguir siendo importantes, van dise adulces moderando.<\/p>\n<p><!--more--><\/p>\n<p>Pero&#8217;l xueves va ser otru d\u00eda bien airosu con raches localmente fuertes que traen l&#8217;activaci\u00f3n del avisu naranxa nel cordal per parte de l&#8217;Axencia Estatal de Meteorolox\u00eda hasta&#8217;l final de la xornada. Los modelos meteorol\u00f3xicos apunten a temporaes m\u00e1ximes d&#8217;hasta 140 km\/h nel cordal tantu central como oriental, raches d&#8217;hasta 90 km\/h nel restu del terciu sur y nel occidente, y raches que podr\u00eden superar los 60 *km\/*h en cualesquier otru puntu del Princip\u00e1u d&#8217;Asturies.<\/p>\n<p>En cuanto al <strong>est\u00e1u de los cielos<\/strong>, van predominar los intervalos de nubes medies y altes polo xeneral. La \u00fanica esceici\u00f3n va tener llugar nel cordal y zones pr\u00f3ximes onde s\u00ed s&#8217;esperen nubes baxes que van dexar precipitaciones que podr\u00eden ser persistentes mientres tol d\u00eda. Estes ag\u00fces van ser pocu probables nel restu de la rex\u00f3n y, especialmente, cuanto m\u00e1s movamos escontra&#8217;l norte y oriente asturianu. <strong>Les temperatures m\u00e1ximes<\/strong> van ser bien prestoses anque, posiblemente, baxen nel casu de les m\u00e1ximes respectu al mi\u00e9rcoles.<\/p>\n","protected":false},"excerpt":{"rendered":"<p>Volver\u00e1n rexistrase raches tan intenses o, inclusive, podr\u00eden superase les del mi\u00e9rcoles. La umbada atl\u00e1ntica va siguir barganal de les mari\u00f1es peninsulares mientres los pr\u00f3ximos d\u00edes. Ciertu ye que va dir perdiendo fuerza a partir del vienres polo que les raches, anque van siguir siendo importantes, van dise adulces moderando.<\/p>\n","protected":false},"author":117,"featured_media":0,"comment_status":"closed","ping_status":"open","sticky":false,"template":"","format":"standard","meta":{"footnotes":""},"categories":[5],"tags":[],"class_list":["post-61436","post","type-post","status-publish","format-standard","hentry","category-tiempu"],"_links":{"self":[{"href":"https:\/\/edublog.educastur.es\/ixuxu\/wp-json\/wp\/v2\/posts\/61436","targetHints":{"allow":["GET"]}}],"collection":[{"href":"https:\/\/edublog.educastur.es\/ixuxu\/wp-json\/wp\/v2\/posts"}],"about":[{"href":"https:\/\/edublog.educastur.es\/ixuxu\/wp-json\/wp\/v2\/types\/post"}],"author":[{"embeddable":true,"href":"https:\/\/edublog.educastur.es\/ixuxu\/wp-json\/wp\/v2\/users\/117"}],"replies":[{"embeddable":true,"href":"https:\/\/edublog.educastur.es\/ixuxu\/wp-json\/wp\/v2\/comments?post=61436"}],"version-history":[{"count":1,"href":"https:\/\/edublog.educastur.es\/ixuxu\/wp-json\/wp\/v2\/posts\/61436\/revisions"}],"predecessor-version":[{"id":61437,"href":"https:\/\/edublog.educastur.es\/ixuxu\/wp-json\/wp\/v2\/posts\/61436\/revisions\/61437"}],"wp:attachment":[{"href":"https:\/\/edublog.educastur.es\/ixuxu\/wp-json\/wp\/v2\/media?parent=61436"}],"wp:term":[{"taxonomy":"category","embeddable":true,"href":"https:\/\/edublog.educastur.es\/ixuxu\/wp-json\/wp\/v2\/categories?post=61436"},{"taxonomy":"post_tag","embeddable":true,"href":"https:\/\/edublog.educastur.es\/ixuxu\/wp-json\/wp\/v2\/tags?post=61436"}],"curies":[{"name":"wp","href":"https:\/\/api.w.org\/{rel}","templated":true}]}}