{"id":61452,"date":"2025-11-13T11:52:14","date_gmt":"2025-11-13T09:52:14","guid":{"rendered":"https:\/\/edublog.educastur.es\/ixuxu\/?p=61452"},"modified":"2025-11-13T11:52:14","modified_gmt":"2025-11-13T09:52:14","slug":"noveda-xugando-colos-colores","status":"publish","type":"post","link":"https:\/\/edublog.educastur.es\/ixuxu\/2025\/11\/noveda-xugando-colos-colores\/","title":{"rendered":"Noved\u00e1: \u00abXugando colos colores\u00bb"},"content":{"rendered":"<div class=\"html-div xdj266r x14z9mp xat24cr x1lziwak xexx8yu x1a8lsjc xf7dkkf xv54qhq\">\n<div class=\"html-div xdj266r x14z9mp xat24cr x1lziwak xexx8yu xyri2b x18d9i69 x1c1uobl x1jx94hy x78zum5 x1q0g3np\">\n<div class=\"x78zum5 xdt5ytf xz62fqu x16ldp7u\">\n<div class=\"xu06os2 x1ok221b\">\n<div class=\"html-div xdj266r x14z9mp xat24cr x1lziwak xexx8yu xyri2b x18d9i69 x1c1uobl\" data-ad-rendering-role=\"profile_name\">\n<ul>\n<li class=\"html-h3 x14z9mp xat24cr x1lziwak xexx8yu xyri2b x18d9i69 x1c1uobl x1vvkbs x1heor9g x1qlqyl8 x1pd3egz x1a2a7pz x1gslohp x1yc453h\"><span class=\"x1lliihq x6ikm8r x10wlt62 x1n2onr6\"><span class=\"xt0psk2\"><a class=\"x1i10hfl xjbqb8w x1ejq31n x18oe1m7 x1sy0etr xstzfhl x972fbf x10w94by x1qhh985 x14e42zd x9f619 x1ypdohk xt0psk2 x3ct3a4 xdj266r x14z9mp xat24cr x1lziwak xexx8yu xyri2b x18d9i69 x1c1uobl x16tdsg8 x1hl2dhg xggy1nq x1a2a7pz xkrqix3 x1sur9pj xzsf02u x1s688f\" role=\"link\" href=\"https:\/\/www.facebook.com\/SamuelEstherTrabe?__cft__[0]=AZWopl38ugc8NazHtVOrylkxRV_ydfI7MjOm_gb2PUeAzdQv23Nw1vga8BaP6F2k2T0UGoFrzD5l4EjStoLT9b4lFyGat7u_PfFbvbPQIxxCb45JCn15ucxhSsnhrUFTEj0pkjArYLbLRwU6uJP9JnSNCOKJg_TqDmx3ZZTdfSmVZ-Y3fukXt8nL0ngVeuhFwXA&amp;__tn__=-UC%2CP-y-R\"><b class=\"html-b xdj266r x14z9mp xat24cr x1lziwak xexx8yu xyri2b x18d9i69 x1c1uobl x1hl2dhg x16tdsg8 x1vvkbs x1s688f\"><span class=\"html-span xdj266r x14z9mp xat24cr x1lziwak xexx8yu xyri2b x18d9i69 x1c1uobl x1hl2dhg x16tdsg8 x1vvkbs\">Samuel Castro<\/span><\/b><\/a><\/span><\/span><\/li>\n<\/ul>\n<\/div>\n<\/div>\n<div class=\"xu06os2 x1ok221b\">\n<ul>\n<li class=\"html-div xdj266r x14z9mp xat24cr x1lziwak xexx8yu xyri2b x18d9i69 x1c1uobl x6s0dn4 x17zd0t2 x78zum5 x1q0g3np x1a02dak\">XUGANDO COLOS COLORES \/ David Fern\u00e1ndez \/ Ilustraciones d&#8217;Erika Dur\u00e1n.\/ 978-84-10345-57-7 \/ 12 pp. (carton\u00e9) \/ 16 x 16 cm \/ 8 \u20ac \/ Mercar: <span class=\"html-span xdj266r x14z9mp xat24cr x1lziwak xexx8yu xyri2b x18d9i69 x1c1uobl x1hl2dhg x16tdsg8 x1vvkbs\"><a class=\"x1i10hfl xjbqb8w x1ejq31n x18oe1m7 x1sy0etr xstzfhl x972fbf x10w94by x1qhh985 x14e42zd x9f619 x1ypdohk xt0psk2 x3ct3a4 xdj266r x14z9mp xat24cr x1lziwak xexx8yu xyri2b x18d9i69 x1c1uobl x16tdsg8 x1hl2dhg xggy1nq x1a2a7pz xkrqix3 x1sur9pj x1fey0fg x1s688f\" role=\"link\" href=\"https:\/\/tienda.trabe.org\/as\/infantil-y-xuvenil\/2656-xugando-colos-colores.html?fbclid=IwZXh0bgNhZW0CMTAAYnJpZBEwZmRaNVBNS0t3VUJpZTJKYnNydGMGYXBwX2lkEDIyMjAzOTE3ODgyMDA4OTIAAR6X5fU2tHElV_z881jqP1kALBeOVBNpR1CT5wpjKt3e8CuHfaGgKkFU6EBnSg_aem_eYWcKDR0jbx6hCLYZRjyxg\" target=\"_blank\" rel=\"nofollow noopener noreferrer\">https:\/\/tienda.trabe.org\/&#8230;\/2656-xugando-colos-colores.html<\/a><\/span><\/li>\n<\/ul>\n<p style=\"text-align: center\"><a href=\"https:\/\/tienda.trabe.org\/1351-thickbox_default\/xugando-colos-colores.jpg\"><img loading=\"lazy\" decoding=\"async\" class=\"aligncenter size-large\" src=\"https:\/\/tienda.trabe.org\/1351-thickbox_default\/xugando-colos-colores.jpg\" width=\"550\" height=\"611\" \/><\/a><\/p>\n<p>uartu n\u00fameru de la colecci\u00f3n Pequena, pensada pa la reciella prellectora. Deprendi los colores d\u2019una forma bien guapa. Equ\u00ed vas descubrir de que color son los pitinos peque\u00f1os, el mar, la \u00f1eve que cai n\u2019iviernu, los sem\u00e1foros cuando nun se pue pasar y hasta\u2019l color de los esbardos.<\/p>\n<\/div>\n<\/div>\n<\/div>\n<\/div>\n","protected":false},"excerpt":{"rendered":"<p>Samuel Castro XUGANDO COLOS COLORES \/ David Fern\u00e1ndez \/ Ilustraciones d&#8217;Erika Dur\u00e1n.\/ 978-84-10345-57-7 \/ 12 pp. (carton\u00e9) \/ 16 x 16 cm \/ 8 \u20ac \/ Mercar: https:\/\/tienda.trabe.org\/&#8230;\/2656-xugando-colos-colores.html uartu n\u00fameru de la colecci\u00f3n Pequena, pensada pa la reciella prellectora. Deprendi los colores d\u2019una forma bien guapa. Equ\u00ed vas descubrir de que color son los pitinos [&hellip;]<\/p>\n","protected":false},"author":117,"featured_media":0,"comment_status":"closed","ping_status":"open","sticky":false,"template":"","format":"standard","meta":{"footnotes":""},"categories":[10,13],"tags":[],"class_list":["post-61452","post","type-post","status-publish","format-standard","hentry","category-llibros-reciella","category-novedaes"],"_links":{"self":[{"href":"https:\/\/edublog.educastur.es\/ixuxu\/wp-json\/wp\/v2\/posts\/61452","targetHints":{"allow":["GET"]}}],"collection":[{"href":"https:\/\/edublog.educastur.es\/ixuxu\/wp-json\/wp\/v2\/posts"}],"about":[{"href":"https:\/\/edublog.educastur.es\/ixuxu\/wp-json\/wp\/v2\/types\/post"}],"author":[{"embeddable":true,"href":"https:\/\/edublog.educastur.es\/ixuxu\/wp-json\/wp\/v2\/users\/117"}],"replies":[{"embeddable":true,"href":"https:\/\/edublog.educastur.es\/ixuxu\/wp-json\/wp\/v2\/comments?post=61452"}],"version-history":[{"count":1,"href":"https:\/\/edublog.educastur.es\/ixuxu\/wp-json\/wp\/v2\/posts\/61452\/revisions"}],"predecessor-version":[{"id":61453,"href":"https:\/\/edublog.educastur.es\/ixuxu\/wp-json\/wp\/v2\/posts\/61452\/revisions\/61453"}],"wp:attachment":[{"href":"https:\/\/edublog.educastur.es\/ixuxu\/wp-json\/wp\/v2\/media?parent=61452"}],"wp:term":[{"taxonomy":"category","embeddable":true,"href":"https:\/\/edublog.educastur.es\/ixuxu\/wp-json\/wp\/v2\/categories?post=61452"},{"taxonomy":"post_tag","embeddable":true,"href":"https:\/\/edublog.educastur.es\/ixuxu\/wp-json\/wp\/v2\/tags?post=61452"}],"curies":[{"name":"wp","href":"https:\/\/api.w.org\/{rel}","templated":true}]}}