{"id":61461,"date":"2025-11-13T12:00:06","date_gmt":"2025-11-13T10:00:06","guid":{"rendered":"https:\/\/edublog.educastur.es\/ixuxu\/?p=61461"},"modified":"2025-11-13T12:02:49","modified_gmt":"2025-11-13T10:02:49","slug":"noveda-llibru-discu-de-pop-piquinin-musica-infantil-nasturianu","status":"publish","type":"post","link":"https:\/\/edublog.educastur.es\/ixuxu\/2025\/11\/noveda-llibru-discu-de-pop-piquinin-musica-infantil-nasturianu\/","title":{"rendered":"Noved\u00e1: llibru-discu de Pop-Piqui\u00f1\u00edn, m\u00fasica Infantil n&#8217;asturianu"},"content":{"rendered":"<div class=\"html-div xdj266r x14z9mp xat24cr x1lziwak xexx8yu x1a8lsjc xf7dkkf xv54qhq\">\n<div class=\"html-div xdj266r x14z9mp xat24cr x1lziwak xexx8yu xyri2b x18d9i69 x1c1uobl x1jx94hy x78zum5 x1q0g3np\">\n<div class=\"x78zum5 xdt5ytf xz62fqu x16ldp7u\">\n<div class=\"xu06os2 x1ok221b\">\n<div class=\"html-div xdj266r x14z9mp xat24cr x1lziwak xexx8yu xyri2b x18d9i69 x1c1uobl\" data-ad-rendering-role=\"profile_name\">\n<ul>\n<li class=\"html-h3 x14z9mp xat24cr x1lziwak xexx8yu xyri2b x18d9i69 x1c1uobl x1vvkbs x1heor9g x1qlqyl8 x1pd3egz x1a2a7pz x1gslohp x1yc453h\"><span class=\"x1lliihq x6ikm8r x10wlt62 x1n2onr6\"><span class=\"xt0psk2\"><a class=\"x1i10hfl xjbqb8w x1ejq31n x18oe1m7 x1sy0etr xstzfhl x972fbf x10w94by x1qhh985 x14e42zd x9f619 x1ypdohk xt0psk2 x3ct3a4 xdj266r x14z9mp xat24cr x1lziwak xexx8yu xyri2b x18d9i69 x1c1uobl x16tdsg8 x1hl2dhg xggy1nq x1a2a7pz xkrqix3 x1sur9pj xzsf02u x1s688f\" role=\"link\" href=\"https:\/\/www.facebook.com\/lafabriquina?__cft__[0]=AZX-8hXKhtOgU4O0RKAr8PyEkDes1QSqOUdcLLlqtJFxgHntoAKNdpap-we61SUq7yHQMpw4oUIqhN24h71dKAHMARw-gijIhhEyaE0e14LwkvSEWjm9wTFet3GUIBwmmUmsntkto23QZUNg1qMAF_0s3db45vcEKB348GY4QSc3FDoEFm5mux42cEq_yvDYMInFJEhm8-VmJrUxIq7KWoya&amp;__tn__=-UC%2CP-y-R\"><b class=\"html-b xdj266r x14z9mp xat24cr x1lziwak xexx8yu xyri2b x18d9i69 x1c1uobl x1hl2dhg x16tdsg8 x1vvkbs x1s688f\"><span class=\"html-span xdj266r x14z9mp xat24cr x1lziwak xexx8yu xyri2b x18d9i69 x1c1uobl x1hl2dhg x16tdsg8 x1vvkbs\">La Fabriquina<\/span><\/b><\/a><\/span><\/span>\/ <a href=\"https:\/\/musicasturiana.com\/la-fabriquina-axunta-nun-llibru-cd-los-meyores-cantares-nasturianu-de-pop-piquinin\/\">Musicasturiana.com<\/a> \/<\/li>\n<\/ul>\n<p style=\"text-align: center\"><a href=\"https:\/\/musicasturiana.com\/wp-content\/uploads\/2025\/11\/pop-piquinin-exemplares.jpg\"><img loading=\"lazy\" decoding=\"async\" class=\"aligncenter size-large\" src=\"https:\/\/musicasturiana.com\/wp-content\/uploads\/2025\/11\/pop-piquinin-exemplares.jpg\" width=\"1200\" height=\"600\" \/><\/a><\/p>\n<\/div>\n<\/div>\n<div class=\"xu06os2 x1ok221b\">\n<div><\/div>\n<div class=\"html-div xdj266r x14z9mp xat24cr x1lziwak xexx8yu xyri2b x18d9i69 x1c1uobl x6s0dn4 x17zd0t2 x78zum5 x1q0g3np x1a02dak\">La obra recueye diez temes d&#8217;esti grupu de m\u00fasica pa la reciella, les ilustraciones de Pedro Balmaseda y an\u00e9cdotes y curiosidaes de los cantares.\u00a0 Mui FELICES de presentar el nuevu llibru-discu de la nuestra colecci\u00f3n de M\u00fasica Infantil N&#8217;asturianu. <span class=\"html-span xexx8yu xyri2b x18d9i69 x1c1uobl x1hl2dhg x16tdsg8 x1vvkbs x3nfvp2 x1j61x8r x1fcty0u xdj266r xat24cr xm2jcoa x1mpyi22 xxymvpz xlup9mm x1kky2od\"><img loading=\"lazy\" decoding=\"async\" class=\"xz74otr x15mokao x1ga7v0g x16uus16 xbiv7yw\" src=\"https:\/\/static.xx.fbcdn.net\/images\/emoji.php\/v9\/t1f\/1\/16\/1f3b6.png\" alt=\"\ud83c\udfb6\" width=\"16\" height=\"16\" \/><\/span><span class=\"html-span xexx8yu xyri2b x18d9i69 x1c1uobl x1hl2dhg x16tdsg8 x1vvkbs x3nfvp2 x1j61x8r x1fcty0u xdj266r xat24cr xm2jcoa x1mpyi22 xxymvpz xlup9mm x1kky2od\"><img loading=\"lazy\" decoding=\"async\" class=\"xz74otr x15mokao x1ga7v0g x16uus16 xbiv7yw\" src=\"https:\/\/static.xx.fbcdn.net\/images\/emoji.php\/v9\/t1f\/1\/16\/1f3b6.png\" alt=\"\ud83c\udfb6\" width=\"16\" height=\"16\" \/><\/span><span class=\"html-span xexx8yu xyri2b x18d9i69 x1c1uobl x1hl2dhg x16tdsg8 x1vvkbs x3nfvp2 x1j61x8r x1fcty0u xdj266r xat24cr xm2jcoa x1mpyi22 xxymvpz xlup9mm x1kky2od\"><img loading=\"lazy\" decoding=\"async\" class=\"xz74otr x15mokao x1ga7v0g x16uus16 xbiv7yw\" src=\"https:\/\/static.xx.fbcdn.net\/images\/emoji.php\/v9\/t21\/1\/16\/1f4d9.png\" alt=\"\ud83d\udcd9\" width=\"16\" height=\"16\" \/><\/span><span class=\"html-span xexx8yu xyri2b x18d9i69 x1c1uobl x1hl2dhg x16tdsg8 x1vvkbs x3nfvp2 x1j61x8r x1fcty0u xdj266r xat24cr xm2jcoa x1mpyi22 xxymvpz xlup9mm x1kky2od\"><img loading=\"lazy\" decoding=\"async\" class=\"xz74otr x15mokao x1ga7v0g x16uus16 xbiv7yw\" src=\"https:\/\/static.xx.fbcdn.net\/images\/emoji.php\/v9\/t21\/1\/16\/1f4d9.png\" alt=\"\ud83d\udcd9\" width=\"16\" height=\"16\" \/><\/span><span class=\"html-span xexx8yu xyri2b x18d9i69 x1c1uobl x1hl2dhg x16tdsg8 x1vvkbs x3nfvp2 x1j61x8r x1fcty0u xdj266r xat24cr xm2jcoa x1mpyi22 xxymvpz xlup9mm x1kky2od\"><img loading=\"lazy\" decoding=\"async\" class=\"xz74otr x15mokao x1ga7v0g x16uus16 xbiv7yw\" src=\"https:\/\/static.xx.fbcdn.net\/images\/emoji.php\/v9\/t6c\/1\/16\/2764.png\" alt=\"\u2764\ufe0f\" width=\"16\" height=\"16\" \/><\/span> POP PIQUI\u00d1\u00cdN, una escoyeta de les canciones n&#8217;asturianu de Petit Pop, con ilustraciones de @pedro.balmaseda <span class=\"html-span xexx8yu xyri2b x18d9i69 x1c1uobl x1hl2dhg x16tdsg8 x1vvkbs x3nfvp2 x1j61x8r x1fcty0u xdj266r xat24cr xm2jcoa x1mpyi22 xxymvpz xlup9mm x1kky2od\"><img loading=\"lazy\" decoding=\"async\" class=\"xz74otr x15mokao x1ga7v0g x16uus16 xbiv7yw\" src=\"https:\/\/static.xx.fbcdn.net\/images\/emoji.php\/v9\/tea\/1\/16\/1f970.png\" alt=\"\ud83e\udd70\" width=\"16\" height=\"16\" \/><\/span><span class=\"html-span xexx8yu xyri2b x18d9i69 x1c1uobl x1hl2dhg x16tdsg8 x1vvkbs x3nfvp2 x1j61x8r x1fcty0u xdj266r xat24cr xm2jcoa x1mpyi22 xxymvpz xlup9mm x1kky2od\"><img loading=\"lazy\" decoding=\"async\" class=\"xz74otr x15mokao x1ga7v0g x16uus16 xbiv7yw\" src=\"https:\/\/static.xx.fbcdn.net\/images\/emoji.php\/v9\/tea\/1\/16\/1f970.png\" alt=\"\ud83e\udd70\" width=\"16\" height=\"16\" \/>El PR\u00d3XIMU 3 d&#8217;avientu en toles llibrer\u00edes.<\/span><span class=\"html-span xdj266r x14z9mp xat24cr x1lziwak xexx8yu xyri2b x18d9i69 x1c1uobl x1hl2dhg x16tdsg8 x1vvkbs\"><a class=\"x1i10hfl xjbqb8w x1ejq31n x18oe1m7 x1sy0etr xstzfhl x972fbf x10w94by x1qhh985 x14e42zd x9f619 x1ypdohk xt0psk2 x3ct3a4 xdj266r x14z9mp xat24cr x1lziwak xexx8yu xyri2b x18d9i69 x1c1uobl x16tdsg8 x1hl2dhg xggy1nq x1a2a7pz xkrqix3 x1sur9pj x1fey0fg x1s688f\" role=\"link\" href=\"https:\/\/www.facebook.com\/hashtag\/lafabriquina?__eep__=6&amp;__cft__[0]=AZX-8hXKhtOgU4O0RKAr8PyEkDes1QSqOUdcLLlqtJFxgHntoAKNdpap-we61SUq7yHQMpw4oUIqhN24h71dKAHMARw-gijIhhEyaE0e14LwkvSEWjm9wTFet3GUIBwmmUmsntkto23QZUNg1qMAF_0s3db45vcEKB348GY4QSc3FDoEFm5mux42cEq_yvDYMInFJEhm8-VmJrUxIq7KWoya&amp;__tn__=*NK-y-R\">#lafabriquina<\/a><\/span> <span class=\"html-span xdj266r x14z9mp xat24cr x1lziwak xexx8yu xyri2b x18d9i69 x1c1uobl x1hl2dhg x16tdsg8 x1vvkbs\"><a class=\"x1i10hfl xjbqb8w x1ejq31n x18oe1m7 x1sy0etr xstzfhl x972fbf x10w94by x1qhh985 x14e42zd x9f619 x1ypdohk xt0psk2 x3ct3a4 xdj266r x14z9mp xat24cr x1lziwak xexx8yu xyri2b x18d9i69 x1c1uobl x16tdsg8 x1hl2dhg xggy1nq x1a2a7pz xkrqix3 x1sur9pj x1fey0fg x1s688f\" role=\"link\" href=\"https:\/\/www.facebook.com\/hashtag\/poppiqui%C3%B1%C3%ADn?__eep__=6&amp;__cft__[0]=AZX-8hXKhtOgU4O0RKAr8PyEkDes1QSqOUdcLLlqtJFxgHntoAKNdpap-we61SUq7yHQMpw4oUIqhN24h71dKAHMARw-gijIhhEyaE0e14LwkvSEWjm9wTFet3GUIBwmmUmsntkto23QZUNg1qMAF_0s3db45vcEKB348GY4QSc3FDoEFm5mux42cEq_yvDYMInFJEhm8-VmJrUxIq7KWoya&amp;__tn__=*NK-y-R\">#poppiqui\u00f1\u00edn<\/a><\/span> <span class=\"html-span xdj266r x14z9mp xat24cr x1lziwak xexx8yu xyri2b x18d9i69 x1c1uobl x1hl2dhg x16tdsg8 x1vvkbs\"><a class=\"x1i10hfl xjbqb8w x1ejq31n x18oe1m7 x1sy0etr xstzfhl x972fbf x10w94by x1qhh985 x14e42zd x9f619 x1ypdohk xt0psk2 x3ct3a4 xdj266r x14z9mp xat24cr x1lziwak xexx8yu xyri2b x18d9i69 x1c1uobl x16tdsg8 x1hl2dhg xggy1nq x1a2a7pz xkrqix3 x1sur9pj x1fey0fg x1s688f\" role=\"link\" href=\"https:\/\/www.facebook.com\/hashtag\/petitpop?__eep__=6&amp;__cft__[0]=AZX-8hXKhtOgU4O0RKAr8PyEkDes1QSqOUdcLLlqtJFxgHntoAKNdpap-we61SUq7yHQMpw4oUIqhN24h71dKAHMARw-gijIhhEyaE0e14LwkvSEWjm9wTFet3GUIBwmmUmsntkto23QZUNg1qMAF_0s3db45vcEKB348GY4QSc3FDoEFm5mux42cEq_yvDYMInFJEhm8-VmJrUxIq7KWoya&amp;__tn__=*NK-y-R\">#petitpop<\/a><\/span> <span class=\"html-span xdj266r x14z9mp xat24cr x1lziwak xexx8yu xyri2b x18d9i69 x1c1uobl x1hl2dhg x16tdsg8 x1vvkbs\"><a class=\"x1i10hfl xjbqb8w x1ejq31n x18oe1m7 x1sy0etr xstzfhl x972fbf x10w94by x1qhh985 x14e42zd x9f619 x1ypdohk xt0psk2 x3ct3a4 xdj266r x14z9mp xat24cr x1lziwak xexx8yu xyri2b x18d9i69 x1c1uobl x16tdsg8 x1hl2dhg xggy1nq x1a2a7pz xkrqix3 x1sur9pj x1fey0fg x1s688f\" role=\"link\" href=\"https:\/\/www.facebook.com\/hashtag\/musicainfantilnasturianu?__eep__=6&amp;__cft__[0]=AZX-8hXKhtOgU4O0RKAr8PyEkDes1QSqOUdcLLlqtJFxgHntoAKNdpap-we61SUq7yHQMpw4oUIqhN24h71dKAHMARw-gijIhhEyaE0e14LwkvSEWjm9wTFet3GUIBwmmUmsntkto23QZUNg1qMAF_0s3db45vcEKB348GY4QSc3FDoEFm5mux42cEq_yvDYMInFJEhm8-VmJrUxIq7KWoya&amp;__tn__=*NK-y-R\">#musicainfantilnasturianu<\/a><\/span><\/div>\n<div><!--more--><\/div>\n<\/div>\n<div>\n<p>El 3 d\u2019avientu va tar a la venta la nueva creaci\u00f3n de la editorial La Fabriquina:\u00a0<strong><em>Pop Piqui\u00f1\u00edn. Una escoyeta de les canciones n\u2019asturianu de Petit Pop<\/em><\/strong>. Tr\u00e1tase d\u2019un\u00a0<strong>cancioneru ilustr\u00e1u<\/strong>\u00a0por Pedro Balmaseda qu\u2019incl\u00fai un\u00a0<strong>CD\u00a0<\/strong>coles canciones m\u00e1s populares de la banda y tami\u00e9n los sos<strong>\u00a0\u00faltimos singles<\/strong>, traduc\u00edos por primer vez al asturianu pa esta cuidada edici\u00f3n que va\u00a0<strong>presentase al p\u00fablicu\u2019l 27 d\u2019avientu<\/strong>\u00a0en Xix\u00f3n.<\/p>\n<p>\u00ab\u00bfQui\u00e9n nun quedr\u00eda que-y contaren la so vida como si fora una canci\u00f3n? Pues xusto eso ye lo que fai\u00a0<strong>Pop Piqui\u00f1\u00edn<\/strong>,\u00a0<em>alter ego\u00a0<\/em>de la popular banda\u00a0<strong>Petit Pop\u00a0<\/strong>cola que lleven editaos dende hai quince a\u00f1os\u00a0<strong>tolos sos discos traduc\u00edos al asturianu<\/strong>. Narrar, como una cr\u00f3nica musical, con<strong>\u00a0tenrura y abondu sent\u00edu del humor<\/strong>, la infancia y esi tiempu dalgo allori\u00e1u que se vive nes cases cuando llega un miembro nuevu a la familia\u00bb, despliquen dende\u00a0<strong>La Fabriquina<\/strong>.<\/p>\n<p>D\u2019esa rellumante discograf\u00eda de\u00a0<a href=\"https:\/\/musicasturiana.com\/etiqueta-producto\/pop-piquinin\/\" target=\"_blank\" rel=\"noreferrer noopener\">seis discos n\u2019asturianu<\/a>\u2013<em>Pop Piqui\u00f1\u00edn, Cantares pal coche, Surf na ba\u00f1era, Andamos en bici, Nun mos gusten los llunes, Que nun te tarreza la naturaleza<\/em>\u2013 sal agora esti\u00a0<strong>llibru-discu<\/strong>\u00a0compuestu por una escoyeta de<strong>\u00a0diez cantares\u00a0<\/strong>-ente los qu\u2019hai dellos\u00a0<strong>in\u00e9ditos n\u2019asturianu<\/strong>\u2013 onde les\u00a0<strong>lletres\u00a0<\/strong>acompa\u00f1\u00e9nse coles ilustraciones del\u00a0<strong>dibuxante Pedro Balmaseda<\/strong>, dise\u00f1ador de cabecera de la banda, y tami\u00e9n por<strong>\u00a0an\u00e9cdotes y curiosidaes<\/strong>\u00a0sobre cada canci\u00f3n contaes pol propiu grupu.<\/p>\n<h2 class=\"wp-block-heading has-text-color has-link-color wp-elements-6e5cc2a4d7267605bb8cb40937e24654\">Presentaci\u00f3n en Xix\u00f3n<\/h2>\n<p><em>Pop Piqui\u00f1\u00edn. Una escoyeta de les canciones n\u2019asturianu de Petit Pop<\/em>\u00a0va presentase\u2019l\u00a0<strong>domingu 27 d\u2019avientu<\/strong>, a les 12h, nel patiu del Centru de Cultura Antiguu Institutu de<strong>\u00a0Xix\u00f3n,<\/strong>\u00a0dientro del ciclu\u00a0<strong>Escenines<\/strong>, entam\u00e1u por\u00a0<em><strong>Reciella, families pol asturianu<\/strong>.<\/em><\/p>\n<p>Con esti nuevu llibru-discu, d\u2019edici\u00f3n cuidada y tapa duro, la editorial La Fabriquina sigue enanchando la so nomada\u00a0<strong>colecci\u00f3n de m\u00fasica infantil n\u2019asturianu<\/strong>, compuesta por t\u00edtulos como\u00a0<em>Kikirikik\u00ed, canciones pa ne\u00f1es y ne\u00f1os d\u2019Alicia \u00c1lvarez\u00a0<\/em>o\u00a0<em>Canciones pa la Xentiquina. Una selecci\u00f3n sentimental de Nacho Fonseca,\u00a0<\/em><a href=\"https:\/\/musicasturiana.com\/etiqueta-producto\/la-fabriquina\/\">disponibles nel so cat\u00e1logu<\/a><em>.<\/em><\/p>\n<h2 class=\"wp-block-heading has-text-color has-link-color wp-elements-7442f3d69f1b437664b8bd8afe8251f0\"><\/h2>\n<\/div>\n<\/div>\n<\/div>\n<\/div>\n<p>&nbsp;<\/p>\n","protected":false},"excerpt":{"rendered":"<p>La Fabriquina\/ Musicasturiana.com \/ La obra recueye diez temes d&#8217;esti grupu de m\u00fasica pa la reciella, les ilustraciones de Pedro Balmaseda y an\u00e9cdotes y curiosidaes de los cantares.\u00a0 Mui FELICES de presentar el nuevu llibru-discu de la nuestra colecci\u00f3n de M\u00fasica Infantil N&#8217;asturianu. POP PIQUI\u00d1\u00cdN, una escoyeta de les canciones n&#8217;asturianu de Petit Pop, con [&hellip;]<\/p>\n","protected":false},"author":117,"featured_media":0,"comment_status":"closed","ping_status":"open","sticky":false,"template":"","format":"standard","meta":{"footnotes":""},"categories":[10,35,125,13],"tags":[],"class_list":["post-61461","post","type-post","status-publish","format-standard","hentry","category-llibros-reciella","category-musica","category-musicasturiana-com","category-novedaes"],"_links":{"self":[{"href":"https:\/\/edublog.educastur.es\/ixuxu\/wp-json\/wp\/v2\/posts\/61461","targetHints":{"allow":["GET"]}}],"collection":[{"href":"https:\/\/edublog.educastur.es\/ixuxu\/wp-json\/wp\/v2\/posts"}],"about":[{"href":"https:\/\/edublog.educastur.es\/ixuxu\/wp-json\/wp\/v2\/types\/post"}],"author":[{"embeddable":true,"href":"https:\/\/edublog.educastur.es\/ixuxu\/wp-json\/wp\/v2\/users\/117"}],"replies":[{"embeddable":true,"href":"https:\/\/edublog.educastur.es\/ixuxu\/wp-json\/wp\/v2\/comments?post=61461"}],"version-history":[{"count":5,"href":"https:\/\/edublog.educastur.es\/ixuxu\/wp-json\/wp\/v2\/posts\/61461\/revisions"}],"predecessor-version":[{"id":61466,"href":"https:\/\/edublog.educastur.es\/ixuxu\/wp-json\/wp\/v2\/posts\/61461\/revisions\/61466"}],"wp:attachment":[{"href":"https:\/\/edublog.educastur.es\/ixuxu\/wp-json\/wp\/v2\/media?parent=61461"}],"wp:term":[{"taxonomy":"category","embeddable":true,"href":"https:\/\/edublog.educastur.es\/ixuxu\/wp-json\/wp\/v2\/categories?post=61461"},{"taxonomy":"post_tag","embeddable":true,"href":"https:\/\/edublog.educastur.es\/ixuxu\/wp-json\/wp\/v2\/tags?post=61461"}],"curies":[{"name":"wp","href":"https:\/\/api.w.org\/{rel}","templated":true}]}}