{"id":61467,"date":"2025-11-13T12:05:07","date_gmt":"2025-11-13T10:05:07","guid":{"rendered":"https:\/\/edublog.educastur.es\/ixuxu\/?p=61467"},"modified":"2025-11-17T21:04:22","modified_gmt":"2025-11-17T19:04:22","slug":"xi-filandon-del-18-al-22-de-payares-en-llaranes","status":"publish","type":"post","link":"https:\/\/edublog.educastur.es\/ixuxu\/2025\/11\/xi-filandon-del-18-al-22-de-payares-en-llaranes\/","title":{"rendered":"XI FILAND\u00d3N, del 18 al 22 de payares, en Llaranes"},"content":{"rendered":"<div class=\"html-div xdj266r x14z9mp xat24cr x1lziwak xexx8yu x1a8lsjc xf7dkkf xv54qhq\">\n<div class=\"html-div xdj266r x14z9mp xat24cr x1lziwak xexx8yu xyri2b x18d9i69 x1c1uobl x1jx94hy x78zum5 x1q0g3np\">\n<div class=\"x78zum5 xdt5ytf xz62fqu x16ldp7u\">\n<div class=\"xu06os2 x1ok221b\">\n<div class=\"html-div xdj266r x14z9mp xat24cr x1lziwak xexx8yu xyri2b x18d9i69 x1c1uobl\" data-ad-rendering-role=\"profile_name\">\n<ul>\n<li class=\"html-h3 x14z9mp xat24cr x1lziwak xexx8yu xyri2b x18d9i69 x1c1uobl x1vvkbs x1heor9g x1qlqyl8 x1pd3egz x1a2a7pz x1gslohp x1yc453h\"><span class=\"x1lliihq x6ikm8r x10wlt62 x1n2onr6\"><span class=\"xt0psk2\"><a class=\"x1i10hfl xjbqb8w x1ejq31n x18oe1m7 x1sy0etr xstzfhl x972fbf x10w94by x1qhh985 x14e42zd x9f619 x1ypdohk xt0psk2 x3ct3a4 xdj266r x14z9mp xat24cr x1lziwak xexx8yu xyri2b x18d9i69 x1c1uobl x16tdsg8 x1hl2dhg xggy1nq x1a2a7pz xkrqix3 x1sur9pj xzsf02u x1s688f\" role=\"link\" href=\"https:\/\/www.facebook.com\/profile.php?id=100064881128957&amp;__cft__[0]=AZXVcVZJc8bWyb6um4qUu5AjmdyK5_6NAL4SKaYDl3mTL0TTVHBQEHbna9zl9ig_yYvNskhz-EfelgThghdREEcxET8DK0giVXD4r25hWjkAbdb88WOGc7V-zyGOUKQfsy2V99rHnSm7g6ZVkVYIKD6_MZ4LDNDXPtr70j2itW07LIIpcwZEuFeWy66MaM8sw03xSZu9g87X_IWx6WxdyAQ0&amp;__tn__=-UC%2CP-y-R\"><b class=\"html-b xdj266r x14z9mp xat24cr x1lziwak xexx8yu xyri2b x18d9i69 x1c1uobl x1hl2dhg x16tdsg8 x1vvkbs x1s688f\"><span class=\"html-span xdj266r x14z9mp xat24cr x1lziwak xexx8yu xyri2b x18d9i69 x1c1uobl x1hl2dhg x16tdsg8 x1vvkbs\">Asociaci\u00f3n cultural Escontra&#8217;l Raiga\u00f1u<\/span><\/b><\/a><\/span><\/span><\/li>\n<\/ul>\n<div dir=\"auto\">El FILAND\u00d3N yera una xuntanza de persones pa filar, pa esbillar, pa falar, pa pasar el tiempu&#8230;. Celebr\u00e1base nos meses m\u00e1s fr\u00edos del a\u00f1u, al calor del fueu o la lume baxa, polo que el llar yera&#8217;l llugar prefer\u00edu.\u00a0L&#8217;allegr\u00eda y l&#8217;esp\u00edritu festivu reinaben nel ambiente. Cunt\u00e1bense hestories, recit\u00e1bense romances, cantaben, y gastaben chancies pa pasar el ratu. Yeren un importante centru de socializaci\u00f3n y de comunicaci\u00f3n, onde s&#8217;entemec\u00eden distintes xeneraciones y tresmit\u00edense hestories d&#8217;unes a otres.<\/div>\n<div dir=\"auto\" style=\"text-align: center\">\n<!-- iframe plugin v.6.0 wordpress.org\/plugins\/iframe\/ -->\n<iframe loading=\"lazy\" src=\"https:\/\/www.facebook.com\/plugins\/video.php?height=476&#038;href=https%3A%2F%2Fwww.facebook.com%2Freel%2F1786941088386859%2F&#038;show_text=false&#038;width=267&#038;t=0\" width=\"267\" height=\"476\" style=\"border:none;overflow:hidden\" scrolling=\"no\" frameborder=\"0\" allowfullscreen=\"true\" allow=\"autoplay; clipboard-write; encrypted-media; picture-in-picture; web-share\" 0=\"\/iframe\" class=\"iframe-class\"><\/iframe>\n<\/div>\n<p style=\"text-align: center\"><a href=\"https:\/\/musicasturiana.com\/wp-content\/uploads\/2025\/11\/XI-filandon-collage.jpg\"><img loading=\"lazy\" decoding=\"async\" class=\"aligncenter \" src=\"https:\/\/musicasturiana.com\/wp-content\/uploads\/2025\/11\/XI-filandon-collage.jpg\" width=\"675\" height=\"338\" \/><\/a><\/p>\n<\/div>\n<\/div>\n<\/div>\n<\/div>\n<\/div>\n<div class=\"html-div xdj266r x14z9mp xat24cr x1lziwak xexx8yu xyri2b x18d9i69 x1c1uobl\" dir=\"auto\">\n<div class=\"html-div xdj266r x14z9mp xat24cr x1lziwak xexx8yu xyri2b x18d9i69 x1c1uobl\" dir=\"auto\">\n<div class=\"html-div xdj266r x14z9mp xat24cr x1lziwak xexx8yu xyri2b x18d9i69 x1c1uobl\" data-ad-rendering-role=\"story_message\">\n<div class=\"x1l90r2v x1iorvi4 x1g0dm76 xpdmqnj\" data-ad-comet-preview=\"message\" data-ad-preview=\"message\">\n<div class=\"x78zum5 xdt5ytf xz62fqu x16ldp7u\">\n<div class=\"xu06os2 x1ok221b\">\n<div class=\"html-div xdj266r x14z9mp xat24cr x1lziwak xexx8yu xyri2b x18d9i69 x1c1uobl\">\n<div class=\"xdj266r x14z9mp xat24cr x1lziwak x1vvkbs x126k92a\">\n<div dir=\"auto\">Y mientres recordamos momentos tan prestosos de la <span class=\"html-span xdj266r x14z9mp xat24cr x1lziwak xexx8yu xyri2b x18d9i69 x1c1uobl x1hl2dhg x16tdsg8 x1vvkbs\"><a class=\"x1i10hfl xjbqb8w x1ejq31n x18oe1m7 x1sy0etr xstzfhl x972fbf x10w94by x1qhh985 x14e42zd x9f619 x1ypdohk xt0psk2 x3ct3a4 xdj266r x14z9mp xat24cr x1lziwak xexx8yu xyri2b x18d9i69 x1c1uobl x16tdsg8 x1hl2dhg xggy1nq x1a2a7pz xkrqix3 x1sur9pj x1fey0fg x1s688f\" role=\"link\" href=\"https:\/\/www.facebook.com\/profile.php?id=100064561755464&amp;__cft__[0]=AZXVcVZJc8bWyb6um4qUu5AjmdyK5_6NAL4SKaYDl3mTL0TTVHBQEHbna9zl9ig_yYvNskhz-EfelgThghdREEcxET8DK0giVXD4r25hWjkAbdb88WOGc7V-zyGOUKQfsy2V99rHnSm7g6ZVkVYIKD6_MZ4LDNDXPtr70j2itW07LIIpcwZEuFeWy66MaM8sw03xSZu9g87X_IWx6WxdyAQ0&amp;__tn__=-]K-y-R\"><span class=\"xt0psk2\"><span class=\"xjp7ctv\">Seronda N Avil\u00e9s<\/span><\/span><\/a><\/span>, siguimos rematando cosines pa celebrar en pocos d\u00edes el XI FILAND\u00d3N. Tar sollertes que pronto compartiremos tolos detalles d&#8217;esti programa d&#8217;actividaes que tien munches sorpreses guapes.<\/div>\n<div dir=\"auto\"><!--more--><\/div>\n<div dir=\"auto\">\n<p class=\"wp-block-heading\"><span style=\"color: #008080\">Tarde en danza.<\/span>\u00a0La xornada remata\u2019l s\u00e1badu 22 a les 20.30h con una Tarde en Danza na qu\u2019act\u00faen e<strong>l grupu de pandereteres d\u2019Escontra\u2019l Raiga\u00f1u <\/strong>y la directora de Muyeres y veterana de la m\u00fasica tradicional asturiana nel oriente\u2019l pa\u00eds, <strong>Marta Elola<\/strong>, col so proyectu <strong>Arella<\/strong>. Nesta activid\u00e1 que tami\u00e9n ye nel Centru Sociocultural de Llaranes va haber <strong>sidra\u2019l duernu, casta\u00f1es magostaes y dulces<\/strong> de calabaza.<\/p>\n<\/div>\n<div dir=\"auto\"><\/div>\n<\/div>\n<div dir=\"auto\" style=\"text-align: center\"><a href=\"https:\/\/musicasturiana.com\/wp-content\/uploads\/2025\/11\/XI-Filandon-programa.jpg\"><img loading=\"lazy\" decoding=\"async\" class=\"aligncenter size-large\" src=\"https:\/\/musicasturiana.com\/wp-content\/uploads\/2025\/11\/XI-Filandon-programa.jpg\" width=\"640\" height=\"905\" \/><\/a><\/div>\n<div dir=\"auto\">\n<p>Tres del <a href=\"https:\/\/www.instagram.com\/p\/DQ_wQAlApzf\/\" target=\"_blank\" rel=\"noopener\">\u00e9xitu de la XXII Seronda d\u2019Avil\u00e9s<\/a> celebrada hai unes selmanes, <strong>Escontra\u2019l Raiga\u00f1u<\/strong> contin\u00faa coles sos actividaes pa<strong> da-y puxu a la cultura de raiga\u00f1u<\/strong>. Esta selmana Llaranes acueye\u2019l <strong>XI Filand\u00f3n <\/strong>nel que va haber una <strong>visita guiada<\/strong> a l\u2019Aula Did\u00e1utica de Cultura Popular Asturiana, <strong>charres y alderiques<\/strong> al rodiu la indumentaria tradicional angua\u00f1o y una<strong> Tarde en Danza <\/strong>con les pandereteres d\u2019Escontra\u2019l Raiga\u00f1u y el proyectu Arella de Marta Elola.<\/p>\n<p>\u00abIgual que naquellos tiempos en que la filandera d\u2019una casa convidaba a otres muyeres a xuntase pa filar y en cuanto enter\u00e1bense allegaben tami\u00e9n los mozos a la cita y aquello convert\u00edase nun actu social pa pasalo bien, g\u00fcei, nel sieglu XXI, faci\u00e9ndonos ecu del esp\u00edritu d\u2019aquellos filandones, queremos convidavos a participar nes actividaes que van faese nesti XI Filand\u00f3n. <strong>Un espaciu nel que deprender sobro los nuesos usos y costumes dende una mirada actual<\/strong>\u00ab, presentaron Escontra\u2019l Raiga\u00f1u en redes sociales en rellaci\u00f3n a estes xornaes nel qu\u2019afirmen que va haber \u00ab<strong>momentos pa escuchar y aldericar sobro temes interesantes y otros momentos m\u00e1s folixeros pa baillar al son de la pandereta, del acordi\u00f3n<\/strong>\u2026, mientres comes unes casta\u00f1es magostaes con un vas\u00edn de sidra\u2019l duernu\u00bb.<\/p>\n<p>La programaci\u00f3n arranca esti <strong>martes 18 <\/strong>a les 19h cola visita guitada <em><strong>Formes de vistir, maneres de vivir <\/strong><\/em>a <strong>l\u2019Aula Did\u00e1utica de Cultura Popular Asturiana<\/strong>, que va repetise a la mesma hora\u2019l<strong> xueves 20<\/strong>. D\u2019otra banda, e<strong>l vienres 21<\/strong> el Centru Sociocultural de Llaranes acueye la charra-alderique<strong> <em>La indumentaria tradicional nel sieglu XXI<\/em><\/strong> na que participe<strong>n Sergio Velasco, Maite Reigada y Lluc\u00eda Miravalles<\/strong>, con moderaci\u00f3n de<strong> Fe Santove\u00f1a<\/strong>. Lluc\u00eda Miravalles, creadora y responsable de la marca Ringo Rango tami\u00e9n va dar una charra\u2019l s\u00e1badu 22 a les 19h entitulada <em><strong>Ringo-Rango, nueves creaciones y usos de la tradici\u00f3n<\/strong><\/em>.<\/p>\n<\/div>\n<div dir=\"auto\"><\/div>\n<div dir=\"auto\"><\/div>\n<div dir=\"auto\" style=\"text-align: center\">\n<!-- iframe plugin v.6.0 wordpress.org\/plugins\/iframe\/ -->\n<iframe loading=\"lazy\" src=\"https:\/\/www.facebook.com\/plugins\/post.php?href=https%3A%2F%2Fwww.facebook.com%2Fpermalink.php%3Fstory_fbid%3Dpfbid0yWJ8JwSDJ6FAyVXx2pPxio95LkueVLCAwmuSYYCTzJ77u8KYaSUsnWQ81ZPHytcXl%26id%3D100064881128957&#038;show_text=false&#038;width=500\" width=\"500\" height=\"498\" style=\"border:none;overflow:hidden\" scrolling=\"no\" frameborder=\"0\" allowfullscreen=\"true\" allow=\"autoplay; clipboard-write; encrypted-media; picture-in-picture; web-share\" 0=\"\/iframe\" class=\"iframe-class\"><\/iframe>\n<\/div>\n<\/div>\n<\/div>\n<\/div>\n<\/div>\n<\/div>\n<\/div>\n<\/div>\n<p>&nbsp;<\/p>\n","protected":false},"excerpt":{"rendered":"<p>Asociaci\u00f3n cultural Escontra&#8217;l Raiga\u00f1u El FILAND\u00d3N yera una xuntanza de persones pa filar, pa esbillar, pa falar, pa pasar el tiempu&#8230;. Celebr\u00e1base nos meses m\u00e1s fr\u00edos del a\u00f1u, al calor del fueu o la lume baxa, polo que el llar yera&#8217;l llugar prefer\u00edu.\u00a0L&#8217;allegr\u00eda y l&#8217;esp\u00edritu festivu reinaben nel ambiente. Cunt\u00e1bense hestories, recit\u00e1bense romances, cantaben, y [&hellip;]<\/p>\n","protected":false},"author":117,"featured_media":0,"comment_status":"closed","ping_status":"open","sticky":false,"template":"","format":"standard","meta":{"footnotes":""},"categories":[1],"tags":[],"class_list":["post-61467","post","type-post","status-publish","format-standard","hentry","category-sin-categoria"],"_links":{"self":[{"href":"https:\/\/edublog.educastur.es\/ixuxu\/wp-json\/wp\/v2\/posts\/61467","targetHints":{"allow":["GET"]}}],"collection":[{"href":"https:\/\/edublog.educastur.es\/ixuxu\/wp-json\/wp\/v2\/posts"}],"about":[{"href":"https:\/\/edublog.educastur.es\/ixuxu\/wp-json\/wp\/v2\/types\/post"}],"author":[{"embeddable":true,"href":"https:\/\/edublog.educastur.es\/ixuxu\/wp-json\/wp\/v2\/users\/117"}],"replies":[{"embeddable":true,"href":"https:\/\/edublog.educastur.es\/ixuxu\/wp-json\/wp\/v2\/comments?post=61467"}],"version-history":[{"count":5,"href":"https:\/\/edublog.educastur.es\/ixuxu\/wp-json\/wp\/v2\/posts\/61467\/revisions"}],"predecessor-version":[{"id":61733,"href":"https:\/\/edublog.educastur.es\/ixuxu\/wp-json\/wp\/v2\/posts\/61467\/revisions\/61733"}],"wp:attachment":[{"href":"https:\/\/edublog.educastur.es\/ixuxu\/wp-json\/wp\/v2\/media?parent=61467"}],"wp:term":[{"taxonomy":"category","embeddable":true,"href":"https:\/\/edublog.educastur.es\/ixuxu\/wp-json\/wp\/v2\/categories?post=61467"},{"taxonomy":"post_tag","embeddable":true,"href":"https:\/\/edublog.educastur.es\/ixuxu\/wp-json\/wp\/v2\/tags?post=61467"}],"curies":[{"name":"wp","href":"https:\/\/api.w.org\/{rel}","templated":true}]}}