{"id":61469,"date":"2025-11-12T11:15:28","date_gmt":"2025-11-12T09:15:28","guid":{"rendered":"https:\/\/edublog.educastur.es\/ixuxu\/?p=61469"},"modified":"2025-11-13T12:16:37","modified_gmt":"2025-11-13T10:16:37","slug":"dinamaca-primer-pais-deuropa-en-prohibir-redes-sociales-a-menores-de-15-anos","status":"publish","type":"post","link":"https:\/\/edublog.educastur.es\/ixuxu\/2025\/11\/dinamaca-primer-pais-deuropa-en-prohibir-redes-sociales-a-menores-de-15-anos\/","title":{"rendered":"Dinamaca, primer pa\u00eds d&#8217;Europa en prohibir redes sociales a menores de 15 a\u00f1os."},"content":{"rendered":"<div class=\"x14z9mp xat24cr x1lziwak x1vvkbs xtlvy1s x126k92a\">\n<p>Dinamarca convi\u00e9rtese nel primer pa\u00eds d&#8217;Europa en prohibir redes sociales a menores de 15 a\u00f1os. La nueva llei busca protexer la sal\u00fa mental de los ne\u00f1os frente a l&#8217;ansied\u00e1, la depresi\u00f3n y l&#8217;adicci\u00f3n dixital. Solo los adolescentes de 13 y 14 a\u00f1os van poder aportar con consentimientu de los sos padres. Ye pasu escontra una infancia m\u00e1s segura. Cr\u00edticos alverten que llinda la llibert\u00e1 dixital. Lo cierto ye qu&#8217;esti movimientu podr\u00eda inspirar a otros pa\u00edses a siguir el mesmu cam\u00edn.<span class=\"html-span xdj266r x14z9mp xat24cr x1lziwak xexx8yu xyri2b x18d9i69 x1c1uobl x1hl2dhg x16tdsg8 x1vvkbs\"><a class=\"x1i10hfl xjbqb8w x1ejq31n x18oe1m7 x1sy0etr xstzfhl x972fbf x10w94by x1qhh985 x14e42zd x9f619 x1ypdohk xt0psk2 x3ct3a4 xdj266r x14z9mp xat24cr x1lziwak xexx8yu xyri2b x18d9i69 x1c1uobl x16tdsg8 x1hl2dhg xggy1nq x1a2a7pz xkrqix3 x1sur9pj x1fey0fg x1s688f\" role=\"link\" href=\"https:\/\/www.facebook.com\/hashtag\/fblifestyle?__eep__=6&amp;__cft__[0]=AZVpNs8hqYGX1j1v8n_8x7imdRQuhBhuvR-oy1YUV_mc8nlQuObwvON6lwoe9bPxw9i2lMmuwxjP5JmAMIMgpBdgYBVUgF8mANC4SYPTXFWbD-JUg7_iyddiH-bXpsRfat65uxCGQAoYLcrBJafAWj28KvRf0_Ffw81XTEojOv644bwbWhR5-x_xv1nPe_f7_hlapWFuQNqly0ra2T55apJr&amp;__tn__=*NK-y-R\">#fblifestyle<\/a><\/span><\/p>\n<div dir=\"auto\" style=\"text-align: center\">\n<!-- iframe plugin v.6.0 wordpress.org\/plugins\/iframe\/ -->\n<iframe loading=\"lazy\" src=\"https:\/\/www.facebook.com\/plugins\/post.php?href=https%3A%2F%2Fwww.facebook.com%2Funiversorprendente%2Fposts%2Fpfbid0dhqpjgeEZXz2Hk6Ex1Ax8agVLBZseTWEe6Y6DDqhGoFUyihSQ3Wv52Hi33a1tJxUl&#038;show_text=false&#038;width=500\" width=\"500\" height=\"498\" style=\"border:none;overflow:hidden\" scrolling=\"no\" frameborder=\"0\" allowfullscreen=\"true\" allow=\"autoplay; clipboard-write; encrypted-media; picture-in-picture; web-share\" 0=\"\/iframe\" class=\"iframe-class\"><\/iframe>\n<\/div>\n<\/div>\n","protected":false},"excerpt":{"rendered":"<p>Dinamarca convi\u00e9rtese nel primer pa\u00eds d&#8217;Europa en prohibir redes sociales a menores de 15 a\u00f1os. La nueva llei busca protexer la sal\u00fa mental de los ne\u00f1os frente a l&#8217;ansied\u00e1, la depresi\u00f3n y l&#8217;adicci\u00f3n dixital. Solo los adolescentes de 13 y 14 a\u00f1os van poder aportar con consentimientu de los sos padres. Ye pasu escontra una [&hellip;]<\/p>\n","protected":false},"author":117,"featured_media":0,"comment_status":"closed","ping_status":"open","sticky":false,"template":"","format":"standard","meta":{"footnotes":""},"categories":[352],"tags":[],"class_list":["post-61469","post","type-post","status-publish","format-standard","hentry","category-informatica"],"_links":{"self":[{"href":"https:\/\/edublog.educastur.es\/ixuxu\/wp-json\/wp\/v2\/posts\/61469","targetHints":{"allow":["GET"]}}],"collection":[{"href":"https:\/\/edublog.educastur.es\/ixuxu\/wp-json\/wp\/v2\/posts"}],"about":[{"href":"https:\/\/edublog.educastur.es\/ixuxu\/wp-json\/wp\/v2\/types\/post"}],"author":[{"embeddable":true,"href":"https:\/\/edublog.educastur.es\/ixuxu\/wp-json\/wp\/v2\/users\/117"}],"replies":[{"embeddable":true,"href":"https:\/\/edublog.educastur.es\/ixuxu\/wp-json\/wp\/v2\/comments?post=61469"}],"version-history":[{"count":3,"href":"https:\/\/edublog.educastur.es\/ixuxu\/wp-json\/wp\/v2\/posts\/61469\/revisions"}],"predecessor-version":[{"id":61472,"href":"https:\/\/edublog.educastur.es\/ixuxu\/wp-json\/wp\/v2\/posts\/61469\/revisions\/61472"}],"wp:attachment":[{"href":"https:\/\/edublog.educastur.es\/ixuxu\/wp-json\/wp\/v2\/media?parent=61469"}],"wp:term":[{"taxonomy":"category","embeddable":true,"href":"https:\/\/edublog.educastur.es\/ixuxu\/wp-json\/wp\/v2\/categories?post=61469"},{"taxonomy":"post_tag","embeddable":true,"href":"https:\/\/edublog.educastur.es\/ixuxu\/wp-json\/wp\/v2\/tags?post=61469"}],"curies":[{"name":"wp","href":"https:\/\/api.w.org\/{rel}","templated":true}]}}