{"id":61478,"date":"2025-11-12T11:17:41","date_gmt":"2025-11-12T09:17:41","guid":{"rendered":"https:\/\/edublog.educastur.es\/ixuxu\/?p=61478"},"modified":"2025-11-13T12:25:01","modified_gmt":"2025-11-13T10:25:01","slug":"la-eda-media-pa-tener-un-telefonu-movil-en-propieda-nespana-son-los-10-anos","status":"publish","type":"post","link":"https:\/\/edublog.educastur.es\/ixuxu\/2025\/11\/la-eda-media-pa-tener-un-telefonu-movil-en-propieda-nespana-son-los-10-anos\/","title":{"rendered":"La ed\u00e1 media pa tener un tel\u00e9fonu m\u00f3vil en propied\u00e1 n&#8217;Espa\u00f1a son los 10 a\u00f1os"},"content":{"rendered":"<p><a href=\"https:\/\/www.rtpa.es\/noticias-ciencia-ast\/2025-11-11\/La-eda-media-pa-tener-un-telefonu-movil-en-propieda-n'Espa%C3%B1a-son-los-10-a%C3%B1os_111762865138.html\">RTPA<\/a> \/Los ne\u00f1os y ne\u00f1es acceden a redes sociales y a la pornograf\u00eda dende los 11 a\u00f1os, seg\u00fan un informe present\u00e1u esti martes qu\u2019alerta de los riesgos de los vezos tecnol\u00f3xicos a edaes tempranes, y que revela, am\u00e1s, que <strong>la met\u00e1 de los estudiantes lleva\u2019l m\u00f3vil al centru educativu, duerme con \u00e9l y \u00fasalu de madrugada.<\/strong><\/p>\n<p style=\"text-align: center\"><a href=\"https:\/\/www.rtpa.es\/fotos\/\/24\/10\/20241014200648_RTPA5672192.jpg\"><img loading=\"lazy\" decoding=\"async\" class=\"aligncenter \" src=\"https:\/\/www.rtpa.es\/fotos\/\/24\/10\/20241014200648_RTPA5672192.jpg\" width=\"508\" height=\"286\" \/><\/a><\/p>\n<p><!--more--><\/p>\n<p>Son datos de la investigaci\u00f3n de mayor algame internacional sobre l\u2019impactu del entornu dixital, qu\u2019inxerta una consulta a m\u00e1s de 100.000 mozos y moces d\u2019ente 10 y 20 a\u00f1os sobre los sos vezos cola tecnolox\u00eda, fecha por Unicef, Red.es, la Universid\u00e1 de Santiago de Compostela y el Conseyu Xeneral de Colexos Profesionales d\u2019Inxenier\u00eda Inform\u00e1tica.<\/p>\n<p>L\u2019informe, present\u00e1u esti martes nun actu que zarr\u00f3\u2019l presidente del Gobiernu, Pedro S\u00e1nchez, afita que los menores tienen el so primer m\u00f3vil a los 10,8 a\u00f1os y que\u2019l 5,7% de los estudiantes podr\u00eda desendolcar un patr\u00f3n d\u2019usu problem\u00e1ticu de redes sociales, que na adolescencia as\u00f3ciase con <strong>mayor malestar emocional, una peor calid\u00e1 de vida<\/strong> y inclusive un mayor riesgu de suicidiu.<\/p>\n","protected":false},"excerpt":{"rendered":"<p>RTPA \/Los ne\u00f1os y ne\u00f1es acceden a redes sociales y a la pornograf\u00eda dende los 11 a\u00f1os, seg\u00fan un informe present\u00e1u esti martes qu\u2019alerta de los riesgos de los vezos tecnol\u00f3xicos a edaes tempranes, y que revela, am\u00e1s, que la met\u00e1 de los estudiantes lleva\u2019l m\u00f3vil al centru educativu, duerme con \u00e9l y \u00fasalu de [&hellip;]<\/p>\n","protected":false},"author":117,"featured_media":0,"comment_status":"closed","ping_status":"open","sticky":false,"template":"","format":"standard","meta":{"footnotes":""},"categories":[352],"tags":[],"class_list":["post-61478","post","type-post","status-publish","format-standard","hentry","category-informatica"],"_links":{"self":[{"href":"https:\/\/edublog.educastur.es\/ixuxu\/wp-json\/wp\/v2\/posts\/61478","targetHints":{"allow":["GET"]}}],"collection":[{"href":"https:\/\/edublog.educastur.es\/ixuxu\/wp-json\/wp\/v2\/posts"}],"about":[{"href":"https:\/\/edublog.educastur.es\/ixuxu\/wp-json\/wp\/v2\/types\/post"}],"author":[{"embeddable":true,"href":"https:\/\/edublog.educastur.es\/ixuxu\/wp-json\/wp\/v2\/users\/117"}],"replies":[{"embeddable":true,"href":"https:\/\/edublog.educastur.es\/ixuxu\/wp-json\/wp\/v2\/comments?post=61478"}],"version-history":[{"count":1,"href":"https:\/\/edublog.educastur.es\/ixuxu\/wp-json\/wp\/v2\/posts\/61478\/revisions"}],"predecessor-version":[{"id":61479,"href":"https:\/\/edublog.educastur.es\/ixuxu\/wp-json\/wp\/v2\/posts\/61478\/revisions\/61479"}],"wp:attachment":[{"href":"https:\/\/edublog.educastur.es\/ixuxu\/wp-json\/wp\/v2\/media?parent=61478"}],"wp:term":[{"taxonomy":"category","embeddable":true,"href":"https:\/\/edublog.educastur.es\/ixuxu\/wp-json\/wp\/v2\/categories?post=61478"},{"taxonomy":"post_tag","embeddable":true,"href":"https:\/\/edublog.educastur.es\/ixuxu\/wp-json\/wp\/v2\/tags?post=61478"}],"curies":[{"name":"wp","href":"https:\/\/api.w.org\/{rel}","templated":true}]}}