{"id":61487,"date":"2025-11-13T12:40:48","date_gmt":"2025-11-13T10:40:48","guid":{"rendered":"https:\/\/edublog.educastur.es\/ixuxu\/?p=61487"},"modified":"2025-11-13T12:44:25","modified_gmt":"2025-11-13T10:44:25","slug":"paez-riu-de-jainero-pero-ye-espana-uvieu","status":"publish","type":"post","link":"https:\/\/edublog.educastur.es\/ixuxu\/2025\/11\/paez-riu-de-jainero-pero-ye-espana-uvieu\/","title":{"rendered":"Paez R\u00edu de Jainero, pero ye Espa\u00f1a: Uvi\u00e9u"},"content":{"rendered":"<p>L<a href=\"https:\/\/www.lne.es\/oviedo\/2025\/11\/10\/parece-rio-jainero-espana-localidad-123560159.html\">NE<\/a> \/ Paez R\u00edu de Jainero, pero ye Espa\u00f1a: esta ye la localid\u00e1 que tien un enorme Cristu Redentor (de 30 metros d&#8217;altor) arrodi\u00e1u de bellos montes. Foi inaugur\u00e1u en 1981 y dende ent\u00f3s tolos a\u00f1os cel\u00e9brase una xira a los pies de la pimpana escultura.<a href=\"https:\/\/estaticos-cdn.prensaiberica.es\/clip\/ba8c54d3-5349-443d-a952-1077e0982e31_16-9-discover-aspect-ratio_default_0.webp\"><img loading=\"lazy\" decoding=\"async\" class=\"aligncenter size-large\" src=\"https:\/\/estaticos-cdn.prensaiberica.es\/clip\/ba8c54d3-5349-443d-a952-1077e0982e31_16-9-discover-aspect-ratio_default_0.webp\" width=\"1200\" height=\"675\" \/><\/a><\/p>\n<p><!--more--><\/p>\n<p>Paez R\u00edu de Jainero, pero non. Ye Espa\u00f1a, ye Asturies, ye Uvi\u00e9u.<strong> Nel visu del Monte Naranco de la capital del Princip\u00e1u atopa un enorme Cristu Redentor, casi id\u00e9nticu al de Brasil<\/strong>. Ll\u00e1mase Sagr\u00e1u Coraz\u00f3n de Jes\u00fas, mide 30 metros (el de R\u00edu son 36 metros), lleva incorporada la Cruz de la Victoria y ta arrodi\u00e1u de bellos montes. Dende ell\u00ed, a 632 metros d&#8217;altor, nel conoc\u00edu como Picu Paisanu, ll\u00f3grase una panor\u00e1mica \u00fanica d&#8217;Uvi\u00e9u.<\/p>\n<p><strong>M\u00e1s nuevu que&#8217;l Cristu brasile\u00f1u<\/strong> El Cristu Redentor asturianu ye m\u00e1s nuevu que&#8217;l brasile\u00f1u. La so construcci\u00f3n remat\u00f3 nel a\u00f1u 1981 (frente al so hermanu de R\u00edu de Jainero, que foi inaugur\u00e1u&#8217;l 12 d&#8217;ochobre de 1931) y foi sufrag\u00e1u principalmente gracies a les donaciones de los fieles. La primer piedra que se punxo&#8217;l 12 de xunu de 1963 foi una roca estrayida del santuariu de Cuadonga.<\/p>\n<p style=\"text-align: center\">\n<a href=\"https:\/\/estaticos-cdn.prensaiberica.es\/clip\/051cf21f-eae9-4988-9169-ea50c4bfa04d_source-aspect-ratio_default_0.webp\"><img loading=\"lazy\" decoding=\"async\" class=\"aligncenter size-large\" src=\"https:\/\/estaticos-cdn.prensaiberica.es\/clip\/051cf21f-eae9-4988-9169-ea50c4bfa04d_source-aspect-ratio_default_0.webp\" width=\"2000\" height=\"1333\" \/><\/a>Atapecer dende&#8217;l Sagr\u00e1u Coraz\u00f3n de Jes\u00fas \/ MIKI LOPEZ<\/p>\n<p><strong>Tierra de tolos conceyos. <\/strong>Foi construy\u00edu para tolos asturianos, y\u00e1 que, so los sos pies, hai soterrada tierra bendicha de tolos conceyos, simbolizando asina la protecci\u00f3n que&#8217;l Sagr\u00e1u Coraz\u00f3n estiende a tol territoriu del Princip\u00e1u. La idea parti\u00f3 del obispu d&#8217;Uvi\u00e9u Benjam\u00edn de riba y Capo, quien ech\u00f3 en falta na ciud\u00e1 un monumentu que representara l&#8217;amor escontra Jes\u00fas, y qu&#8217;emulara al Cristu Redentor de R\u00edu de Janeiro.<\/p>\n<p>Los impulsores finales fueron el xesuita padre Vega y l&#8217;uvieina Ramonita Beltr\u00e1n, quien crearon una comisi\u00f3n para llevar a cabu la obra. El principal problema, que nun hab\u00eda fondos. Foi&#8217;l padre Vilari\u00f1o, n&#8217;una coleuta popular, quien consigui\u00f3 m\u00e1s de la met\u00e1 de los 17 millones de pesetes necesarios para construyir la gran escultura.<\/p>\n<p><a href=\"https:\/\/estaticos-cdn.prensaiberica.es\/clip\/567bc0e0-6ce7-40b9-8218-9f09da1cb6d6_source-aspect-ratio_default_0.webp\"><img loading=\"lazy\" decoding=\"async\" class=\"aligncenter \" src=\"https:\/\/estaticos-cdn.prensaiberica.es\/clip\/567bc0e0-6ce7-40b9-8218-9f09da1cb6d6_source-aspect-ratio_default_0.webp\" width=\"579\" height=\"386\" \/><\/a><br \/>\nJira xuntu al Sagr\u00e1u Coraz\u00f3n de Jes\u00fas \/ MIKI LOPEZ<\/p>\n<p><strong>18 a\u00f1os d&#8217;obres <\/strong>El Sagr\u00e1u Coraz\u00f3n, que les sos obres enllargose mientres 18 a\u00f1os, foi inaugur\u00e1u&#8217;l 5 de xunetu de 1981 pol ent\u00f3s arzobispu d&#8217;Uvi\u00e9u, Gabino D\u00edaz Merch\u00e1n. Mientres la celebraci\u00f3n, los fieles, que tantos a\u00f1os esperaren para tener l&#8217;allamp\u00e1u monumentu, alcordaron esi d\u00eda que cada a\u00f1u xubir\u00eden al visu del Naranco para honrar al so Cristu. Y asina sigue siendo. <strong>La jira tien, al igual que la escultura, 44 a\u00f1os.<\/strong><\/p>\n","protected":false},"excerpt":{"rendered":"<p>LNE \/ Paez R\u00edu de Jainero, pero ye Espa\u00f1a: esta ye la localid\u00e1 que tien un enorme Cristu Redentor (de 30 metros d&#8217;altor) arrodi\u00e1u de bellos montes. Foi inaugur\u00e1u en 1981 y dende ent\u00f3s tolos a\u00f1os cel\u00e9brase una xira a los pies de la pimpana escultura.<\/p>\n","protected":false},"author":117,"featured_media":0,"comment_status":"closed","ping_status":"open","sticky":false,"template":"","format":"standard","meta":{"footnotes":""},"categories":[330,1],"tags":[],"class_list":["post-61487","post","type-post","status-publish","format-standard","hentry","category-escultures","category-sin-categoria"],"_links":{"self":[{"href":"https:\/\/edublog.educastur.es\/ixuxu\/wp-json\/wp\/v2\/posts\/61487","targetHints":{"allow":["GET"]}}],"collection":[{"href":"https:\/\/edublog.educastur.es\/ixuxu\/wp-json\/wp\/v2\/posts"}],"about":[{"href":"https:\/\/edublog.educastur.es\/ixuxu\/wp-json\/wp\/v2\/types\/post"}],"author":[{"embeddable":true,"href":"https:\/\/edublog.educastur.es\/ixuxu\/wp-json\/wp\/v2\/users\/117"}],"replies":[{"embeddable":true,"href":"https:\/\/edublog.educastur.es\/ixuxu\/wp-json\/wp\/v2\/comments?post=61487"}],"version-history":[{"count":3,"href":"https:\/\/edublog.educastur.es\/ixuxu\/wp-json\/wp\/v2\/posts\/61487\/revisions"}],"predecessor-version":[{"id":61490,"href":"https:\/\/edublog.educastur.es\/ixuxu\/wp-json\/wp\/v2\/posts\/61487\/revisions\/61490"}],"wp:attachment":[{"href":"https:\/\/edublog.educastur.es\/ixuxu\/wp-json\/wp\/v2\/media?parent=61487"}],"wp:term":[{"taxonomy":"category","embeddable":true,"href":"https:\/\/edublog.educastur.es\/ixuxu\/wp-json\/wp\/v2\/categories?post=61487"},{"taxonomy":"post_tag","embeddable":true,"href":"https:\/\/edublog.educastur.es\/ixuxu\/wp-json\/wp\/v2\/tags?post=61487"}],"curies":[{"name":"wp","href":"https:\/\/api.w.org\/{rel}","templated":true}]}}