{"id":61491,"date":"2025-11-13T08:55:59","date_gmt":"2025-11-13T06:55:59","guid":{"rendered":"https:\/\/edublog.educastur.es\/ixuxu\/?p=61491"},"modified":"2025-11-13T12:51:26","modified_gmt":"2025-11-13T10:51:26","slug":"seca-en-payares","status":"publish","type":"post","link":"https:\/\/edublog.educastur.es\/ixuxu\/2025\/11\/seca-en-payares\/","title":{"rendered":"\u00bfSeca en payares?"},"content":{"rendered":"<p>\u00bfSeca en payares? La falta d&#8217;ag\u00fces y la cayida de niveles de banzaos y manantiales pon a Asturies \u00aba la llende\u00bb. Les principales reserves de la rex\u00f3n at\u00f3pense bien per debaxo de lo habitual nesta d\u00f3mina d&#8217;a\u00f1u tres un mes d&#8217;ochobre con solo una cuarta parte de les precipitaciones esperaes y un payares qu&#8217;avanza secu. <a href=\"https:\/\/www.lne.es\/asturias\/2025\/11\/13\/sequia-noviembre-falta-lluvias-caida-123654960.html\">LNE<\/a><\/p>\n<p style=\"text-align: center\"><a href=\"https:\/\/estaticos-cdn.prensaiberica.es\/clip\/830d8165-71a8-433f-afdb-ff3c7770019c_16-9-discover-aspect-ratio_default_0.webp\"><img loading=\"lazy\" decoding=\"async\" class=\"aligncenter size-large\" src=\"https:\/\/estaticos-cdn.prensaiberica.es\/clip\/830d8165-71a8-433f-afdb-ff3c7770019c_16-9-discover-aspect-ratio_default_0.webp\" width=\"1200\" height=\"675\" \/><\/a><\/p>\n<p><!--more--><\/p>\n<p>Los banzaos asturianos ufierten estos d\u00edes imaxes inusuales a medidados de payares, con niveles d&#8217;agua bien per debaxo del que cabr\u00eda esperar por estes feches. Y los manantiales qu&#8217;abastecen a numberosos conceyos y localidaes amenorgaron considerablemente&#8217;l so caudal. Ye la consecuencia d&#8217;un llargu periodu de seca qu&#8217;Asturies vien sufriendo dende&#8217;l branu (daqu\u00e9 atenu\u00e1u en septiembre), acentu\u00e1u per un mes d&#8217;ochobre especialmente secu,<strong> l&#8217;octavu con menos precipitaciones dende 1964.<\/strong><\/p>\n<p>&nbsp;<\/p>\n<p><strong>El banz\u00e1u de Ta\u00f1es ye&#8217;l grifu d&#8217;Asturies<\/strong>. Con un nivel d&#8217;agua del 44% de la so capacid\u00e1, empiecen a vese y\u00e1 antig\u00fces edificaciones que llevaben a\u00f1os somorguiaes y los vecinos preven qu&#8217;en pocos d\u00edes emerxa la ponte de la vieya carretera que permaneci\u00f3 ensin vese dende fai 25 a\u00f1os. <strong>Ta\u00f1es, xuntu col banz\u00e1u de Ruseco, suministra a Cadasa la pr\u00e1ctica totalid\u00e1 de l&#8217;agua que sirve al centru d&#8217;Asturies.<\/strong> Al a\u00f1u son 56 los hect\u00f3metros c\u00fabicos que Cadasa apurre a los asturianos.<\/p>\n<p>La capacid\u00e1 total de Ta\u00f1es ye de 34 hect\u00f3metros c\u00fabicos y na actualid\u00e1 alluga 19. Ruseco atopase en m\u00e1ximos, pero solo apurre 4 hect\u00f3metros c\u00fabicos. L&#8217;a\u00f1u pas\u00e1u por estes feches, los niveles rondaben el 75% y la midida nos postreros diez a\u00f1os taba percima del 65%.<\/p>\n<p><strong>Peor ye ent\u00e1 la situaci\u00f3n del banz\u00e1u de Los Alfilorios, principal fonte para Uvi\u00e9u.<\/strong> La so capacid\u00e1 total ye de 8 hect\u00f3metros c\u00fabicos y at\u00f3pase al 25% (2 hect\u00f3metros c\u00fabicos), ente que l&#8217;a\u00f1u pas\u00e1u at\u00f3pase al 62% y de media en diez a\u00f1os siempres tuvo percima de la met\u00e1.<\/p>\n<p style=\"text-align: center\"><a href=\"https:\/\/estaticos-cdn.prensaiberica.es\/clip\/a4f9ec76-5d29-432d-8733-8d0d0b25a797_source-aspect-ratio_default_0.webp\"><img loading=\"lazy\" decoding=\"async\" class=\"aligncenter size-large\" src=\"https:\/\/estaticos-cdn.prensaiberica.es\/clip\/a4f9ec76-5d29-432d-8733-8d0d0b25a797_source-aspect-ratio_default_0.webp\" width=\"1600\" height=\"1200\" \/><\/a><\/p>\n<p>El banz\u00e1u de Ta\u00f1es, en Casu, a menos de la met\u00e1 de la so capacid\u00e1<\/p>\n<p>L&#8217;agua que nutre a munchos otros conceyos, como los del oriente d&#8217;Asturies, llega al travi\u00e9s de manantiales. Pero&#8217;l llargu periodu de falta d&#8217;ag\u00fces amenorg\u00f3 los recursos. Nel pas\u00e1u mes d&#8217;ochobre rexistrarense n&#8217;Asturies una media de 37,4 llitros per metro cuadr\u00e1u, casi la cuarta parte de lo esperao para esta d\u00f3mina del a\u00f1u.<\/p>\n<p>Les elevaes temperatures y el vientu del sur que sopl\u00f3 sobre la rex\u00f3n les \u00faltimes selmanes nun ayuden a la llegada d&#8217;ag\u00fces. Y la situaci\u00f3n en que s&#8217;atopa&#8217;l terr\u00e9n fai qu&#8217;inclusive&#8217;l regresu de les nubes esmuela.<\/p>\n<p>La esmolici\u00f3n empieza a instalase en dellos conceyos. El conceyu d&#8217;Uvi\u00e9u y\u00e1 acut\u00f3 los baldeos d&#8217;agua y el riego en parques para tratar d&#8217;amenorgar el consumu. En conceyos como Amieva o Potes produci\u00e9ronse restricciones en momentos espec\u00edficos, tami\u00e9n en Sobrescobiu. El problema nun ye tanto que nun esista agua para encarar el serviciu sin\u00f3n que cualquier aver\u00eda o fuga causa un gran problema.<\/p>\n<p>Marcelino Mart\u00ednez, alcalde de Sobrescobiu, conceyu que se nutre de manantiales, asegura que&#8217;l caudal amenorg\u00f3se a la cuarta parte.Miguel \u00c1ngel Fern\u00e1ndez, alcalde de Casu, reconoz que&#8217;l conceyu ta \u00aba la llende\u00bb. \u00abHai munchos conceyos que nun t\u00e1n faciendo nada y toos tendr\u00edamos de ser un pocu m\u00e1s responsables\u00bb, asegura<\/p>\n<p style=\"text-align: center\"><a href=\"https:\/\/estaticos-cdn.prensaiberica.es\/clip\/7d7e9125-246d-41c7-a6e3-9a22b8dd78e7_source-aspect-ratio_default_0.webp\"><img loading=\"lazy\" decoding=\"async\" class=\"aligncenter size-large\" src=\"https:\/\/estaticos-cdn.prensaiberica.es\/clip\/7d7e9125-246d-41c7-a6e3-9a22b8dd78e7_source-aspect-ratio_default_0.webp\" width=\"1600\" height=\"1200\" \/><\/a><\/p>\n","protected":false},"excerpt":{"rendered":"<p>\u00bfSeca en payares? La falta d&#8217;ag\u00fces y la cayida de niveles de banzaos y manantiales pon a Asturies \u00aba la llende\u00bb. Les principales reserves de la rex\u00f3n at\u00f3pense bien per debaxo de lo habitual nesta d\u00f3mina d&#8217;a\u00f1u tres un mes d&#8217;ochobre con solo una cuarta parte de les precipitaciones esperaes y un payares qu&#8217;avanza secu. [&hellip;]<\/p>\n","protected":false},"author":117,"featured_media":0,"comment_status":"closed","ping_status":"open","sticky":false,"template":"","format":"standard","meta":{"footnotes":""},"categories":[5],"tags":[],"class_list":["post-61491","post","type-post","status-publish","format-standard","hentry","category-tiempu"],"_links":{"self":[{"href":"https:\/\/edublog.educastur.es\/ixuxu\/wp-json\/wp\/v2\/posts\/61491","targetHints":{"allow":["GET"]}}],"collection":[{"href":"https:\/\/edublog.educastur.es\/ixuxu\/wp-json\/wp\/v2\/posts"}],"about":[{"href":"https:\/\/edublog.educastur.es\/ixuxu\/wp-json\/wp\/v2\/types\/post"}],"author":[{"embeddable":true,"href":"https:\/\/edublog.educastur.es\/ixuxu\/wp-json\/wp\/v2\/users\/117"}],"replies":[{"embeddable":true,"href":"https:\/\/edublog.educastur.es\/ixuxu\/wp-json\/wp\/v2\/comments?post=61491"}],"version-history":[{"count":4,"href":"https:\/\/edublog.educastur.es\/ixuxu\/wp-json\/wp\/v2\/posts\/61491\/revisions"}],"predecessor-version":[{"id":61495,"href":"https:\/\/edublog.educastur.es\/ixuxu\/wp-json\/wp\/v2\/posts\/61491\/revisions\/61495"}],"wp:attachment":[{"href":"https:\/\/edublog.educastur.es\/ixuxu\/wp-json\/wp\/v2\/media?parent=61491"}],"wp:term":[{"taxonomy":"category","embeddable":true,"href":"https:\/\/edublog.educastur.es\/ixuxu\/wp-json\/wp\/v2\/categories?post=61491"},{"taxonomy":"post_tag","embeddable":true,"href":"https:\/\/edublog.educastur.es\/ixuxu\/wp-json\/wp\/v2\/tags?post=61491"}],"curies":[{"name":"wp","href":"https:\/\/api.w.org\/{rel}","templated":true}]}}