{"id":61499,"date":"2025-11-13T13:00:06","date_gmt":"2025-11-13T11:00:06","guid":{"rendered":"https:\/\/edublog.educastur.es\/ixuxu\/?p=61499"},"modified":"2025-11-13T13:00:47","modified_gmt":"2025-11-13T11:00:47","slug":"61499","status":"publish","type":"post","link":"https:\/\/edublog.educastur.es\/ixuxu\/2025\/11\/61499\/","title":{"rendered":"\u201cManes de Nieva, Nuedos y mar\u201d, allugada en San Juan de Nieva"},"content":{"rendered":"<p style=\"text-align: center\">\n<!-- iframe plugin v.6.0 wordpress.org\/plugins\/iframe\/ -->\n<iframe loading=\"lazy\" src=\"https:\/\/www.facebook.com\/plugins\/post.php?href=https%3A%2F%2Fwww.facebook.com%2Fradioujo%2Fposts%2Fpfbid0YZ3Twx3khmWRgj7xaNx8229iUFUXo4FLsXdbHWAPVKborBHzU49ftWpjBFjG52cJl&#038;show_text=false&#038;width=500\" width=\"500\" height=\"344\" style=\"border:none;overflow:hidden\" scrolling=\"no\" frameborder=\"0\" allowfullscreen=\"true\" allow=\"autoplay; clipboard-write; encrypted-media; picture-in-picture; web-share\" 0=\"\/iframe\" class=\"iframe-class\"><\/iframe>\n<\/p>\n<p>Foi nom\u00e1u a meyor mural del mundu pola so obra <a href=\"https:\/\/scontent-mad1-1.xx.fbcdn.net\/v\/t39.30808-6\/579492778_1424203066372586_3678657000082097753_n.jpg?stp=cp6_dst-jpg_tt6&amp;_nc_cat=106&amp;ccb=1-7&amp;_nc_sid=127cfc&amp;_nc_ohc=kZEPsC9A2lkQ7kNvwH_rUN6&amp;_nc_oc=AdkUfWauXNg6XIioe0qR5wPHZz4tUyRXh9mQ3n2LqKybSnB01Ad0vRwC7LkTmNeaRzw&amp;_nc_zt=23&amp;_nc_ht=scontent-mad1-1.xx&amp;_nc_gid=YqTHnny81ehDehHfuhWL2w&amp;oh=00_AfivCuyQCBOI32uRp5fpCnRxCnxhKx_93hR7KvoxOuVxxg&amp;oe=691B9404\"><strong>\u201cManes de Nieva, Nuedos y mar\u201d<\/strong><\/a>, allugada en San Juan de Nieva, xuntu al Espaciu Portus. <strong>Esti mural rinde homenaxe al trabayu tradicional de les muyeres que reparaben les redes de pesca, un oficiu emblem\u00e1ticu de la mari\u00f1a avilesina.<\/strong><\/p>\n<p>Na presentaci\u00f3n participaron miembros de l&#8217;asociaci\u00f3n vecinal de L\u2019Talaya de Xag\u00f3 y autoridaes locales, que sorrayaron el so valor tur\u00edsticu dientro de les rutes pola r\u00eda d&#8217;Avil\u00e9s. Agora, la obra compite nun certame internacional, y Poch anima dende les sos redes sociales a votar p&#8217;asitiar a Avil\u00e9s ente les capitales mundiales del arte urbano.<\/p>\n<p>L&#8217;artista corveranu Jos\u00e9 Poch, autor del conoc\u00edu grafiti de <strong>\u201cChocolates L&#8217;Agustina\u201d<\/strong> n&#8217;Uxo, asiti\u00e1u ente&#8217;l barriu San Jos\u00e9 y La Vega d&#8217;Uxo, vuelve destacase nel panorama del arte urbano.<\/p>\n","protected":false},"excerpt":{"rendered":"<p>Foi nom\u00e1u a meyor mural del mundu pola so obra \u201cManes de Nieva, Nuedos y mar\u201d, allugada en San Juan de Nieva, xuntu al Espaciu Portus. Esti mural rinde homenaxe al trabayu tradicional de les muyeres que reparaben les redes de pesca, un oficiu emblem\u00e1ticu de la mari\u00f1a avilesina. Na presentaci\u00f3n participaron miembros de l&#8217;asociaci\u00f3n [&hellip;]<\/p>\n","protected":false},"author":117,"featured_media":0,"comment_status":"closed","ping_status":"open","sticky":false,"template":"","format":"standard","meta":{"footnotes":""},"categories":[89],"tags":[],"class_list":["post-61499","post","type-post","status-publish","format-standard","hentry","category-arte"],"_links":{"self":[{"href":"https:\/\/edublog.educastur.es\/ixuxu\/wp-json\/wp\/v2\/posts\/61499","targetHints":{"allow":["GET"]}}],"collection":[{"href":"https:\/\/edublog.educastur.es\/ixuxu\/wp-json\/wp\/v2\/posts"}],"about":[{"href":"https:\/\/edublog.educastur.es\/ixuxu\/wp-json\/wp\/v2\/types\/post"}],"author":[{"embeddable":true,"href":"https:\/\/edublog.educastur.es\/ixuxu\/wp-json\/wp\/v2\/users\/117"}],"replies":[{"embeddable":true,"href":"https:\/\/edublog.educastur.es\/ixuxu\/wp-json\/wp\/v2\/comments?post=61499"}],"version-history":[{"count":3,"href":"https:\/\/edublog.educastur.es\/ixuxu\/wp-json\/wp\/v2\/posts\/61499\/revisions"}],"predecessor-version":[{"id":61502,"href":"https:\/\/edublog.educastur.es\/ixuxu\/wp-json\/wp\/v2\/posts\/61499\/revisions\/61502"}],"wp:attachment":[{"href":"https:\/\/edublog.educastur.es\/ixuxu\/wp-json\/wp\/v2\/media?parent=61499"}],"wp:term":[{"taxonomy":"category","embeddable":true,"href":"https:\/\/edublog.educastur.es\/ixuxu\/wp-json\/wp\/v2\/categories?post=61499"},{"taxonomy":"post_tag","embeddable":true,"href":"https:\/\/edublog.educastur.es\/ixuxu\/wp-json\/wp\/v2\/tags?post=61499"}],"curies":[{"name":"wp","href":"https:\/\/api.w.org\/{rel}","templated":true}]}}