{"id":61518,"date":"2025-11-14T08:30:22","date_gmt":"2025-11-14T06:30:22","guid":{"rendered":"https:\/\/edublog.educastur.es\/ixuxu\/?p=61518"},"modified":"2025-11-14T10:09:15","modified_gmt":"2025-11-14T08:09:15","slug":"el-tiempu-el-comercio-185","status":"publish","type":"post","link":"https:\/\/edublog.educastur.es\/ixuxu\/2025\/11\/el-tiempu-el-comercio-185\/","title":{"rendered":"El tiempu (El Comercio)"},"content":{"rendered":"<p style=\"text-align: center\"><a href=\"https:\/\/s3.ppllstatics.com\/elcomercio\/www\/multimedia\/2025\/11\/13\/prevision-tiempo-asturias-klq-U2302588077118HVD-1200x870@El%20Comercio.jpg\"><img loading=\"lazy\" decoding=\"async\" class=\"aligncenter size-large\" src=\"https:\/\/s3.ppllstatics.com\/elcomercio\/www\/multimedia\/2025\/11\/13\/prevision-tiempo-asturias-klq-U2302588077118HVD-1200x870@El%20Comercio.jpg\" width=\"1200\" height=\"870\" \/><\/a><\/p>\n<p>El xueves foi&#8217;l d\u00eda m\u00e1s airosu del episodiu. A les 16.10 hores de la tarde anot\u00f3se xuna racha de 179 km\/h na estaci\u00f3n meteorol\u00f3xica de Vega d&#8217;Ariu en Picos d&#8217;Europa. Tami\u00e9n destacaron los 125 km\/h en Cabrales, los 112 km\/h en Sotres y los 100 km\/h en Payares. El vienres va ser un d\u00eda tami\u00e9n airosu (de componente sur) pero con menor intensid\u00e1. Nun se refuga que puedan superase los 90 o 100 km\/h nel cordal pero van ser datos que van quedar bien llue\u00f1e de los casi 180 km\/h del xueves. Nel restu, van ser raches d&#8217;intensid\u00e1 moderada que van rondar los 60 km\/h aprosimao a lo sumo.<\/p>\n<p><!--more--><\/p>\n<p>Les temperatures van ser bien similares a les del xueves. Poro, esp\u00e9rase un ambiente t\u00e9rmico prestosu. Concretamente, llegar a algamar temperatures na redolada de los 24\/25 \u00baC en poblaciones costeres, polo que se van volver a superar con facilid\u00e1 los 20 \u00baC en munches localidaes. En cuanto al est\u00e1u de los cielos, prevense intervalos nublos con momentos de grandes claros, salvo nel sur de la rex\u00f3n onde se va reparar mayor nubosidad y que podr\u00eda dexar delles precipitaciones.<\/p>\n<p>El s\u00e1badu, tiempu estable con vientos de sur moderaos y temperatures ensin cambeos o en llixeru descensu<\/p>\n","protected":false},"excerpt":{"rendered":"<p>El xueves foi&#8217;l d\u00eda m\u00e1s airosu del episodiu. A les 16.10 hores de la tarde anot\u00f3se xuna racha de 179 km\/h na estaci\u00f3n meteorol\u00f3xica de Vega d&#8217;Ariu en Picos d&#8217;Europa. Tami\u00e9n destacaron los 125 km\/h en Cabrales, los 112 km\/h en Sotres y los 100 km\/h en Payares. El vienres va ser un d\u00eda tami\u00e9n [&hellip;]<\/p>\n","protected":false},"author":117,"featured_media":0,"comment_status":"closed","ping_status":"open","sticky":false,"template":"","format":"standard","meta":{"footnotes":""},"categories":[5],"tags":[],"class_list":["post-61518","post","type-post","status-publish","format-standard","hentry","category-tiempu"],"_links":{"self":[{"href":"https:\/\/edublog.educastur.es\/ixuxu\/wp-json\/wp\/v2\/posts\/61518","targetHints":{"allow":["GET"]}}],"collection":[{"href":"https:\/\/edublog.educastur.es\/ixuxu\/wp-json\/wp\/v2\/posts"}],"about":[{"href":"https:\/\/edublog.educastur.es\/ixuxu\/wp-json\/wp\/v2\/types\/post"}],"author":[{"embeddable":true,"href":"https:\/\/edublog.educastur.es\/ixuxu\/wp-json\/wp\/v2\/users\/117"}],"replies":[{"embeddable":true,"href":"https:\/\/edublog.educastur.es\/ixuxu\/wp-json\/wp\/v2\/comments?post=61518"}],"version-history":[{"count":1,"href":"https:\/\/edublog.educastur.es\/ixuxu\/wp-json\/wp\/v2\/posts\/61518\/revisions"}],"predecessor-version":[{"id":61519,"href":"https:\/\/edublog.educastur.es\/ixuxu\/wp-json\/wp\/v2\/posts\/61518\/revisions\/61519"}],"wp:attachment":[{"href":"https:\/\/edublog.educastur.es\/ixuxu\/wp-json\/wp\/v2\/media?parent=61518"}],"wp:term":[{"taxonomy":"category","embeddable":true,"href":"https:\/\/edublog.educastur.es\/ixuxu\/wp-json\/wp\/v2\/categories?post=61518"},{"taxonomy":"post_tag","embeddable":true,"href":"https:\/\/edublog.educastur.es\/ixuxu\/wp-json\/wp\/v2\/tags?post=61518"}],"curies":[{"name":"wp","href":"https:\/\/api.w.org\/{rel}","templated":true}]}}