{"id":61520,"date":"2025-11-14T08:40:36","date_gmt":"2025-11-14T06:40:36","guid":{"rendered":"https:\/\/edublog.educastur.es\/ixuxu\/?p=61520"},"modified":"2025-11-14T10:11:12","modified_gmt":"2025-11-14T08:11:12","slug":"estau-del-tiempu-vienres-14-de-payares","status":"publish","type":"post","link":"https:\/\/edublog.educastur.es\/ixuxu\/2025\/11\/estau-del-tiempu-vienres-14-de-payares\/","title":{"rendered":"Est\u00e1u del tiempu: vienres 14 de payares"},"content":{"rendered":"<div class=\"html-div xdj266r xat24cr x1lziwak xexx8yu xyri2b x18d9i69 x1c1uobl x78zum5 x2lah0s xqtp20y x1xegmmw\"><\/div>\n<div class=\"x1iyjqo2\">\n<div class=\"x78zum5 xdt5ytf xz62fqu x16ldp7u\">\n<div class=\"xu06os2 x1ok221b\">\n<div class=\"x1gslohp\">\n<ul>\n<li class=\"html-h2 x14z9mp xat24cr x1lziwak xexx8yu xyri2b x18d9i69 x1c1uobl x1vvkbs x1heor9g x1qlqyl8 x1pd3egz x1a2a7pz x1gslohp\"><span class=\"x193iq5w xeuugli x13faqbe x1vvkbs x1xmvt09 x1f6kntn xvq8zen xo1l8bm xi81zsa\"><span class=\"xt0psk2\"><span class=\"xjp7ctv\"><a class=\"x1i10hfl xjbqb8w x1ejq31n x18oe1m7 x1sy0etr xstzfhl x972fbf x10w94by x1qhh985 x14e42zd x9f619 x1ypdohk xt0psk2 x3ct3a4 xdj266r x14z9mp xat24cr x1lziwak xexx8yu xyri2b x18d9i69 x1c1uobl x16tdsg8 x1hl2dhg xggy1nq x1a2a7pz xkrqix3 x1sur9pj xzsf02u x1s688f\" role=\"link\" href=\"https:\/\/www.facebook.com\/eltiempuenasturies?__cft__[0]=AZVXUKdzw-SzLnKyFuJYRFKeXG__SHdhEQjkGHPDKWH7UrEqJmtAhWKzqfp7otrMmZg515ia99tTF_acdkAVu8gjlJuarL-MXkPdtJBnAPs8inkeiKCNVKEavKdXEjxC41qiMFcdA50yM5ahW7lmX3dC9GWcglEYyG0KLRdi5hJLHLJlqfmHzNbs4rq9xKfWpA1UDFVPHYE-PEkeuv9yq7op&amp;__tn__=-UC*F\">El Tiempu n&#8217;Asturies.<\/a><\/span><\/span><\/span><\/li>\n<\/ul>\n<\/div>\n<\/div>\n<div class=\"xu06os2 x1ok221b\"><\/div>\n<\/div>\n<\/div>\n<ul>\n<li><span class=\"x193iq5w xeuugli x13faqbe x1vvkbs x1xmvt09 x1lliihq x1s928wv xhkezso x1gmr53x x1cpjm7i x1fgarty x1943h6x xudqn12 x3x7a5m x1f6kntn xvq8zen xo1l8bm xzsf02u\" dir=\"auto\"><strong><span style=\"color: #008080\">Alborecemos<\/span><\/strong> col cielu nuboso pero sin precipitaciones na met\u00e1 norte d&#8217;Asturies pero s\u00ed na cordelera y valles averaos, onde lleva lloviendo persistentemente dende ayeri, per exemplu nel puirtu Payares lleven 115l\/m2 dende&#8217;l pas\u00e1u alborecer. Les temperatures tan alrodiu de los 15\u00baC, rexistr\u00e1ndose nel puirtu Payares 5,7\u00baC<\/span><\/li>\n<li><span class=\"x193iq5w xeuugli x13faqbe x1vvkbs x1xmvt09 x1lliihq x1s928wv xhkezso x1gmr53x x1cpjm7i x1fgarty x1943h6x xudqn12 x3x7a5m x1f6kntn xvq8zen xo1l8bm xzsf02u\" dir=\"auto\"><strong><span style=\"color: #008080\">G\u00fcei<\/span> <\/strong>dir\u00e1n cesando les precipitaciones per esa fastera y amenorgando l&#8217;aire anque tov\u00eda van dase raches fuertes, nel restu vamos tener el cielu nuboso pero sin lluvia con unes temperatures que descender\u00e1n llixeramente pero calteni\u00e9ndose entov\u00eda l&#8217;ambiente mui suave nos valles.<\/span><\/li>\n<\/ul>\n<p><!--more--><\/p>\n<ul>\n<li><span class=\"x193iq5w xeuugli x13faqbe x1vvkbs x1xmvt09 x1lliihq x1s928wv xhkezso x1gmr53x x1cpjm7i x1fgarty x1943h6x xudqn12 x3x7a5m x1f6kntn xvq8zen xo1l8bm xzsf02u\" dir=\"auto\"><strong><span style=\"color: #008080\">Ma\u00f1ana s\u00e1badu<\/span> <\/strong>vamos seguir col cielu nuboso pero sin malpenes precipitaciones, sicas\u00ed na fastera m\u00e1s surocidental y cordelera podr\u00eden tener dalg\u00fan xarabatu, nel restu nun s&#8217;esperen. Les temperatures en descensu y l&#8217;aire sedr\u00e1 sele ya variable. <\/span><\/li>\n<li><span class=\"x193iq5w xeuugli x13faqbe x1vvkbs x1xmvt09 x1lliihq x1s928wv xhkezso x1gmr53x x1cpjm7i x1fgarty x1943h6x xudqn12 x3x7a5m x1f6kntn xvq8zen xo1l8bm xzsf02u\" dir=\"auto\"><span style=\"color: #008080\"><strong>El domingu<\/strong><\/span> va tar nuboso cola posibilid\u00e1 de precipitaciones febles, sobre too al finar el d\u00eda con unes temperatures que tienden a normalizase con m\u00e1simes que malpenes algamar\u00e1n los 15\u00baC.<br class=\"html-br\" \/><br class=\"html-br\" \/>Y too indica que <span style=\"color: #008080\"><strong>la selmana viniente<\/strong><\/span>, sobre too de cara&#8217;l xueves-vienres, pali que pali dir\u00e1 ganando terr\u00e9n l&#8217;iviernu ya finaremos la selmana con xarabatos, tronaes, xarazu y nieve pela cordelera pero esto y\u00e1 lu diremos viendo.<\/span><\/li>\n<\/ul>\n<p>&nbsp;<\/p>\n","protected":false},"excerpt":{"rendered":"<p>El Tiempu n&#8217;Asturies. Alborecemos col cielu nuboso pero sin precipitaciones na met\u00e1 norte d&#8217;Asturies pero s\u00ed na cordelera y valles averaos, onde lleva lloviendo persistentemente dende ayeri, per exemplu nel puirtu Payares lleven 115l\/m2 dende&#8217;l pas\u00e1u alborecer. Les temperatures tan alrodiu de los 15\u00baC, rexistr\u00e1ndose nel puirtu Payares 5,7\u00baC G\u00fcei dir\u00e1n cesando les precipitaciones per [&hellip;]<\/p>\n","protected":false},"author":117,"featured_media":0,"comment_status":"closed","ping_status":"open","sticky":false,"template":"","format":"standard","meta":{"footnotes":""},"categories":[5],"tags":[],"class_list":["post-61520","post","type-post","status-publish","format-standard","hentry","category-tiempu"],"_links":{"self":[{"href":"https:\/\/edublog.educastur.es\/ixuxu\/wp-json\/wp\/v2\/posts\/61520","targetHints":{"allow":["GET"]}}],"collection":[{"href":"https:\/\/edublog.educastur.es\/ixuxu\/wp-json\/wp\/v2\/posts"}],"about":[{"href":"https:\/\/edublog.educastur.es\/ixuxu\/wp-json\/wp\/v2\/types\/post"}],"author":[{"embeddable":true,"href":"https:\/\/edublog.educastur.es\/ixuxu\/wp-json\/wp\/v2\/users\/117"}],"replies":[{"embeddable":true,"href":"https:\/\/edublog.educastur.es\/ixuxu\/wp-json\/wp\/v2\/comments?post=61520"}],"version-history":[{"count":1,"href":"https:\/\/edublog.educastur.es\/ixuxu\/wp-json\/wp\/v2\/posts\/61520\/revisions"}],"predecessor-version":[{"id":61521,"href":"https:\/\/edublog.educastur.es\/ixuxu\/wp-json\/wp\/v2\/posts\/61520\/revisions\/61521"}],"wp:attachment":[{"href":"https:\/\/edublog.educastur.es\/ixuxu\/wp-json\/wp\/v2\/media?parent=61520"}],"wp:term":[{"taxonomy":"category","embeddable":true,"href":"https:\/\/edublog.educastur.es\/ixuxu\/wp-json\/wp\/v2\/categories?post=61520"},{"taxonomy":"post_tag","embeddable":true,"href":"https:\/\/edublog.educastur.es\/ixuxu\/wp-json\/wp\/v2\/tags?post=61520"}],"curies":[{"name":"wp","href":"https:\/\/api.w.org\/{rel}","templated":true}]}}