{"id":61531,"date":"2025-11-14T09:00:53","date_gmt":"2025-11-14T07:00:53","guid":{"rendered":"https:\/\/edublog.educastur.es\/ixuxu\/?p=61531"},"modified":"2025-11-14T13:14:01","modified_gmt":"2025-11-14T11:14:01","slug":"dia-mundial-de-la-diabetes-2","status":"publish","type":"post","link":"https:\/\/edublog.educastur.es\/ixuxu\/2025\/11\/dia-mundial-de-la-diabetes-2\/","title":{"rendered":"D\u00eda Mundial de la Diabetes"},"content":{"rendered":"<p><a href=\"https:\/\/www.makingdiabeteseasier.com\/es\/sites\/es\/files\/styles\/article_image\/public\/2025-04\/dia-mundial-diabetes-1.jpg?itok=VOsxRPmE\"><img loading=\"lazy\" decoding=\"async\" class=\"aligncenter size-large\" src=\"https:\/\/www.makingdiabeteseasier.com\/es\/sites\/es\/files\/styles\/article_image\/public\/2025-04\/dia-mundial-diabetes-1.jpg?itok=VOsxRPmE\" width=\"900\" height=\"600\" \/><\/a><\/p>\n<p>La tem\u00e1tica d&#8217;angua\u00f1o ye <strong>\u00abLa diabetes y el bienestar\u00bb<\/strong>, anque va siguir encet\u00e1ndose hasta 20265. M\u00e1s de 160 pa\u00edses y\u00e1 celebren el D\u00eda Mundial de la Diabetes A lo llargo d&#8217;esti tiempu, la campa\u00f1a de sensibilizaci\u00f3n va encontar en tr\u00e9s \u00e1rees principales:<\/p>\n<ul>\n<li><strong>El bienestar f\u00edsico,<\/strong> que pon el focu nel papel de l&#8217;activid\u00e1 f\u00edsico y uno dieta equilibrada a la d&#8217;evitar los entueyos rellacionaos cola diabetes y caltener la sal\u00fa de los diab\u00e9ticos.<\/li>\n<li><strong>El bienestar social<\/strong>, que se centra nes barreres sociales que tienen de superase para garantizar que los diab\u00e9ticos lleven una vida lo m\u00e1s sana y satisfactoria posible.<\/li>\n<li><strong>El bienestar mental<\/strong>, que crea conciencia sobro los problemes de sal\u00fa mental que puede acarretar el vivir con diabetes, seg\u00fan les formes de desanicialos con un plan integral d&#8217;asistencia.<\/li>\n<\/ul>\n<p><!--more--><\/p>\n<p style=\"text-align: center\"><a href=\"https:\/\/upload.wikimedia.org\/wikipedia\/commons\/thumb\/0\/04\/WDD-logo-date-ES-2048px.png\/1280px-WDD-logo-date-ES-2048px.png\"><img loading=\"lazy\" decoding=\"async\" class=\"aligncenter \" src=\"https:\/\/upload.wikimedia.org\/wikipedia\/commons\/thumb\/0\/04\/WDD-logo-date-ES-2048px.png\/1280px-WDD-logo-date-ES-2048px.png\" width=\"585\" height=\"300\" \/><\/a><\/p>\n<p>Cel\u00e9brase&#8217;l 14 de payares dende 1991 y foi oficializ\u00e1u como d\u00eda internacional pola Asamblea Xeneral de les Naciones Xun\u00edes en 2006. Foi proclam\u00e1u pola Organizaci\u00f3n Mundial de la Sal\u00fa (OMS) y la Federaci\u00f3n Internacional de la Diabetes (FID) en 1991, en respuesta a la creciente esmolici\u00f3n pola amenaza qu&#8217;esta enfermed\u00e1 representa para la sal\u00fa p\u00fablica a nivel global.<\/p>\n<p>&nbsp;<\/p>\n<p>El 20 d&#8217;avientu de 2006, l&#8217;Asamblea Xeneral de les Naciones Xun\u00edes oficializ\u00f3 esta fecha como un d\u00eda internacional sol auspicio de la ONU. La proclamaci\u00f3n busca aumentar la conciencia sobro la diabetes y promover l&#8217;accesu a l&#8217;atenci\u00f3n m\u00e9dica fayadiza pa prevenir y controlar la enfermed\u00e1, amenorgando asina los entueyos y les muertes prematures asociaes.<\/p>\n<p style=\"text-align: center\"><a href=\"https:\/\/www.makingdiabeteseasier.com\/es\/sites\/es\/files\/styles\/spotlight_thumbnail\/public\/2024-11\/MDE-MD-EvolucionDiabetes.jpg?itok=Cuq9ZGBx\"><img loading=\"lazy\" decoding=\"async\" class=\"aligncenter size-large\" src=\"https:\/\/www.makingdiabeteseasier.com\/es\/sites\/es\/files\/styles\/spotlight_thumbnail\/public\/2024-11\/MDE-MD-EvolucionDiabetes.jpg?itok=Cuq9ZGBx\" width=\"900\" height=\"675\" \/><\/a><\/p>\n","protected":false},"excerpt":{"rendered":"<p>La tem\u00e1tica d&#8217;angua\u00f1o ye \u00abLa diabetes y el bienestar\u00bb, anque va siguir encet\u00e1ndose hasta 20265. M\u00e1s de 160 pa\u00edses y\u00e1 celebren el D\u00eda Mundial de la Diabetes A lo llargo d&#8217;esti tiempu, la campa\u00f1a de sensibilizaci\u00f3n va encontar en tr\u00e9s \u00e1rees principales: El bienestar f\u00edsico, que pon el focu nel papel de l&#8217;activid\u00e1 f\u00edsico y [&hellip;]<\/p>\n","protected":false},"author":117,"featured_media":0,"comment_status":"closed","ping_status":"open","sticky":false,"template":"","format":"standard","meta":{"footnotes":""},"categories":[6,300],"tags":[],"class_list":["post-61531","post","type-post","status-publish","format-standard","hentry","category-dia-de","category-enfermedaes"],"_links":{"self":[{"href":"https:\/\/edublog.educastur.es\/ixuxu\/wp-json\/wp\/v2\/posts\/61531","targetHints":{"allow":["GET"]}}],"collection":[{"href":"https:\/\/edublog.educastur.es\/ixuxu\/wp-json\/wp\/v2\/posts"}],"about":[{"href":"https:\/\/edublog.educastur.es\/ixuxu\/wp-json\/wp\/v2\/types\/post"}],"author":[{"embeddable":true,"href":"https:\/\/edublog.educastur.es\/ixuxu\/wp-json\/wp\/v2\/users\/117"}],"replies":[{"embeddable":true,"href":"https:\/\/edublog.educastur.es\/ixuxu\/wp-json\/wp\/v2\/comments?post=61531"}],"version-history":[{"count":4,"href":"https:\/\/edublog.educastur.es\/ixuxu\/wp-json\/wp\/v2\/posts\/61531\/revisions"}],"predecessor-version":[{"id":61535,"href":"https:\/\/edublog.educastur.es\/ixuxu\/wp-json\/wp\/v2\/posts\/61531\/revisions\/61535"}],"wp:attachment":[{"href":"https:\/\/edublog.educastur.es\/ixuxu\/wp-json\/wp\/v2\/media?parent=61531"}],"wp:term":[{"taxonomy":"category","embeddable":true,"href":"https:\/\/edublog.educastur.es\/ixuxu\/wp-json\/wp\/v2\/categories?post=61531"},{"taxonomy":"post_tag","embeddable":true,"href":"https:\/\/edublog.educastur.es\/ixuxu\/wp-json\/wp\/v2\/tags?post=61531"}],"curies":[{"name":"wp","href":"https:\/\/api.w.org\/{rel}","templated":true}]}}