{"id":61553,"date":"2025-11-14T14:59:21","date_gmt":"2025-11-14T12:59:21","guid":{"rendered":"https:\/\/edublog.educastur.es\/ixuxu\/?p=61553"},"modified":"2025-11-19T11:25:05","modified_gmt":"2025-11-19T09:25:05","slug":"musica-clasica-con-razones","status":"publish","type":"post","link":"https:\/\/edublog.educastur.es\/ixuxu\/2025\/11\/musica-clasica-con-razones\/","title":{"rendered":"M\u00fasica cl\u00e1sica con razones"},"content":{"rendered":"<p style=\"text-align: center\"><a href=\"https:\/\/www.elcomercio.es\/gijon\/musica-clasica-razones-conciertos-20251114175642-nt.html\"><img loading=\"lazy\" decoding=\"async\" class=\"aligncenter size-large\" src=\"https:\/\/s2.ppllstatics.com\/elcomercio\/www\/multimedia\/2025\/11\/13\/fotoslead-vg4-k09-U240220390026fUB-562x393@El%20Comercio.jpg\" width=\"561\" height=\"393\" \/><\/a><a href=\"https:\/\/www.elcomercio.es\/gijon\/musica-clasica-razones-conciertos-20251114175642-nt.html\">El Comercio<\/a><\/p>\n<p style=\"text-align: center\"><span class=\"x193iq5w xeuugli x13faqbe x1vvkbs x1xmvt09 x1lliihq x1s928wv xhkezso x1gmr53x x1cpjm7i x1fgarty x1943h6x xudqn12 x3x7a5m x1f6kntn xvq8zen xo1l8bm xzsf02u x1yc453h\" dir=\"auto\">Somos Vero, Pep\u00edn y Miguel\u00a0<\/span><\/p>\n<p>El ciclu M\u00fasica empuesta&#8217; dexa faer un viaxe y afayar el x\u00e9neru cl\u00e1sicu al acompa\u00f1ar el conciertu d&#8217;una narraci\u00f3n que lo esplica Jessica M. Puga.\u00a0 <strong>Conciertos narraos&#8217; ufierta una manera distinta d&#8217;averase a la m\u00fasica cl\u00e1sica.<\/strong> En detalle, esta iniciativa entamada pola Universid\u00e1 Popular y distribuyida polos distintos barrios de la ciud\u00e1<strong> pretende averar el x\u00e9neru cl\u00e1sicu a tolos p\u00fablicos d&#8217;una manera amena, clara y senciella.<\/strong><\/p>\n<p><!--more--><\/p>\n<p>Para consiguilo, les narraciones qu&#8217;acompa\u00f1en los conciertos brinden al p\u00fablicu esplicaciones amenes para, am\u00e1s de sentir y dexase llevar pol son\u00edu, poder entender meyor les obres que se t\u00e1n escuchando. Van Ser profesionales de primer nivel los que s&#8217;encarguen de presentar, con cercan\u00eda y pasi\u00f3n coles mesmes, los repertorios escoy\u00edos para estos conciertos, que tomen dende la Ed\u00e1 Media hasta&#8217;l sieglu XXI.<\/p>\n<p>Los conciertos previstos van afondar na m\u00fasica dende la corte de Federico&#8217;l Grande a los tangos de Piazzola, van detenese en grandes cl\u00e1sicos de la m\u00fasica popular y van poner el focu nes reines de la \u00f3pera y nos or\u00edxenes del jazz.<\/p>\n<p>&nbsp;<\/p>\n","protected":false},"excerpt":{"rendered":"<p>El Comercio Somos Vero, Pep\u00edn y Miguel\u00a0 El ciclu M\u00fasica empuesta&#8217; dexa faer un viaxe y afayar el x\u00e9neru cl\u00e1sicu al acompa\u00f1ar el conciertu d&#8217;una narraci\u00f3n que lo esplica Jessica M. Puga.\u00a0 Conciertos narraos&#8217; ufierta una manera distinta d&#8217;averase a la m\u00fasica cl\u00e1sica. En detalle, esta iniciativa entamada pola Universid\u00e1 Popular y distribuyida polos distintos [&hellip;]<\/p>\n","protected":false},"author":117,"featured_media":0,"comment_status":"closed","ping_status":"open","sticky":false,"template":"","format":"standard","meta":{"footnotes":""},"categories":[35],"tags":[],"class_list":["post-61553","post","type-post","status-publish","format-standard","hentry","category-musica"],"_links":{"self":[{"href":"https:\/\/edublog.educastur.es\/ixuxu\/wp-json\/wp\/v2\/posts\/61553","targetHints":{"allow":["GET"]}}],"collection":[{"href":"https:\/\/edublog.educastur.es\/ixuxu\/wp-json\/wp\/v2\/posts"}],"about":[{"href":"https:\/\/edublog.educastur.es\/ixuxu\/wp-json\/wp\/v2\/types\/post"}],"author":[{"embeddable":true,"href":"https:\/\/edublog.educastur.es\/ixuxu\/wp-json\/wp\/v2\/users\/117"}],"replies":[{"embeddable":true,"href":"https:\/\/edublog.educastur.es\/ixuxu\/wp-json\/wp\/v2\/comments?post=61553"}],"version-history":[{"count":3,"href":"https:\/\/edublog.educastur.es\/ixuxu\/wp-json\/wp\/v2\/posts\/61553\/revisions"}],"predecessor-version":[{"id":61843,"href":"https:\/\/edublog.educastur.es\/ixuxu\/wp-json\/wp\/v2\/posts\/61553\/revisions\/61843"}],"wp:attachment":[{"href":"https:\/\/edublog.educastur.es\/ixuxu\/wp-json\/wp\/v2\/media?parent=61553"}],"wp:term":[{"taxonomy":"category","embeddable":true,"href":"https:\/\/edublog.educastur.es\/ixuxu\/wp-json\/wp\/v2\/categories?post=61553"},{"taxonomy":"post_tag","embeddable":true,"href":"https:\/\/edublog.educastur.es\/ixuxu\/wp-json\/wp\/v2\/tags?post=61553"}],"curies":[{"name":"wp","href":"https:\/\/api.w.org\/{rel}","templated":true}]}}