{"id":61557,"date":"2025-11-16T08:26:21","date_gmt":"2025-11-16T06:26:21","guid":{"rendered":"https:\/\/edublog.educastur.es\/ixuxu\/?p=61557"},"modified":"2025-11-17T10:22:45","modified_gmt":"2025-11-17T08:22:45","slug":"el-tiwmpu-el-comercio","status":"publish","type":"post","link":"https:\/\/edublog.educastur.es\/ixuxu\/2025\/11\/el-tiwmpu-el-comercio\/","title":{"rendered":"El tiempu (El Comercio)"},"content":{"rendered":"<p style=\"text-align: center\"><a href=\"https:\/\/s2.ppllstatics.com\/elcomercio\/www\/multimedia\/2025\/11\/15\/prevision-tiempo-asturias-kBSG-U2302588077118HVD-1200x870@El%20Comercio.jpg\"><img loading=\"lazy\" decoding=\"async\" class=\"aligncenter size-large\" src=\"https:\/\/s2.ppllstatics.com\/elcomercio\/www\/multimedia\/2025\/11\/15\/prevision-tiempo-asturias-kBSG-U2302588077118HVD-1200x870@El%20Comercio.jpg\" width=\"1200\" height=\"870\" \/><\/a><\/p>\n<p>A partir del llunes el tiempu va camudar por completu. Pero, enagora, ent\u00e1 <strong>se preven intervalos nublos de nubes medies y altes polo xeneral<\/strong>. La probabilid\u00e1 de precipitaciones va ser baxa con, a lo sumo, dellos bastios d\u00e9biles nel cordal y, mientres la tarde, nun se refuguen tami\u00e9n delles precipitaciones aisllaes nel sector occidental. <strong>Les temperatures m\u00e1ximes<\/strong> van baxar llixeramente nel occidente y van caltenese nel restu, ente que<strong> les m\u00ednimes<\/strong> van baxar solo nel oriente.<\/p>\n<p><!--more--><\/p>\n<p><strong>Dende primer hora del llunes<\/strong> el tiempu va ser dafechu distintu. C\u00f3lase la umbada que tuvo afect\u00e1ndonos toos estos d\u00edes tras, y agora va entrar un fluxu de vientos de norte-nord\u00e9s que va dexar precipitaciones en tol Princip\u00e1u, pudiendo ser de nieve a partir de los 1800 metros pela tarde y de los 1500 o 1600 metros pela nueche.<\/p>\n<p><strong>El martes<\/strong> va ser xuna xornada estable que va dar pasu a un mi\u00e9rcoles nel que va aprucir de llenu xuna masa d&#8217;aire fr\u00edo d&#8217;orixe \u00e1rticu. Si les previsiones c\u00famplense, van esbarrumbase les temperatures y prevese nieve a partir de los 700\/800 metros.<\/p>\n","protected":false},"excerpt":{"rendered":"<p>A partir del llunes el tiempu va camudar por completu. Pero, enagora, ent\u00e1 se preven intervalos nublos de nubes medies y altes polo xeneral. La probabilid\u00e1 de precipitaciones va ser baxa con, a lo sumo, dellos bastios d\u00e9biles nel cordal y, mientres la tarde, nun se refuguen tami\u00e9n delles precipitaciones aisllaes nel sector occidental. Les [&hellip;]<\/p>\n","protected":false},"author":117,"featured_media":0,"comment_status":"closed","ping_status":"open","sticky":false,"template":"","format":"standard","meta":{"footnotes":""},"categories":[5],"tags":[],"class_list":["post-61557","post","type-post","status-publish","format-standard","hentry","category-tiempu"],"_links":{"self":[{"href":"https:\/\/edublog.educastur.es\/ixuxu\/wp-json\/wp\/v2\/posts\/61557","targetHints":{"allow":["GET"]}}],"collection":[{"href":"https:\/\/edublog.educastur.es\/ixuxu\/wp-json\/wp\/v2\/posts"}],"about":[{"href":"https:\/\/edublog.educastur.es\/ixuxu\/wp-json\/wp\/v2\/types\/post"}],"author":[{"embeddable":true,"href":"https:\/\/edublog.educastur.es\/ixuxu\/wp-json\/wp\/v2\/users\/117"}],"replies":[{"embeddable":true,"href":"https:\/\/edublog.educastur.es\/ixuxu\/wp-json\/wp\/v2\/comments?post=61557"}],"version-history":[{"count":2,"href":"https:\/\/edublog.educastur.es\/ixuxu\/wp-json\/wp\/v2\/posts\/61557\/revisions"}],"predecessor-version":[{"id":61689,"href":"https:\/\/edublog.educastur.es\/ixuxu\/wp-json\/wp\/v2\/posts\/61557\/revisions\/61689"}],"wp:attachment":[{"href":"https:\/\/edublog.educastur.es\/ixuxu\/wp-json\/wp\/v2\/media?parent=61557"}],"wp:term":[{"taxonomy":"category","embeddable":true,"href":"https:\/\/edublog.educastur.es\/ixuxu\/wp-json\/wp\/v2\/categories?post=61557"},{"taxonomy":"post_tag","embeddable":true,"href":"https:\/\/edublog.educastur.es\/ixuxu\/wp-json\/wp\/v2\/tags?post=61557"}],"curies":[{"name":"wp","href":"https:\/\/api.w.org\/{rel}","templated":true}]}}