{"id":6156,"date":"2021-05-08T10:00:28","date_gmt":"2021-05-08T08:00:28","guid":{"rendered":"https:\/\/edublog.educastur.es\/ixuxu\/?p=6156"},"modified":"2021-05-15T11:58:14","modified_gmt":"2021-05-15T09:58:14","slug":"el-momento-e-agora-oficialida","status":"publish","type":"post","link":"https:\/\/edublog.educastur.es\/ixuxu\/2021\/05\/el-momento-e-agora-oficialida\/","title":{"rendered":"El momento \u00e9 agora: OFICIALID\u00c1"},"content":{"rendered":"<p style=\"text-align: center\">\n<!-- iframe plugin v.6.0 wordpress.org\/plugins\/iframe\/ -->\n<iframe loading=\"lazy\" src=\"https:\/\/www.facebook.com\/plugins\/video.php?height=314&#038;href=https%3A%2F%2Fwww.facebook.com%2F290879441442104%2Fvideos%2F467674967822521%2F&#038;show_text=true&#038;width=560\" width=\"560\" height=\"429\" 0=\"\/iframe\" scrolling=\"yes\" class=\"iframe-class\" frameborder=\"0\"><\/iframe>\n<\/p>\n<div>\n<div class=\"e5nlhep0\">\n<div class=\"kvgmc6g5 cxmmr5t8 oygrvhab hcukyx3x c1et5uql\">\n<div dir=\"auto\"><a href=\"https:\/\/www.facebook.com\/Plataforma-pola-Oficialid%C3%A1-del-Gallego-Asturiano-290879441442104\/\">Tam\u00e9n tedes aqu\u00ed, en Facebook, el v\u00eddeo qu&#8217;ama\u00f1amos pra compartilo m\u00e1is f\u00e1cil.<\/a><\/div>\n<ul>\n<li>Plataforma pola oficialid\u00e1<\/li>\n<\/ul>\n<\/div>\n<\/div>\n<\/div>\n","protected":false},"excerpt":{"rendered":"<p>Tam\u00e9n tedes aqu\u00ed, en Facebook, el v\u00eddeo qu&#8217;ama\u00f1amos pra compartilo m\u00e1is f\u00e1cil. Plataforma pola oficialid\u00e1<\/p>\n","protected":false},"author":117,"featured_media":0,"comment_status":"open","ping_status":"open","sticky":false,"template":"","format":"standard","meta":{"footnotes":""},"categories":[51],"tags":[],"class_list":["post-6156","post","type-post","status-publish","format-standard","hentry","category-oficialida"],"_links":{"self":[{"href":"https:\/\/edublog.educastur.es\/ixuxu\/wp-json\/wp\/v2\/posts\/6156","targetHints":{"allow":["GET"]}}],"collection":[{"href":"https:\/\/edublog.educastur.es\/ixuxu\/wp-json\/wp\/v2\/posts"}],"about":[{"href":"https:\/\/edublog.educastur.es\/ixuxu\/wp-json\/wp\/v2\/types\/post"}],"author":[{"embeddable":true,"href":"https:\/\/edublog.educastur.es\/ixuxu\/wp-json\/wp\/v2\/users\/117"}],"replies":[{"embeddable":true,"href":"https:\/\/edublog.educastur.es\/ixuxu\/wp-json\/wp\/v2\/comments?post=6156"}],"version-history":[{"count":2,"href":"https:\/\/edublog.educastur.es\/ixuxu\/wp-json\/wp\/v2\/posts\/6156\/revisions"}],"predecessor-version":[{"id":6159,"href":"https:\/\/edublog.educastur.es\/ixuxu\/wp-json\/wp\/v2\/posts\/6156\/revisions\/6159"}],"wp:attachment":[{"href":"https:\/\/edublog.educastur.es\/ixuxu\/wp-json\/wp\/v2\/media?parent=6156"}],"wp:term":[{"taxonomy":"category","embeddable":true,"href":"https:\/\/edublog.educastur.es\/ixuxu\/wp-json\/wp\/v2\/categories?post=6156"},{"taxonomy":"post_tag","embeddable":true,"href":"https:\/\/edublog.educastur.es\/ixuxu\/wp-json\/wp\/v2\/tags?post=6156"}],"curies":[{"name":"wp","href":"https:\/\/api.w.org\/{rel}","templated":true}]}}