{"id":61568,"date":"2025-11-16T11:00:26","date_gmt":"2025-11-16T09:00:26","guid":{"rendered":"https:\/\/edublog.educastur.es\/ixuxu\/?p=61568"},"modified":"2025-11-16T16:18:35","modified_gmt":"2025-11-16T14:18:35","slug":"inspeccion-educativa-rexistra-conductes-de-riesgu-nel-alumnau","status":"publish","type":"post","link":"https:\/\/edublog.educastur.es\/ixuxu\/2025\/11\/inspeccion-educativa-rexistra-conductes-de-riesgu-nel-alumnau\/","title":{"rendered":"Inspecci\u00f3n educativa rexistra conductes de riesgu nel alumn\u00e1u"},"content":{"rendered":"<p><a href=\"https:\/\/www.rtpa.es\/noticias-asturias-ast\/2025-11-15\/Inspeccion-educativa-rexistra-mas-de-270-conductes-de-riesgu-nel-alumnau_111763212193.html\">RTPA<\/a> \/ Inspecci\u00f3n educativa rexistra m\u00e1s de 270 conductes de riesgu nel alumn\u00e1u. La Conseyer\u00eda d&#8217;Educaci\u00f3n ampl\u00eda la collaboraci\u00f3n col Colexu de Psicolox\u00eda p&#8217;atender la situaci\u00f3n emocional nos centros. El Serviciu Telef\u00f3nicu atendi\u00f3 51 llamaes por situaciones de crisis dende la so puesta en marcha, en xunu de 2024.<\/p>\n<p style=\"text-align: center\"><a href=\"https:\/\/www.rtpa.es\/fotos\/\/25\/11\/20251115141708_RTPA7356338.webp\"><img loading=\"lazy\" decoding=\"async\" class=\"aligncenter size-large\" src=\"https:\/\/www.rtpa.es\/fotos\/\/25\/11\/20251115141708_RTPA7356338.webp\" width=\"853\" height=\"480\" \/><\/a><!--more--><\/p>\n<p>Les consultes telef\u00f3niques m\u00e1s recurrentes rellaci\u00f3nense com conductes suicides, un 36%; y crisis d&#8217;ansied\u00e1 un 20%. En relaci\u00f3n cola aplicaci\u00f3n de la gu\u00eda de bienestar emocional, la Inspecci\u00f3n Educativa rexistr\u00f3 276 notificaciones de conductes de riesgu nel alumn\u00e1u nel cursu 2024-2025. Ye un 4% m\u00e1s que nel cursu anterior. En 15 de los casos esist\u00eda riesgu d&#8217;inminente suicidiu.<\/p>\n","protected":false},"excerpt":{"rendered":"<p>RTPA \/ Inspecci\u00f3n educativa rexistra m\u00e1s de 270 conductes de riesgu nel alumn\u00e1u. La Conseyer\u00eda d&#8217;Educaci\u00f3n ampl\u00eda la collaboraci\u00f3n col Colexu de Psicolox\u00eda p&#8217;atender la situaci\u00f3n emocional nos centros. El Serviciu Telef\u00f3nicu atendi\u00f3 51 llamaes por situaciones de crisis dende la so puesta en marcha, en xunu de 2024.<\/p>\n","protected":false},"author":117,"featured_media":0,"comment_status":"closed","ping_status":"open","sticky":false,"template":"","format":"standard","meta":{"footnotes":""},"categories":[48],"tags":[],"class_list":["post-61568","post","type-post","status-publish","format-standard","hentry","category-salu"],"_links":{"self":[{"href":"https:\/\/edublog.educastur.es\/ixuxu\/wp-json\/wp\/v2\/posts\/61568","targetHints":{"allow":["GET"]}}],"collection":[{"href":"https:\/\/edublog.educastur.es\/ixuxu\/wp-json\/wp\/v2\/posts"}],"about":[{"href":"https:\/\/edublog.educastur.es\/ixuxu\/wp-json\/wp\/v2\/types\/post"}],"author":[{"embeddable":true,"href":"https:\/\/edublog.educastur.es\/ixuxu\/wp-json\/wp\/v2\/users\/117"}],"replies":[{"embeddable":true,"href":"https:\/\/edublog.educastur.es\/ixuxu\/wp-json\/wp\/v2\/comments?post=61568"}],"version-history":[{"count":1,"href":"https:\/\/edublog.educastur.es\/ixuxu\/wp-json\/wp\/v2\/posts\/61568\/revisions"}],"predecessor-version":[{"id":61569,"href":"https:\/\/edublog.educastur.es\/ixuxu\/wp-json\/wp\/v2\/posts\/61568\/revisions\/61569"}],"wp:attachment":[{"href":"https:\/\/edublog.educastur.es\/ixuxu\/wp-json\/wp\/v2\/media?parent=61568"}],"wp:term":[{"taxonomy":"category","embeddable":true,"href":"https:\/\/edublog.educastur.es\/ixuxu\/wp-json\/wp\/v2\/categories?post=61568"},{"taxonomy":"post_tag","embeddable":true,"href":"https:\/\/edublog.educastur.es\/ixuxu\/wp-json\/wp\/v2\/tags?post=61568"}],"curies":[{"name":"wp","href":"https:\/\/api.w.org\/{rel}","templated":true}]}}