{"id":61596,"date":"2025-11-22T14:00:46","date_gmt":"2025-11-22T12:00:46","guid":{"rendered":"https:\/\/edublog.educastur.es\/ixuxu\/?p=61596"},"modified":"2025-11-23T20:10:42","modified_gmt":"2025-11-23T18:10:42","slug":"xii-doble-milla-solidaria-rettando-al-sindrome-de-rett","status":"publish","type":"post","link":"https:\/\/edublog.educastur.es\/ixuxu\/2025\/11\/xii-doble-milla-solidaria-rettando-al-sindrome-de-rett\/","title":{"rendered":"XII Doble Milla Solidaria \u201cRettando al S\u00edndrome de Rett\u201d: 23 de payares"},"content":{"rendered":"<p>La Corredoria vu\u00e9lcase cola llucha contra&#8217;l s\u00edndrome de Rett con una carrera solidaria. Los participantes van deber d&#8217;abonar una inscripci\u00f3n simb\u00f3lica d&#8217;ente 5 y 8 euros. <a href=\"https:\/\/www.lne.es\/oviedo\/la-corredoria\/2025\/11\/12\/corredoria-vuelca-lucha-sindrome-rett-123631369.html?fbclid=IwY2xjawOG0y5leHRuA2FlbQIxMQBzcnRjBmFwcF9pZBAyMjIwMzkxNzg4MjAwODkyCGNhbGxzaXRlAjMwAAEeX2VMN7QkfB-nXnWZY0lnQKYnGdag3mIpSlVgfifIdJj22pT0mxbHkO2UbdA_aem_IKr9qusCNWl5K50O7VzhgA\">LNE\u00a0<\/a><\/p>\n<p style=\"text-align: left\"><a href=\"https:\/\/api.321go.es\/Uploads\/Image\/Carrera\/134050751062878091.jpg\"><img loading=\"lazy\" decoding=\"async\" class=\"aligncenter \" src=\"https:\/\/api.321go.es\/Uploads\/Image\/Carrera\/134050751062878091.jpg\" width=\"609\" height=\"861\" \/><\/a>La Corredoria volver\u00e1 ti\u00f1ise de solidarid\u00e1&#8217;l d\u00eda 23 de payares cola celebraci\u00f3n de la <strong>XII Doble Milla Solidaria \u201cRettando al S\u00edndrome de Rett\u201d<\/strong>, una cita y\u00e1 cl\u00e1sica nel calendariu deportivo y social uvie\u00edn.<\/p>\n<p><!--more--><\/p>\n<p style=\"text-align: center\"><a href=\"https:\/\/estaticos-cdn.prensaiberica.es\/clip\/c966a42d-3e1f-4f16-b204-80c660e169e7_16-9-discover-aspect-ratio_default_0.webp\"><img loading=\"lazy\" decoding=\"async\" class=\"aligncenter size-large\" src=\"https:\/\/estaticos-cdn.prensaiberica.es\/clip\/c966a42d-3e1f-4f16-b204-80c660e169e7_16-9-discover-aspect-ratio_default_0.webp\" width=\"1200\" height=\"675\" \/><\/a><\/p>\n<p>&nbsp;<\/p>\n<p>La prueba, entamada pol CP La Corredoria y l&#8217;asociaci\u00f3n Rettando al S\u00edndrome de Rett, va destinar *\u00edntegramente la so recaldaci\u00f3n a la investigaci\u00f3n d&#8217;esta enfermed\u00e1 neurol\u00f3xica rara qu&#8217;afecta, sobremanera, a ne\u00f1es.<\/p>\n<p>&nbsp;<\/p>\n<p>L&#8217;eventu, que cunta cola collaboraci\u00f3n del Conceyu d&#8217;Uvi\u00e9u, consolid\u00f3se como una xornada festiva na que deporte y compromisu social van de la mano. Angua\u00f1o, la carrera va arrincar dende&#8217;l Colexu P\u00fablicu La Corredoria, con dos horarios estremaos: a les 11.30 hores van salir los m\u00e1s pequenos, na carrera infantil acutada a menores de 13 a\u00f1os, ente que a les 12.15 hores va tomar la salida la carrera popular, abierta al restu d&#8217;edaes.<\/p>\n<p>Les inscripciones, que pueden realizase al travi\u00e9s de la p\u00e1xina<strong> www.321go.es<\/strong> hasta&#8217;l 21 de payares, tienen un costu simb\u00f3licu de 5 euros para los menores y 8 euros para&#8217;l restu de participantes. Am\u00e1s, la organizaci\u00f3n promete *avituallamiento y sort\u00e9u de regalos ente tolos corredores, pa completar una ma\u00f1ana de convivencia y esp\u00edritu solidariu.<\/p>\n","protected":false},"excerpt":{"rendered":"<p>La Corredoria vu\u00e9lcase cola llucha contra&#8217;l s\u00edndrome de Rett con una carrera solidaria. Los participantes van deber d&#8217;abonar una inscripci\u00f3n simb\u00f3lica d&#8217;ente 5 y 8 euros. LNE\u00a0 La Corredoria volver\u00e1 ti\u00f1ise de solidarid\u00e1&#8217;l d\u00eda 23 de payares cola celebraci\u00f3n de la XII Doble Milla Solidaria \u201cRettando al S\u00edndrome de Rett\u201d, una cita y\u00e1 cl\u00e1sica nel [&hellip;]<\/p>\n","protected":false},"author":117,"featured_media":0,"comment_status":"closed","ping_status":"open","sticky":false,"template":"","format":"standard","meta":{"footnotes":""},"categories":[222,205,382],"tags":[],"class_list":["post-61596","post","type-post","status-publish","format-standard","hentry","category-carreres","category-la-corredoria","category-solidarida"],"_links":{"self":[{"href":"https:\/\/edublog.educastur.es\/ixuxu\/wp-json\/wp\/v2\/posts\/61596","targetHints":{"allow":["GET"]}}],"collection":[{"href":"https:\/\/edublog.educastur.es\/ixuxu\/wp-json\/wp\/v2\/posts"}],"about":[{"href":"https:\/\/edublog.educastur.es\/ixuxu\/wp-json\/wp\/v2\/types\/post"}],"author":[{"embeddable":true,"href":"https:\/\/edublog.educastur.es\/ixuxu\/wp-json\/wp\/v2\/users\/117"}],"replies":[{"embeddable":true,"href":"https:\/\/edublog.educastur.es\/ixuxu\/wp-json\/wp\/v2\/comments?post=61596"}],"version-history":[{"count":2,"href":"https:\/\/edublog.educastur.es\/ixuxu\/wp-json\/wp\/v2\/posts\/61596\/revisions"}],"predecessor-version":[{"id":61598,"href":"https:\/\/edublog.educastur.es\/ixuxu\/wp-json\/wp\/v2\/posts\/61596\/revisions\/61598"}],"wp:attachment":[{"href":"https:\/\/edublog.educastur.es\/ixuxu\/wp-json\/wp\/v2\/media?parent=61596"}],"wp:term":[{"taxonomy":"category","embeddable":true,"href":"https:\/\/edublog.educastur.es\/ixuxu\/wp-json\/wp\/v2\/categories?post=61596"},{"taxonomy":"post_tag","embeddable":true,"href":"https:\/\/edublog.educastur.es\/ixuxu\/wp-json\/wp\/v2\/tags?post=61596"}],"curies":[{"name":"wp","href":"https:\/\/api.w.org\/{rel}","templated":true}]}}