{"id":61611,"date":"2025-11-15T12:31:42","date_gmt":"2025-11-15T10:31:42","guid":{"rendered":"https:\/\/edublog.educastur.es\/ixuxu\/?p=61611"},"modified":"2025-11-17T11:21:01","modified_gmt":"2025-11-17T09:21:01","slug":"61611","status":"publish","type":"post","link":"https:\/\/edublog.educastur.es\/ixuxu\/2025\/11\/61611\/","title":{"rendered":""},"content":{"rendered":"<p style=\"text-align: center\"><span style=\"font-size: 28px;color: #800080\"><strong><em>Ensin memoria nun esistimos<\/em><\/strong><\/span><br \/>\n<span style=\"font-size: 28px;color: #800080\"><strong><em> y ensin responsabilid\u00e1<\/em><\/strong><\/span><br \/>\n<span style=\"font-size: 28px;color: #800080\"><strong><em> quiciabes nun merezamos esistir.<\/em><\/strong><\/span><\/p>\n<p style=\"text-align: center\">Jos\u00e9 Saramago<\/p>\n<p><!--more--><\/p>\n<p style=\"text-align: center\">\n<!-- iframe plugin v.6.0 wordpress.org\/plugins\/iframe\/ -->\n<iframe loading=\"lazy\" src=\"https:\/\/www.facebook.com\/plugins\/post.php?href=https%3A%2F%2Fwww.facebook.com%2Fpermalink.php%3Fstory_fbid%3Dpfbid0FvB43ZARkpD7XPVSrz9iGQdTkKw3DhEQCxCrhmG4BUzeQ6FdBbHW5cyz3rE3sAsKl%26id%3D100064572952884&#038;show_text=false&#038;width=500\" width=\"500\" height=\"498\" style=\"border:none;overflow:hidden\" scrolling=\"no\" frameborder=\"0\" allowfullscreen=\"true\" allow=\"autoplay; clipboard-write; encrypted-media; picture-in-picture; web-share\" 0=\"\/iframe\" class=\"iframe-class\"><\/iframe>\n<\/p>\n<p style=\"text-align: center\"><em><span style=\"color: #800080;font-size: 24px\">\u201cNun me gusta falar de felicid\u00e1,<br \/>\nsin\u00f3n d&#8217;harmon\u00eda: <\/span><\/em><strong><em><span style=\"color: #800080;font-size: 24px\">vivir n&#8217;harmon\u00eda<br \/>\ncon nuesa mesma conciencia,<\/span><\/em><\/strong><br \/>\n<strong><em><span style=\"color: #800080;font-size: 24px\"> col nuesu mediu ambiente,<\/span><\/em><\/strong><br \/>\n<strong><em><span style=\"color: #800080;font-size: 24px\"> cola persona que te gusta, colos amigos.<\/span><\/em><\/strong><\/p>\n<p style=\"text-align: center\"><strong><em><span style=\"color: #800080;font-size: 24px\">L&#8217;harmon\u00eda ye compatible<br \/>\ncola indignaci\u00f3n y la llucha;<\/span><\/em><\/strong><br \/>\n<em><span style=\"color: #800080;font-size: 24px\"> la felicid\u00e1 non: la felicid\u00e1 ye ego\u00edsta.<\/span><\/em><br \/>\n<em><span style=\"color: #800080;font-size: 24px\">Como dacuando digo:<br \/>\nen cuenta de creer na felicid\u00e1, <\/span><\/em><br \/>\n<em><span style=\"color: #800080;font-size: 24px\">creo na harmon\u00eda col otru. <\/span><\/em><br \/>\n<em><span style=\"color: #800080;font-size: 24px\">Piensu que l&#8217;amor ye<br \/>\nl&#8217;alcuentru de l&#8217;harmon\u00eda col otru\u201d.<\/span><\/em><\/p>\n<p style=\"text-align: center\">Jos\u00e9 Saramago<\/p>\n","protected":false},"excerpt":{"rendered":"<p>Ensin memoria nun esistimos y ensin responsabilid\u00e1 quiciabes nun merezamos esistir. Jos\u00e9 Saramago<\/p>\n","protected":false},"author":117,"featured_media":0,"comment_status":"closed","ping_status":"open","sticky":false,"template":"","format":"quote","meta":{"footnotes":""},"categories":[1],"tags":[],"class_list":["post-61611","post","type-post","status-publish","format-quote","hentry","category-sin-categoria","post_format-post-format-quote"],"_links":{"self":[{"href":"https:\/\/edublog.educastur.es\/ixuxu\/wp-json\/wp\/v2\/posts\/61611","targetHints":{"allow":["GET"]}}],"collection":[{"href":"https:\/\/edublog.educastur.es\/ixuxu\/wp-json\/wp\/v2\/posts"}],"about":[{"href":"https:\/\/edublog.educastur.es\/ixuxu\/wp-json\/wp\/v2\/types\/post"}],"author":[{"embeddable":true,"href":"https:\/\/edublog.educastur.es\/ixuxu\/wp-json\/wp\/v2\/users\/117"}],"replies":[{"embeddable":true,"href":"https:\/\/edublog.educastur.es\/ixuxu\/wp-json\/wp\/v2\/comments?post=61611"}],"version-history":[{"count":6,"href":"https:\/\/edublog.educastur.es\/ixuxu\/wp-json\/wp\/v2\/posts\/61611\/revisions"}],"predecessor-version":[{"id":61697,"href":"https:\/\/edublog.educastur.es\/ixuxu\/wp-json\/wp\/v2\/posts\/61611\/revisions\/61697"}],"wp:attachment":[{"href":"https:\/\/edublog.educastur.es\/ixuxu\/wp-json\/wp\/v2\/media?parent=61611"}],"wp:term":[{"taxonomy":"category","embeddable":true,"href":"https:\/\/edublog.educastur.es\/ixuxu\/wp-json\/wp\/v2\/categories?post=61611"},{"taxonomy":"post_tag","embeddable":true,"href":"https:\/\/edublog.educastur.es\/ixuxu\/wp-json\/wp\/v2\/tags?post=61611"}],"curies":[{"name":"wp","href":"https:\/\/api.w.org\/{rel}","templated":true}]}}