{"id":61621,"date":"2025-11-16T09:00:08","date_gmt":"2025-11-16T07:00:08","guid":{"rendered":"https:\/\/edublog.educastur.es\/ixuxu\/?p=61621"},"modified":"2025-11-17T20:29:35","modified_gmt":"2025-11-17T18:29:35","slug":"dia-internacional-de-la-tolerancia","status":"publish","type":"post","link":"https:\/\/edublog.educastur.es\/ixuxu\/2025\/11\/dia-internacional-de-la-tolerancia\/","title":{"rendered":"D\u00eda Internacional de la Tolerancia"},"content":{"rendered":"<p style=\"text-align: center\"><span style=\"color: #008080;font-size: 28px\"><strong><em>\u00abNun toi acordies<br \/>\ncon lo que dices, <\/em><\/strong><\/span><br \/>\n<span style=\"color: #008080;font-size: 28px\"><strong><em>pero voi defender cola mio vida&#8217;l<br \/>\nto derechu a dicilo\u00bb.<\/em><\/strong><\/span><br \/>\n(Evelyn Beatrice Hall, bi\u00f3grafa de Voltaire)<\/p>\n<p style=\"text-align: center\">\n<!-- iframe plugin v.6.0 wordpress.org\/plugins\/iframe\/ -->\n<iframe loading=\"lazy\" src=\"https:\/\/www.facebook.com\/plugins\/post.php?href=https%3A%2F%2Fwww.facebook.com%2FUNAM.MX.Oficial%2Fposts%2Fpfbid0TMQZpMfjkBdjkbNPFwSKmAssVXqZzyxVb5TS877QB5yKY9shkAHLxiLmWfmpg5Qol&#038;show_text=false&#038;width=500\" width=\"500\" height=\"284\" style=\"border:none;overflow:hidden\" scrolling=\"no\" frameborder=\"0\" allowfullscreen=\"true\" allow=\"autoplay; clipboard-write; encrypted-media; picture-in-picture; web-share\" 0=\"\/iframe\" class=\"iframe-class\"><\/iframe>\n<\/p>\n<p>Respetar les idees, creencies y pr\u00e1ctiques de los dem\u00e1s cuando son contraries a les mesmes ye un valor fundamental para la convivencia humana. Una fecha creada pola UNESCO y proclamada pola Asamblea Xeneral de la ONU en 1996, tres l&#8217;adopci\u00f3n de la Declaraci\u00f3n de Principios sobro la Tolerancia en 1995.<br \/>\n<strong>La organizaci\u00f3n define la tolerancia como&#8217;l respetu, l&#8217;aceptaci\u00f3n y la valoraci\u00f3n de la diversid\u00e1 d&#8217;idees, cultures y formes de vivir.<\/strong> Nun implica coincidir en tou, sin\u00f3n<strong> reconocer los derechos del otru.<\/strong><\/p>\n<p><!--more--><br \/>\nNun contestu global marc\u00e1u por alderiques r\u00e1pidos, desinformaci\u00f3n y postures cada vez m\u00e1s r\u00edxides,<strong> la UNESCO recuerda que la tolerancia ye clave pa prevenir conflictos y construyir espacios de convivencia. <\/strong>La tolerancia ye respetu y l&#8217;entendimientu de que les diferencies en cultura, formes d&#8217;espresi\u00f3n y creencies arriqu\u00e9cennos. Esto ye, ye un primer pasu para construyir democracia.<\/p>\n<p style=\"text-align: center\">\n<!-- iframe plugin v.6.0 wordpress.org\/plugins\/iframe\/ -->\n<iframe loading=\"lazy\" src=\"https:\/\/www.facebook.com\/plugins\/post.php?href=https%3A%2F%2Fwww.facebook.com%2Felkilombooficial%2Fposts%2Fpfbid0qethBzPXCGnbFWL6rRV6mFbirnRuFUPT6tKTu1DKt9C7Pkwr55uxrnAE8oUnnkyLl&#038;show_text=false&#038;width=500\" width=\"500\" height=\"498\" style=\"border:none;overflow:hidden\" scrolling=\"no\" frameborder=\"0\" allowfullscreen=\"true\" allow=\"autoplay; clipboard-write; encrypted-media; picture-in-picture; web-share\" 0=\"\/iframe\" class=\"iframe-class\"><\/iframe>\n<\/p>\n<p><em>Toos, toes, todes somos en dalg\u00fan momentu un otru. Estes idees y creencies faen pensar qu&#8217;unos somos m\u00e1s qu&#8217;otros y asina se crean diferencies, condiciones de desiguald\u00e1, valores, actit\u00faes que tenemos escontra la otredad.<\/em><\/p>\n<p style=\"text-align: center\"><a href=\"https:\/\/www.gaceta.unam.mx\/wp-content\/uploads\/2022\/11\/221117-Aca3-des-f1-Tolerancia-el-primer-paso.jpg\"><img loading=\"lazy\" decoding=\"async\" class=\"aligncenter size-large\" src=\"https:\/\/www.gaceta.unam.mx\/wp-content\/uploads\/2022\/11\/221117-Aca3-des-f1-Tolerancia-el-primer-paso.jpg\" width=\"990\" height=\"556\" \/><\/a><\/p>\n<p>&nbsp;<\/p>\n<p>\ud83c\udf08 G\u00fcei celebramos la diversid\u00e1, el respetu y la llibert\u00e1 de ser quien somos. \ud83d\udc9c <span style=\"color: #008080\"><strong>La tolerancia nun ye solo aceptar, sin\u00f3n abrazar les diferencies que nos arriquecen como socied\u00e1.<\/strong> <\/span>Nun mundu onde ent\u00e1 esisten prexuicios, l&#8217;amor, la empat\u00eda y la visibilid\u00e1 del colectivu LGTBIQ+ son m\u00e1s necesarios que nunca. \ud83c\udff3\ufe0f\u200d\ud83c\udf08\u2728Qu&#8217;acald\u00eda s\u00eda una oportunid\u00e1 para construyir espacios m\u00e1s seguros, m\u00e1s humanos y m\u00e1s llibres. La tolerancia ye&#8217;l cam\u00edn. \ud83d\udc9b<\/p>\n<p style=\"text-align: center\"><span class=\"x193iq5w xeuugli x13faqbe x1vvkbs xt0psk2 x1i0vuye xvs91rp xo1l8bm x5n08af x10wh9bi xpm28yp x8viiok x1o7cslx x126k92a\"><span class=\"html-span xexx8yu x4uap5 x18d9i69 xkhd6sd x1hl2dhg x16tdsg8 x1vvkbs x3nfvp2 x1j61x8r x1fcty0u xdj266r xat24cr xgzva0m xhhsvwb xxymvpz xlup9mm x1kky2od\">\n<!-- iframe plugin v.6.0 wordpress.org\/plugins\/iframe\/ -->\n<iframe loading=\"lazy\" src=\"https:\/\/www.instagram.com\/reel\/DRHE1N4iBSD\/embed\" width=\"500\" height=\"675\" 0=\"\/iframe\" scrolling=\"yes\" class=\"iframe-class\" frameborder=\"0\"><\/iframe>\n<\/span><\/span><\/p>\n","protected":false},"excerpt":{"rendered":"<p>\u00abNun toi acordies con lo que dices, pero voi defender cola mio vida&#8217;l to derechu a dicilo\u00bb. (Evelyn Beatrice Hall, bi\u00f3grafa de Voltaire) Respetar les idees, creencies y pr\u00e1ctiques de los dem\u00e1s cuando son contraries a les mesmes ye un valor fundamental para la convivencia humana. Una fecha creada pola UNESCO y proclamada pola Asamblea [&hellip;]<\/p>\n","protected":false},"author":117,"featured_media":0,"comment_status":"closed","ping_status":"open","sticky":false,"template":"","format":"standard","meta":{"footnotes":""},"categories":[6],"tags":[],"class_list":["post-61621","post","type-post","status-publish","format-standard","hentry","category-dia-de"],"_links":{"self":[{"href":"https:\/\/edublog.educastur.es\/ixuxu\/wp-json\/wp\/v2\/posts\/61621","targetHints":{"allow":["GET"]}}],"collection":[{"href":"https:\/\/edublog.educastur.es\/ixuxu\/wp-json\/wp\/v2\/posts"}],"about":[{"href":"https:\/\/edublog.educastur.es\/ixuxu\/wp-json\/wp\/v2\/types\/post"}],"author":[{"embeddable":true,"href":"https:\/\/edublog.educastur.es\/ixuxu\/wp-json\/wp\/v2\/users\/117"}],"replies":[{"embeddable":true,"href":"https:\/\/edublog.educastur.es\/ixuxu\/wp-json\/wp\/v2\/comments?post=61621"}],"version-history":[{"count":9,"href":"https:\/\/edublog.educastur.es\/ixuxu\/wp-json\/wp\/v2\/posts\/61621\/revisions"}],"predecessor-version":[{"id":61719,"href":"https:\/\/edublog.educastur.es\/ixuxu\/wp-json\/wp\/v2\/posts\/61621\/revisions\/61719"}],"wp:attachment":[{"href":"https:\/\/edublog.educastur.es\/ixuxu\/wp-json\/wp\/v2\/media?parent=61621"}],"wp:term":[{"taxonomy":"category","embeddable":true,"href":"https:\/\/edublog.educastur.es\/ixuxu\/wp-json\/wp\/v2\/categories?post=61621"},{"taxonomy":"post_tag","embeddable":true,"href":"https:\/\/edublog.educastur.es\/ixuxu\/wp-json\/wp\/v2\/tags?post=61621"}],"curies":[{"name":"wp","href":"https:\/\/api.w.org\/{rel}","templated":true}]}}