{"id":61638,"date":"2025-11-16T19:12:20","date_gmt":"2025-11-16T17:12:20","guid":{"rendered":"https:\/\/edublog.educastur.es\/ixuxu\/?p=61638"},"modified":"2025-11-16T19:27:16","modified_gmt":"2025-11-16T17:27:16","slug":"la-ilesia-prerromanica-asturiana-enclavada-nuna-redolada-natural-escepcional","status":"publish","type":"post","link":"https:\/\/edublog.educastur.es\/ixuxu\/2025\/11\/la-ilesia-prerromanica-asturiana-enclavada-nuna-redolada-natural-escepcional\/","title":{"rendered":"Santo Cristina de L.lena: la ilesia prerrom\u00e1nica asturiana enclavada nuna redolada natural escepcional."},"content":{"rendered":"<p><a href=\"https:\/\/www.espanafascinante.com\/articulo\/lugares\/patrimonio-humanidad-iglesia-asturiana-entorno-natural\/20230427094300274875.html\">Espa\u00f1a fascinante<\/a> \/<\/p>\n<p style=\"text-align: center\"><a href=\"https:\/\/www.espanafascinante.com\/asset\/thumbnail,1920,1080,center,center\/media\/espanafascinante\/images\/2025\/11\/11\/2025111117425862574.jpg\"><img loading=\"lazy\" decoding=\"async\" class=\"aligncenter size-large\" src=\"https:\/\/www.espanafascinante.com\/asset\/thumbnail,1920,1080,center,center\/media\/espanafascinante\/images\/2025\/11\/11\/2025111117425862574.jpg\" width=\"1600\" height=\"899\" \/><\/a><\/p>\n<p>Declarada Patrimoniu de la Humanid\u00e1: la ilesia prerrom\u00e1nica asturiana enclavada nuna redolada natural escepcional. Esta ilesia prerrom\u00e1nica \u00e1lzase sobro una llomba arrodiada de prader\u00edes verdes, ufiertando una redolada natural ideal pal turismu rural.<\/p>\n<p><!--more--><\/p>\n<p>El norte de la pen\u00ednsula ib\u00e9rica ta llar\u00e1u de pequenes ermites ya ilesies con muncho encantu, como la de<strong> Santo Cristina de L.lena.<\/strong> Allugada a lo cimero d&#8217;una llomba y arrodiada d&#8217;un paisaxe buc\u00f3lico, convirti\u00f3se n&#8217;una visita m\u00e1s qu&#8217;obligada para aquellos qu&#8217;esfruten afayando rincones inda desconoc\u00edos d&#8217;Asturies. Tantu si unu ta de vacaciones pel norte peninsular como si pr\u00fai esfrutar de les rutes de senderismo d&#8217;Asturies, ensin batura a duldes la Ilesia de Santo Cristina de L.lena ye un llugar que tien de visitase.<\/p>\n<p>Santa Cristina de L.lena ye una ilesia prerrom\u00e1nica allugada n&#8217;Asturies. <strong>Pol so estilu arquitect\u00f3nicu, cr\u00e9ese que foi construyida mientres el sieglu IX<\/strong>. La falta de documentos de la d\u00f3mina, s\u00eda que non, nun facilita la xera d&#8217;enmarcala temporalmente.<\/p>\n<p>Y ye xusto ese fechu lo que provoc\u00f3 que la Ilesia de Santo Cristina de L.lena s\u00eda focu de munchos alderiques. L&#8217;edificiu l.lenizu foi estudi\u00e1u, analiz\u00e1u y alderic\u00e1u por ensame d&#8217;especialistes ya historiadores, ensin llegar a tener una conclusi\u00f3n esacta y oxetiva del so orixe. Dellos espertos asitien la so construcci\u00f3n inclusive muncho primero, en d\u00f3mina visig\u00f3tica, pero reform\u00e1ndose en sieglos posteriores para ufiertar un aspeutu m\u00e1s actual. Esta teor\u00eda b\u00e1sase nes distintes pieces d&#8217;orixe visig\u00f3ticu reaprovechaes que pueden contemplase nel interior de la edificaci\u00f3n.<\/p>\n<p>Esisten diverses hip\u00f3tesis al respective de la funci\u00f3n de la construcci\u00f3n. Pue que formara parte d&#8217;una pequena fundaci\u00f3n mon\u00e1stica o que fora parte d&#8217;un conxuntu mayor rellacion\u00e1u cola familia real, como un llugar que s&#8217;utilizaba de forma recreativa. S\u00eda que non, foi declarada Patrimoniu de la Humanid\u00e1 como parte del conxuntu denomin\u00e1u \u00abMonumentos d&#8217;Uvi\u00e9u y del reinu d&#8217;Asturies\u00bb.<\/p>\n<p>Teniendo en cuenta la teor\u00eda con un orixe m\u00e1s s\u00f3lidu, l&#8217;empiezu de la hestoria de Santo Cristina de L.lena rem\u00f3ntase al sieglu IX. En concretu, a la etapa conocida como ramirense. Esta produci\u00f3se cuando Ramiro I y el so f\u00edu, Ordo\u00f1o I, fueron coronaos nel Reinu d&#8217;Asturies, ente 842 y 866 dempu\u00e9s de Cristu. Agora bien, hai qu&#8217;avanzar casi un mileniu escontra alantre pa empezar a atopar referencies lliteraries. Nesti casu, del escritor espa\u00f1ol Gaspar Melchor de Xovellanos, que nel a\u00f1u 1793 realiz\u00f3 diversos dibuxos de la construcci\u00f3n de Santo Cristina de L.lena.<\/p>\n<p>Poco menos d&#8217;un sieglu dempu\u00e9s, nel a\u00f1u 1885,<strong> l&#8217;Academia d&#8217;Hestoria catalog\u00f3 a la Ermita de Santo Cristina de L.lena como Monumentu Hist\u00f3ricu Art\u00edsticu<\/strong>. Nesi momentu #atopar nun est\u00e1u bien ameyorable, polo qu&#8217;a partir d&#8217;esti sucesu #invertir en reformes p&#8217;ameyorar la situaci\u00f3n del edificiu. Esiste am\u00e1s xuna tradici\u00f3n oral qu&#8217;indica que<strong>, mientres la revoluci\u00f3n de mineros asturianos del a\u00f1u 1934, la ilesia utiliz\u00f3se como llugar defensivu \u00e9nte les tropes del est\u00e1u<\/strong>. Sufri\u00f3 da\u00f1os nestos ataques, pero na actualid\u00e1 non pueden apreciase nicios d&#8217;ello. Ye posible qu&#8217;esto se deba a los arreglos produc\u00edos nel a\u00f1u 1950.<\/p>\n<p>Nun foi hasta l&#8217;a\u00f1u <strong>1985 cuando la Unesco declar\u00f3 la Ilesia de Santo Cristina de L.lena Patrimoniu de la Humanid<\/strong>\u00e1, reconociendo asina&#8217;l so valor. Mientres los a\u00f1os posteriores, sobremanera entr\u00e1u&#8217;l sieglu XXI, fix\u00e9ronse m\u00e1s obres pa reforzar la estructura y ameyorar la zona circundante.<\/p>\n<p style=\"text-align: center\"><a href=\"https:\/\/www.espanafascinante.com\/asset\/thumbnail,992,558,center,center\/media\/espanafascinante\/images\/2021\/09\/28\/20210928153516357084.jpg\"><img loading=\"lazy\" decoding=\"async\" class=\"aligncenter size-large\" src=\"https:\/\/www.espanafascinante.com\/asset\/thumbnail,992,558,center,center\/media\/espanafascinante\/images\/2021\/09\/28\/20210928153516357084.jpg\" width=\"800\" height=\"500\" \/><\/a>Dende la vista a\u00e9rea puede reparase a la perfecci\u00f3n la planta en forma de cruz griega. |<\/p>\n<p>La estructura y arquitectura de Santo Cristina de L.lena difier enforma d&#8217;otres obres relixoses que pueden atopase n&#8217;Asturies, como pue ser la parroquia d&#8217;Espinar\u00e9u o la ermita de La Regalina. La ilesia cunta con una planta en forma de cruz griega, con una nave central estremada en cinco tramos y utilizando arcos faxones sofitaos en *arquer\u00eda ciega. El techu utiliza b\u00f3veda de ca\u00f1\u00f3n, ente que puede reparase que s&#8217;utiliz\u00f3 dos altores nel suelu, siendo la m\u00e1s elevada na zona del altar. Dispon tantu de n\u00e1rtex como de *iconostasis. Util\u00edcense tr\u00e9s arcos de piedra con celos\u00edes pa dixebrar la zona del presbiteriu cola nave principal, ufiertando una interesante apariencia interior y decorada con motivos visigodos.<\/p>\n<p>Nun ye una construcci\u00f3n demasiao grande, y\u00e1 que tien 10 metros de llargor por 5 metros d&#8217;anchor. Nel esterior pueden reparase distintos contrafuertes que refuercen tola estructura de la ilesia. La combinaci\u00f3n de distintos elementos, como columnes corinties y la decoraci\u00f3n visig\u00f3tica, fai albidrar que l&#8217;arquiteutu encarg\u00e1u de la so construcci\u00f3n #basar nuna ilesia visigoda. Pudo reconstruyise respetando la planta, seg\u00fan dellos otros detalles.<\/p>\n<p>Por cuenta de estes y otres caracter\u00edstiques, puede rellacionase a la ermita de #Santo Cristina de L.lena cola de Santa Mar\u00eda del *Naranco y San Miguel de Lli\u00f1o. La so construcci\u00f3n o reconstrucci\u00f3n podr\u00eda ser xuna obra previa del arquiteutu y el so equipu antes d&#8217;embarcase nes otres dos obres arquitect\u00f3niques.<\/p>\n<p style=\"text-align: center\"><a href=\"https:\/\/www.espanafascinante.com\/asset\/thumbnail,992,558,center,center\/media\/espanafascinante\/images\/2021\/09\/28\/20210928153514357083.jpg\"><img loading=\"lazy\" decoding=\"async\" class=\"aligncenter size-large\" src=\"https:\/\/www.espanafascinante.com\/asset\/thumbnail,992,558,center,center\/media\/espanafascinante\/images\/2021\/09\/28\/20210928153514357083.jpg\" width=\"800\" height=\"500\" \/><\/a><\/p>\n<p>\u00a0Primavera y branu son les meyores estaciones pa visitar la ilesia y la so contorna. | Shutterstock<\/p>\n<p>La Ilesia de #Santo Cristina de L.lena #alcontrar a 35 kil\u00f3metros al sur d&#8217;Uvi\u00e9u. Dende esa ciud\u00e1 solo d\u00e9bese coyer l&#8217;autov\u00eda A-66, pasando Mieres y La Pola L.lena en direcci\u00f3n a Vega del Rei. Arrodiada d&#8217;un bon surt\u00edu de pueblos de monte asturianos, at\u00f3pase allugada mui cerca del Puertu de Payares, unu de los puntos que comuniquen el pandu castellanu cola comunid\u00e1 aut\u00f3noma d&#8217;Asturies.<\/p>\n<p>Corona una llomba, arrodiada de prader\u00edes verdes qu&#8217;ufierten un maraviyosu paisaxe. Non solo convida a conocer m\u00e1s en fondura la Ilesia de Santo Cristina de L.lena, tami\u00e9n a pasar un fant\u00e1sticu d\u00eda de turismu rural. Esto postreru ye recomendable realizalo l&#8217;\u00faltimu domingu de xunetu. Ye nestes feches cuando los habitantes de los pueblos cercanos ax\u00fantense pa realizar una romer\u00eda n&#8217;honor a Santo Cristina. Aprovechando l&#8217;eventu, tami\u00e9n se practica la peculiar puya asturiana de \u00abla puya del ramu\u00bb.<\/p>\n","protected":false},"excerpt":{"rendered":"<p>Espa\u00f1a fascinante \/ Declarada Patrimoniu de la Humanid\u00e1: la ilesia prerrom\u00e1nica asturiana enclavada nuna redolada natural escepcional. Esta ilesia prerrom\u00e1nica \u00e1lzase sobro una llomba arrodiada de prader\u00edes verdes, ufiertando una redolada natural ideal pal turismu rural.<\/p>\n","protected":false},"author":117,"featured_media":0,"comment_status":"closed","ping_status":"open","sticky":false,"template":"","format":"standard","meta":{"footnotes":""},"categories":[441],"tags":[],"class_list":["post-61638","post","type-post","status-publish","format-standard","hentry","category-ilesia"],"_links":{"self":[{"href":"https:\/\/edublog.educastur.es\/ixuxu\/wp-json\/wp\/v2\/posts\/61638","targetHints":{"allow":["GET"]}}],"collection":[{"href":"https:\/\/edublog.educastur.es\/ixuxu\/wp-json\/wp\/v2\/posts"}],"about":[{"href":"https:\/\/edublog.educastur.es\/ixuxu\/wp-json\/wp\/v2\/types\/post"}],"author":[{"embeddable":true,"href":"https:\/\/edublog.educastur.es\/ixuxu\/wp-json\/wp\/v2\/users\/117"}],"replies":[{"embeddable":true,"href":"https:\/\/edublog.educastur.es\/ixuxu\/wp-json\/wp\/v2\/comments?post=61638"}],"version-history":[{"count":4,"href":"https:\/\/edublog.educastur.es\/ixuxu\/wp-json\/wp\/v2\/posts\/61638\/revisions"}],"predecessor-version":[{"id":61642,"href":"https:\/\/edublog.educastur.es\/ixuxu\/wp-json\/wp\/v2\/posts\/61638\/revisions\/61642"}],"wp:attachment":[{"href":"https:\/\/edublog.educastur.es\/ixuxu\/wp-json\/wp\/v2\/media?parent=61638"}],"wp:term":[{"taxonomy":"category","embeddable":true,"href":"https:\/\/edublog.educastur.es\/ixuxu\/wp-json\/wp\/v2\/categories?post=61638"},{"taxonomy":"post_tag","embeddable":true,"href":"https:\/\/edublog.educastur.es\/ixuxu\/wp-json\/wp\/v2\/tags?post=61638"}],"curies":[{"name":"wp","href":"https:\/\/api.w.org\/{rel}","templated":true}]}}