{"id":61655,"date":"2025-11-16T20:18:14","date_gmt":"2025-11-16T18:18:14","guid":{"rendered":"https:\/\/edublog.educastur.es\/ixuxu\/?p=61655"},"modified":"2025-11-16T20:18:14","modified_gmt":"2025-11-16T18:18:14","slug":"xxix-festival-del-esfoyon-y-lamagosto-en-navelgas-tineu","status":"publish","type":"post","link":"https:\/\/edublog.educastur.es\/ixuxu\/2025\/11\/xxix-festival-del-esfoyon-y-lamagosto-en-navelgas-tineu\/","title":{"rendered":"XXIX Festival del Esfoy\u00f3n y l&#8217;Amagosto en Navelgas, Tin\u00e9u"},"content":{"rendered":"<p style=\"text-align: center\"><a href=\"https:\/\/estaticos-cdn.prensaiberica.es\/clip\/d8b94e94-e545-4a7c-b645-65062b0ff9f2_source-aspect-ratio_default_0.jpg\"><img loading=\"lazy\" decoding=\"async\" class=\"aligncenter size-large\" src=\"https:\/\/estaticos-cdn.prensaiberica.es\/clip\/d8b94e94-e545-4a7c-b645-65062b0ff9f2_source-aspect-ratio_default_0.jpg\" width=\"1600\" height=\"900\" \/><\/a><\/p>\n<p>Navelgas consigue viaxar al pas\u00e1u n&#8217;una nueche llena de tradiciones, oficios artesanales y sabores d&#8217;anta\u00f1o. El colexu de la localid\u00e1 cuartana recibi\u00f3 la \u201cPanoya d&#8217;Oru\u201d n&#8217;una nueva edici\u00f3n del Festival del Esfoy\u00f3n y l&#8217;Amagosto.<a href=\"https:\/\/www.lne.es\/occidente\/2025\/11\/09\/navelgas-viajar-pasado-noche-llena-123525934.html?utm_content=imagen&amp;utm_medium=social&amp;utm_campaign=echobox&amp;utm_source=Facebook&amp;fbclid=IwY2xjawOG80xleHRuA2FlbQIxMQBzcnRjBmFwcF9pZBAyMjIwMzkxNzg4MjAwODkyCGNhbGxzaXRlAjMwAAEe9fvI6O7tcEciYUletg9h8o9QHHWjYN-dUrz76W0I4ZS1lIZ3X7Fz_4T5ycM_aem_poQsRaORSFw3uKbq2PFueQ\"> LNE\u00a0<\/a><\/p>\n<p><!--more--><\/p>\n<p>Navelgas, en Tin\u00e9u, volvi\u00f3 activar la so m\u00e1quina del tiempu para esfrutar de les tradiciones rurales d&#8217;anta\u00f1o na so <strong>XXIX Festival del Esfoy\u00f3n y l&#8217;Amagosto<\/strong>, una cita emblem\u00e1tica del calendariu cuartanu que ta declarada fiesta d&#8217;inter\u00e9s tur\u00edsticu rexonal. El barriu de Navelgas de riba allum\u00e1u solo cola lluz de les antorches ye l&#8217;escenariu <strong>para dar vida a antiguos oficios artesanales y costumes en redol a la celebraci\u00f3n de la esfoyaza<\/strong>. Una xornada d&#8217;alcordances que tami\u00e9n sirve para reconocer el trabayu en favor del caltenimientu de les tradiciones col galard\u00f3n \u201cPanoya d&#8217;Oru\u201d qu&#8217;angua\u00f1o recay\u00f3 nel colexu de la localid\u00e1.<\/p>\n<p>\u201cSiempres caltuvo les sos puertes abiertes y eso ye daqu\u00e9 que lo estrema, convirti\u00e9ndose n&#8217;una parte esencial de la vida del pueblu\u201d, reconoci\u00f3 Alba Iglesias, presidenta de l&#8217;asociaci\u00f3n cultural \u201cEl Arbedeiro\u201d, colectivu organizador de la velada al pie de l&#8217;asociaci\u00f3n de vecinos San Juan de Navelgas. Am\u00e1s, Iglesias destaca la disposici\u00f3n a collaborar en\u00a0 cualquier activid\u00e1 de la localid\u00e1 del so equipu directivo y docente.<\/p>\n<p style=\"text-align: center\"><a href=\"https:\/\/estaticos-cdn.prensaiberica.es\/clip\/5c3696ad-89c7-43b6-97f9-65b0ea0296ec_source-aspect-ratio_default_0.jpg\"><img loading=\"lazy\" decoding=\"async\" class=\"aligncenter size-large\" src=\"https:\/\/estaticos-cdn.prensaiberica.es\/clip\/5c3696ad-89c7-43b6-97f9-65b0ea0296ec_source-aspect-ratio_default_0.jpg\" width=\"1600\" height=\"1200\" \/><\/a><\/p>\n","protected":false},"excerpt":{"rendered":"<p>Navelgas consigue viaxar al pas\u00e1u n&#8217;una nueche llena de tradiciones, oficios artesanales y sabores d&#8217;anta\u00f1o. El colexu de la localid\u00e1 cuartana recibi\u00f3 la \u201cPanoya d&#8217;Oru\u201d n&#8217;una nueva edici\u00f3n del Festival del Esfoy\u00f3n y l&#8217;Amagosto. LNE\u00a0<\/p>\n","protected":false},"author":117,"featured_media":0,"comment_status":"closed","ping_status":"open","sticky":false,"template":"","format":"standard","meta":{"footnotes":""},"categories":[204,113],"tags":[],"class_list":["post-61655","post","type-post","status-publish","format-standard","hentry","category-festivales","category-tradiciones"],"_links":{"self":[{"href":"https:\/\/edublog.educastur.es\/ixuxu\/wp-json\/wp\/v2\/posts\/61655","targetHints":{"allow":["GET"]}}],"collection":[{"href":"https:\/\/edublog.educastur.es\/ixuxu\/wp-json\/wp\/v2\/posts"}],"about":[{"href":"https:\/\/edublog.educastur.es\/ixuxu\/wp-json\/wp\/v2\/types\/post"}],"author":[{"embeddable":true,"href":"https:\/\/edublog.educastur.es\/ixuxu\/wp-json\/wp\/v2\/users\/117"}],"replies":[{"embeddable":true,"href":"https:\/\/edublog.educastur.es\/ixuxu\/wp-json\/wp\/v2\/comments?post=61655"}],"version-history":[{"count":1,"href":"https:\/\/edublog.educastur.es\/ixuxu\/wp-json\/wp\/v2\/posts\/61655\/revisions"}],"predecessor-version":[{"id":61656,"href":"https:\/\/edublog.educastur.es\/ixuxu\/wp-json\/wp\/v2\/posts\/61655\/revisions\/61656"}],"wp:attachment":[{"href":"https:\/\/edublog.educastur.es\/ixuxu\/wp-json\/wp\/v2\/media?parent=61655"}],"wp:term":[{"taxonomy":"category","embeddable":true,"href":"https:\/\/edublog.educastur.es\/ixuxu\/wp-json\/wp\/v2\/categories?post=61655"},{"taxonomy":"post_tag","embeddable":true,"href":"https:\/\/edublog.educastur.es\/ixuxu\/wp-json\/wp\/v2\/tags?post=61655"}],"curies":[{"name":"wp","href":"https:\/\/api.w.org\/{rel}","templated":true}]}}