{"id":61657,"date":"2025-11-16T14:23:22","date_gmt":"2025-11-16T12:23:22","guid":{"rendered":"https:\/\/edublog.educastur.es\/ixuxu\/?p=61657"},"modified":"2025-11-18T13:35:41","modified_gmt":"2025-11-18T11:35:41","slug":"el-meyor-pote-despana-cocinase-ente-asturies-y-madrid","status":"publish","type":"post","link":"https:\/\/edublog.educastur.es\/ixuxu\/2025\/11\/el-meyor-pote-despana-cocinase-ente-asturies-y-madrid\/","title":{"rendered":"VII Campeonatu d&#8217;Espa\u00f1a de Pote Asturianu"},"content":{"rendered":"<p style=\"text-align: center\"><span class=\"x193iq5w xeuugli x13faqbe x1vvkbs xt0psk2 x1i0vuye xvs91rp xo1l8bm x5n08af x10wh9bi xpm28yp x8viiok x1o7cslx x126k92a\"><span class=\"html-span xexx8yu x4uap5 x18d9i69 xkhd6sd x1hl2dhg x16tdsg8 x1vvkbs x3nfvp2 x1j61x8r x1fcty0u xdj266r xat24cr xgzva0m xhhsvwb xxymvpz xlup9mm x1kky2od\">\n<!-- iframe plugin v.6.0 wordpress.org\/plugins\/iframe\/ -->\n<iframe loading=\"lazy\" src=\"https:\/\/www.instagram.com\/reel\/DQ_zpFojZai\/embed\" width=\"500\" height=\"645\" 0=\"\/iframe\" scrolling=\"yes\" class=\"iframe-class\" frameborder=\"0\"><\/iframe>\n<\/span><\/span><\/p>\n<p>El meyor pote d&#8217;Espa\u00f1a coc\u00ednase ente Asturies y Madrid: estos son los 42 restoranes qu&#8217;aspiren a ser l&#8217;epicentru d&#8217;esti manxar asturianu. La gran<br \/>\nfinal va celebrase&#8217;l pr\u00f3ximu 2 d&#8217;avientu. <a href=\"https:\/\/www.instagram.com\/elmejorpoteasturiano\">https:\/\/www.instagram.com\/elmejorpoteasturiano<\/a> \/\u00a0<a href=\"https:\/\/www.lne.es\/asturias\/2025\/11\/16\/mejor-pote-espana-cocina-asturias-123780174.html\">LNE\u00a0<\/a><\/p>\n<p><!--more--><\/p>\n<p>El pote asturianu, unu de los platos m\u00e1s emblem\u00e1ticos de la gastronom\u00eda del Princip\u00e1u, vuelve convertise en protagonista cola celebraci\u00f3n del <strong>VII Campeonatu d&#8217;Espa\u00f1a de Pote Asturianu<\/strong>, un certame que reivindica la cocina tradicional, los productos locales y l&#8217;autenticid\u00e1 de los guisos de cuyar que formen parte de l&#8217;alma asturiana. Nesta s\u00e9ptima edici\u00f3n van participar 42 establecimientos de toa Espa\u00f1a, de los cualos 15 pertenecen al conceyu d&#8217;Uvi\u00e9u, reafitando&#8217;l lideralgu de la capital asturiana como epicentru del pote. <a href=\"https:\/\/www.instagram.com\/p\/DRFc0sBDKMk\">Reel<\/a><\/p>\n<p style=\"text-align: center\"><span class=\"x193iq5w xeuugli x13faqbe x1vvkbs xt0psk2 x1i0vuye xvs91rp xo1l8bm x5n08af x10wh9bi xpm28yp x8viiok x1o7cslx x126k92a\"><span class=\"html-span xexx8yu x4uap5 x18d9i69 xkhd6sd x1hl2dhg x16tdsg8 x1vvkbs x3nfvp2 x1j61x8r x1fcty0u xdj266r xat24cr xgzva0m xhhsvwb xxymvpz xlup9mm x1kky2od\">\n<!-- iframe plugin v.6.0 wordpress.org\/plugins\/iframe\/ -->\n<iframe loading=\"lazy\" src=\"https:\/\/www.instagram.com\/reel\/DQ7KMiGiKN4\/embed\" width=\"500\" height=\"595\" 0=\"\/iframe\" scrolling=\"yes\" class=\"iframe-class\" frameborder=\"0\"><\/iframe>\n<\/span><\/span><\/p>\n<p>Nesta ocasi\u00f3n el campeonatu ampl\u00eda&#8217;l so algame cola participaci\u00f3n de dos restoranes madrilanos (de Valdemoro), Sidrer\u00eda Tierra d&#8217;Asturies y El Pucheru de La mio G\u00fcela, que van llevar l&#8217;esp\u00edritu de la cocina asturiana hasta la capital.<\/p>\n<p style=\"text-align: center\"><span class=\"x193iq5w xeuugli x13faqbe x1vvkbs xt0psk2 x1i0vuye xvs91rp xo1l8bm x5n08af x10wh9bi xpm28yp x8viiok x1o7cslx x126k92a\"><span class=\"html-span xexx8yu x4uap5 x18d9i69 xkhd6sd x1hl2dhg x16tdsg8 x1vvkbs x3nfvp2 x1j61x8r x1fcty0u xdj266r xat24cr xgzva0m xhhsvwb xxymvpz xlup9mm x1kky2od\">\n<!-- iframe plugin v.6.0 wordpress.org\/plugins\/iframe\/ -->\n<iframe loading=\"lazy\" src=\"https:\/\/www.instagram.com\/reel\/DQ_zpFojZai\/embed\" width=\"500\" height=\"595\" 0=\"\/iframe\" scrolling=\"yes\" class=\"iframe-class\" frameborder=\"0\"><\/iframe>\n<\/span><\/span><\/p>\n","protected":false},"excerpt":{"rendered":"<p>El meyor pote d&#8217;Espa\u00f1a coc\u00ednase ente Asturies y Madrid: estos son los 42 restoranes qu&#8217;aspiren a ser l&#8217;epicentru d&#8217;esti manxar asturianu. La gran final va celebrase&#8217;l pr\u00f3ximu 2 d&#8217;avientu. https:\/\/www.instagram.com\/elmejorpoteasturiano \/\u00a0LNE\u00a0<\/p>\n","protected":false},"author":117,"featured_media":0,"comment_status":"closed","ping_status":"open","sticky":false,"template":"","format":"standard","meta":{"footnotes":""},"categories":[61],"tags":[],"class_list":["post-61657","post","type-post","status-publish","format-standard","hentry","category-concursu"],"_links":{"self":[{"href":"https:\/\/edublog.educastur.es\/ixuxu\/wp-json\/wp\/v2\/posts\/61657","targetHints":{"allow":["GET"]}}],"collection":[{"href":"https:\/\/edublog.educastur.es\/ixuxu\/wp-json\/wp\/v2\/posts"}],"about":[{"href":"https:\/\/edublog.educastur.es\/ixuxu\/wp-json\/wp\/v2\/types\/post"}],"author":[{"embeddable":true,"href":"https:\/\/edublog.educastur.es\/ixuxu\/wp-json\/wp\/v2\/users\/117"}],"replies":[{"embeddable":true,"href":"https:\/\/edublog.educastur.es\/ixuxu\/wp-json\/wp\/v2\/comments?post=61657"}],"version-history":[{"count":8,"href":"https:\/\/edublog.educastur.es\/ixuxu\/wp-json\/wp\/v2\/posts\/61657\/revisions"}],"predecessor-version":[{"id":61665,"href":"https:\/\/edublog.educastur.es\/ixuxu\/wp-json\/wp\/v2\/posts\/61657\/revisions\/61665"}],"wp:attachment":[{"href":"https:\/\/edublog.educastur.es\/ixuxu\/wp-json\/wp\/v2\/media?parent=61657"}],"wp:term":[{"taxonomy":"category","embeddable":true,"href":"https:\/\/edublog.educastur.es\/ixuxu\/wp-json\/wp\/v2\/categories?post=61657"},{"taxonomy":"post_tag","embeddable":true,"href":"https:\/\/edublog.educastur.es\/ixuxu\/wp-json\/wp\/v2\/tags?post=61657"}],"curies":[{"name":"wp","href":"https:\/\/api.w.org\/{rel}","templated":true}]}}