{"id":61668,"date":"2025-11-07T10:05:39","date_gmt":"2025-11-07T08:05:39","guid":{"rendered":"https:\/\/edublog.educastur.es\/ixuxu\/?p=61668"},"modified":"2025-11-16T22:05:38","modified_gmt":"2025-11-16T20:05:38","slug":"un-7-de-payares-de-2019-dexabanos-margarita-salas","status":"publish","type":"post","link":"https:\/\/edublog.educastur.es\/ixuxu\/2025\/11\/un-7-de-payares-de-2019-dexabanos-margarita-salas\/","title":{"rendered":"Un 7 de payares de 2019 dex\u00e1banos Margarita Salas."},"content":{"rendered":"<div class=\"html-div xdj266r x14z9mp xat24cr x1lziwak xexx8yu x1a8lsjc xf7dkkf xv54qhq\">\n<div class=\"html-div xdj266r x14z9mp xat24cr x1lziwak xexx8yu xyri2b x18d9i69 x1c1uobl x1jx94hy x78zum5 x1q0g3np\">\n<div class=\"x78zum5 xdt5ytf xz62fqu x16ldp7u\">\n<div class=\"xu06os2 x1ok221b\">\n<div class=\"html-div xdj266r x14z9mp xat24cr x1lziwak xexx8yu xyri2b x18d9i69 x1c1uobl\" data-ad-rendering-role=\"profile_name\">\n<ul>\n<li class=\"html-h3 x14z9mp xat24cr x1lziwak xexx8yu xyri2b x18d9i69 x1c1uobl x1vvkbs x1heor9g x1qlqyl8 x1pd3egz x1a2a7pz x1gslohp x1yc453h\"><span class=\"x1lliihq x6ikm8r x10wlt62 x1n2onr6\"><span class=\"xt0psk2\"><a class=\"x1i10hfl xjbqb8w x1ejq31n x18oe1m7 x1sy0etr xstzfhl x972fbf x10w94by x1qhh985 x14e42zd x9f619 x1ypdohk xt0psk2 x3ct3a4 xdj266r x14z9mp xat24cr x1lziwak xexx8yu xyri2b x18d9i69 x1c1uobl x16tdsg8 x1hl2dhg xggy1nq x1a2a7pz xkrqix3 x1sur9pj xzsf02u x1s688f\" role=\"link\" href=\"https:\/\/www.facebook.com\/fundacionmargaritasalas?__cft__[0]=AZX8BiNeheKa5iNJSAi2n9OxsXPmpp93ehSBOHIBVp9PTFr-kXspbomeWp5J55P4eqfh9xKKRFBVMOGQi8jaNqB8j7QXE9ak78BqiOVhjM3gEHg3QiT8m1yE-KdYJwxrryrpOb2o4CZxzI_RXNQETCCjyRpO9msDEtAJCnFfjMUTTndzgwdGcdVOd9edIefYzMHSHxbOxNn1CleMg4Le7F63&amp;__tn__=-UC%2CP-y-R\"><b class=\"html-b xdj266r x14z9mp xat24cr x1lziwak xexx8yu xyri2b x18d9i69 x1c1uobl x1hl2dhg x16tdsg8 x1vvkbs x1s688f\"><span class=\"html-span xdj266r x14z9mp xat24cr x1lziwak xexx8yu xyri2b x18d9i69 x1c1uobl x1hl2dhg x16tdsg8 x1vvkbs\">Fundaci\u00f3n Margarita Salas<\/span><\/b><\/a><\/span><\/span><\/li>\n<\/ul>\n<p style=\"text-align: center\"><span class=\"x193iq5w xeuugli x13faqbe x1vvkbs xt0psk2 x1i0vuye xvs91rp xo1l8bm x5n08af x10wh9bi xpm28yp x8viiok x1o7cslx x126k92a\"><span class=\"html-span xexx8yu x4uap5 x18d9i69 xkhd6sd x1hl2dhg x16tdsg8 x1vvkbs x3nfvp2 x1j61x8r x1fcty0u xdj266r xat24cr xgzva0m xhhsvwb xxymvpz xlup9mm x1kky2od\">\n<!-- iframe plugin v.6.0 wordpress.org\/plugins\/iframe\/ -->\n<iframe loading=\"lazy\" src=\"https:\/\/www.instagram.com\/reel\/DQwEYRDiPsm\/embed\" width=\"500\" height=\"595\" 0=\"\/iframe\" scrolling=\"yes\" class=\"iframe-class\" frameborder=\"0\"><\/iframe>\n<\/span><\/span><\/p>\n<\/div>\n<\/div>\n<div class=\"xu06os2 x1ok221b\">\n<div class=\"html-div xdj266r x14z9mp xat24cr x1lziwak xexx8yu xyri2b x18d9i69 x1c1uobl x6s0dn4 x17zd0t2 x78zum5 x1q0g3np x1a02dak\" style=\"text-align: center\"><span style=\"font-size: 24px;color: #800080\"><em><strong>\u201cL&#8217;entusiasmu por afayar<br \/>\nnun s&#8217;apaga nunca.\u201d<\/strong><\/em><\/span><\/div>\n<div><!--more--><\/div>\n<div><\/div>\n<\/div>\n<\/div>\n<\/div>\n<\/div>\n<div class=\"html-div xdj266r x14z9mp xat24cr x1lziwak xexx8yu xyri2b x18d9i69 x1c1uobl\" dir=\"auto\">\n<div class=\"html-div xdj266r x14z9mp xat24cr x1lziwak xexx8yu xyri2b x18d9i69 x1c1uobl\" dir=\"auto\">\n<div class=\"html-div xdj266r x14z9mp xat24cr x1lziwak xexx8yu xyri2b x18d9i69 x1c1uobl\" data-ad-rendering-role=\"story_message\">\n<div class=\"x1l90r2v x1iorvi4 x1g0dm76 xpdmqnj\" data-ad-comet-preview=\"message\" data-ad-preview=\"message\">\n<div class=\"x78zum5 xdt5ytf xz62fqu x16ldp7u\">\n<div class=\"xu06os2 x1ok221b\">\n<div class=\"html-div xdj266r x14z9mp xat24cr x1lziwak xexx8yu xyri2b x18d9i69 x1c1uobl\">\n<div class=\"xdj266r x14z9mp xat24cr x1lziwak x1vvkbs x126k92a\"><\/div>\n<div class=\"x14z9mp xat24cr x1lziwak x1vvkbs xtlvy1s x126k92a\">\n<div dir=\"auto\">Pero la so lluz, la so voz sele y el so amor pola ciencia siguen emponiendo cada pasu que damos. Foi una muyer qu&#8217;abri\u00f3 caminos onde malapenes esist\u00eden, que demostr\u00f3 que la ciencia tami\u00e9n puede faese con tenrura, con paciencia y col fondu convencimientu de que conocer ye compartir.<\/div>\n<div dir=\"auto\"><\/div>\n<div dir=\"auto\"><strong>Margarita cre\u00eda nel poder de la conocencia para tresformar el mundu<\/strong>, y el so leg\u00e1u g\u00fcei multipl\u00edcase en cada ne\u00f1u y cada ne\u00f1a que se pregunten el porqu\u00e9 de les coses, en cada mozu que s&#8217;atreve a investigar, en cada maestru qu&#8217;ense\u00f1a a mirar con inter\u00e9s.<\/div>\n<div dir=\"auto\"><\/div>\n<div dir=\"auto\" style=\"text-align: center\"><a href=\"https:\/\/images.ecestaticos.com\/YZfs580SpJ6I7sOfoGqfW1FGVRc=\/0x104:2269x1381\/1200x675\/filters:fill(white):format(jpg)\/f.elconfidencial.com%2Foriginal%2Fdf0%2Fe14%2F889%2Fdf0e148899e04ba3372324d925fddceb.jpg\"><img loading=\"lazy\" decoding=\"async\" class=\"aligncenter \" src=\"https:\/\/images.ecestaticos.com\/YZfs580SpJ6I7sOfoGqfW1FGVRc=\/0x104:2269x1381\/1200x675\/filters:fill(white):format(jpg)\/f.elconfidencial.com%2Foriginal%2Fdf0%2Fe14%2F889%2Fdf0e148899e04ba3372324d925fddceb.jpg\" width=\"718\" height=\"404\" \/><\/a><\/div>\n<div dir=\"auto\"><\/div>\n<div dir=\"auto\">Dende la Fundaci\u00f3n Margarita Salas, trabayamos por que&#8217;l so exemplu siga vivu: inspirando, educando y espertando vocaciones cient\u00edfiques en tolos rincones. Porque recordar a Margarita nun ye mirar al pas\u00e1u, sin\u00f3n siguir el so cam\u00edn.<a href=\"https:\/\/www.rtve.es\/infantil\/serie\/aprendemos-clan\/video\/lengua-margarita-salas-alexander-fleming-cientificos\/5729486\"> Videu<\/a><\/div>\n<div dir=\"auto\"><\/div>\n<div dir=\"auto\" style=\"text-align: center\"><a href=\"https:\/\/fesofi.es\/wp-content\/uploads\/2021\/07\/29-Margarita-Salas.jpg\"><img loading=\"lazy\" decoding=\"async\" class=\"aligncenter size-large\" src=\"https:\/\/fesofi.es\/wp-content\/uploads\/2021\/07\/29-Margarita-Salas.jpg\" width=\"978\" height=\"692\" \/><\/a><\/div>\n<div dir=\"auto\"><\/div>\n<div dir=\"auto\">Margarita Salas Falgueras (Canero, Asturies, 30 de payares de 1938-Madrid, 7 de payares de 2019) foi una destacada bioqu\u00edmica espa\u00f1ola. Llicenciada en Ciencies Qu\u00edmiques pola Universid\u00e1 Complutense de Madrid, collabor\u00f3 con Severu Ochoa nos Estaos Xun\u00edos y Alberto Sols en Madrid.<\/div>\n<div dir=\"auto\"><\/div>\n<div dir=\"auto\">Les sos contribuciones cient\u00edfiques incl\u00fain la determinaci\u00f3n de la direccionalidad de la llectura xen\u00e9tica y el descubrimientu y caracterizaci\u00f3n del ADN polimerasa del fago \u03a629 (enzima que sintetiza ADN y provien del bacteri\u00f3fago \u03a629), que tien m\u00faltiples aplicaciones biotecnol\u00f3gicas por cuenta de la so peralta capacid\u00e1 d&#8217;amplificaci\u00f3n del ADN.<\/div>\n<div dir=\"auto\"><\/div>\n<div dir=\"auto\">Trabay\u00f3 nel Centru de Biolox\u00eda Molecular Severu Ochoa de Madrid, onde sigui\u00f3 investigando&#8217;l virus bacteri\u00f3fago \u03a629. Salas perteneci\u00f3 a prestixoses sociedaes cient\u00edfiques, recibi\u00f3 m\u00faltiples galardones, dirixi\u00f3 l&#8217;Institutu d&#8217;Espa\u00f1a (organismu qu&#8217;arrexunta a la totalid\u00e1 de les Reales Academies Espa\u00f1oles) y presidi\u00f3 la Fundaci\u00f3n Severu Ochoa. Am\u00e1s, foi la primer muyer espa\u00f1ola en ser miembru de l&#8217;Academia Nacional de Ciencies d&#8217;Estaos Xun\u00edos en 2007.<\/div>\n<div dir=\"auto\"><\/div>\n<div dir=\"auto\">El so leg\u00e1u incl\u00fai importantes descubrimientos en xen\u00e9tica y biotecnolox\u00eda.<\/div>\n<\/div>\n<\/div>\n<\/div>\n<\/div>\n<\/div>\n<\/div>\n<\/div>\n<\/div>\n<p style=\"text-align: center\"><a href=\"https:\/\/www.exteriores.gob.es\/Embajadas\/viena\/es\/Comunicacion\/Noticias\/PublishingImages\/Paginas\/Articulos\/11F-2024---D%c3%ada-Internacional-de-la-Mujer-y-la-Ni%c3%b1a-en-la-Ciencia\/Margarita%20Salas_ES.png\">https:\/\/www.exteriores.gob.es\/Embajadas\/viena\/es\/Comunicacion\/Noticias\/PublishingImages\/Paginas\/Articulos\/11F-2024&#8212;D%c3%ada-Internacional-de-la-Mujer-y-la-Ni%c3%b1a-en-la-Ciencia\/Margarita%20Salas_ES.png<\/a><\/p>\n","protected":false},"excerpt":{"rendered":"<p>Fundaci\u00f3n Margarita Salas \u201cL&#8217;entusiasmu por afayar nun s&#8217;apaga nunca.\u201d<\/p>\n","protected":false},"author":117,"featured_media":0,"comment_status":"closed","ping_status":"open","sticky":false,"template":"","format":"standard","meta":{"footnotes":""},"categories":[1],"tags":[],"class_list":["post-61668","post","type-post","status-publish","format-standard","hentry","category-sin-categoria"],"_links":{"self":[{"href":"https:\/\/edublog.educastur.es\/ixuxu\/wp-json\/wp\/v2\/posts\/61668","targetHints":{"allow":["GET"]}}],"collection":[{"href":"https:\/\/edublog.educastur.es\/ixuxu\/wp-json\/wp\/v2\/posts"}],"about":[{"href":"https:\/\/edublog.educastur.es\/ixuxu\/wp-json\/wp\/v2\/types\/post"}],"author":[{"embeddable":true,"href":"https:\/\/edublog.educastur.es\/ixuxu\/wp-json\/wp\/v2\/users\/117"}],"replies":[{"embeddable":true,"href":"https:\/\/edublog.educastur.es\/ixuxu\/wp-json\/wp\/v2\/comments?post=61668"}],"version-history":[{"count":7,"href":"https:\/\/edublog.educastur.es\/ixuxu\/wp-json\/wp\/v2\/posts\/61668\/revisions"}],"predecessor-version":[{"id":61676,"href":"https:\/\/edublog.educastur.es\/ixuxu\/wp-json\/wp\/v2\/posts\/61668\/revisions\/61676"}],"wp:attachment":[{"href":"https:\/\/edublog.educastur.es\/ixuxu\/wp-json\/wp\/v2\/media?parent=61668"}],"wp:term":[{"taxonomy":"category","embeddable":true,"href":"https:\/\/edublog.educastur.es\/ixuxu\/wp-json\/wp\/v2\/categories?post=61668"},{"taxonomy":"post_tag","embeddable":true,"href":"https:\/\/edublog.educastur.es\/ixuxu\/wp-json\/wp\/v2\/tags?post=61668"}],"curies":[{"name":"wp","href":"https:\/\/api.w.org\/{rel}","templated":true}]}}