{"id":61677,"date":"2025-11-16T21:00:40","date_gmt":"2025-11-16T19:00:40","guid":{"rendered":"https:\/\/edublog.educastur.es\/ixuxu\/?p=61677"},"modified":"2025-11-16T22:22:57","modified_gmt":"2025-11-16T20:22:57","slug":"tiempu-mas-sobro-la-invasion-daire-artico-nespana","status":"publish","type":"post","link":"https:\/\/edublog.educastur.es\/ixuxu\/2025\/11\/tiempu-mas-sobro-la-invasion-daire-artico-nespana\/","title":{"rendered":"Tiempu: M\u00e1s sobro la invasi\u00f3n d&#8217;aire \u00e1rtico n&#8217;Espa\u00f1a"},"content":{"rendered":"<div class=\"html-div xdj266r x14z9mp xat24cr x1lziwak xexx8yu xyri2b x18d9i69 x1c1uobl\">\n<div class=\"html-div xdj266r x14z9mp x1lziwak x18d9i69 x1cy8zhl x78zum5 x1q0g3np xod5an3 xz9dl7a x1g0dm76 xpdmqnj\">\n<div class=\"html-div xdj266r x14z9mp xat24cr x1lziwak xexx8yu xyri2b x18d9i69 x1c1uobl x1iyjqo2 xeuugli\">\n<div class=\"x78zum5 xdt5ytf xz62fqu x16ldp7u\">\n<div class=\"xu06os2 x1ok221b\">\n<div class=\"html-div xdj266r x14z9mp xat24cr x1lziwak xexx8yu xyri2b x18d9i69 x1c1uobl\" data-ad-rendering-role=\"profile_name\">\n<ul>\n<li id=\"_r_35r_\" class=\"html-h2 x14z9mp xat24cr x1lziwak xexx8yu xyri2b x18d9i69 x1c1uobl x1vvkbs x1heor9g x1qlqyl8 x1pd3egz x1a2a7pz x1gslohp x1yc453h\"><span class=\"x78zum5 x1q0g3np\"><span class=\"x1lliihq x6ikm8r x10wlt62 x1n2onr6 xlyipyv xuxw1ft\"><span class=\"xt0psk2\"><a class=\"x1i10hfl xjbqb8w x1ejq31n x18oe1m7 x1sy0etr xstzfhl x972fbf x10w94by x1qhh985 x14e42zd x9f619 x1ypdohk xt0psk2 x3ct3a4 xdj266r x14z9mp xat24cr x1lziwak xexx8yu xyri2b x18d9i69 x1c1uobl x16tdsg8 x1hl2dhg xggy1nq x1a2a7pz xkrqix3 x1sur9pj xzsf02u x1s688f\" role=\"link\" href=\"https:\/\/www.facebook.com\/meteoredofficial?__cft__[0]=AZVBwyQu9etOugWooDMZIztLe6_eUiLzH1Rx1yKuYi6p5aHpE6tBd-PHqhVqEs_QtKO4QF6b6fCKPyPjPBv7Z4mqZUHLNRXn24U55gN_Amrlq_BemWLL41CC7WVTcU5kGAQcvcm6YdrSGEOzQGi6ZP0SF1eVTdpWBJTGfy1PmscSWijuV8xycM5WEdc61V5RIFc&amp;__tn__=-UC%2CP-R\"><b class=\"html-b xdj266r x14z9mp xat24cr x1lziwak xexx8yu xyri2b x18d9i69 x1c1uobl x1hl2dhg x16tdsg8 x1vvkbs x1s688f\"><span class=\"html-span xdj266r x14z9mp xat24cr x1lziwak xexx8yu xyri2b x18d9i69 x1c1uobl x1hl2dhg x16tdsg8 x1vvkbs\">Meteored<\/span><\/b><\/a><\/span><\/span><\/span><span style=\"font-size: 16px\">\/<\/span><\/li>\n<\/ul>\n<\/div>\n<\/div>\n<\/div>\n<\/div>\n<div class=\"xqcrz7y x78zum5 x1qx5ct2 x1y1aw1k xf159sx xwib8y2 xmzvs34 xw4jnvo\">\n<div style=\"text-align: center\"><a href=\"https:\/\/services.meteored.com\/img\/article\/la-nieve-caera-en-cotas-muy-bajas-entre-los-dias-20-y-21-de-noviembre-advierte-sergio-escama-1763214184968_1024.png\"><img loading=\"lazy\" decoding=\"async\" class=\"aligncenter size-large\" src=\"https:\/\/services.meteored.com\/img\/article\/la-nieve-caera-en-cotas-muy-bajas-entre-los-dias-20-y-21-de-noviembre-advierte-sergio-escama-1763214184968_1024.png\" width=\"1024\" height=\"720\" \/><\/a><\/div>\n<div><\/div>\n<\/div>\n<\/div>\n<\/div>\n<div class=\"html-div xdj266r x14z9mp xat24cr x1lziwak xexx8yu xyri2b x18d9i69 x1c1uobl\">\n<div class=\"html-div xdj266r x14z9mp xat24cr x1lziwak xexx8yu xyri2b x18d9i69 x1c1uobl\" dir=\"auto\">\n<div class=\"html-div xdj266r x14z9mp xat24cr x1lziwak xexx8yu xyri2b x18d9i69 x1c1uobl\" data-ad-rendering-role=\"story_message\">\n<div id=\"_r_35t_\" class=\"x1l90r2v x1iorvi4 x1g0dm76 xpdmqnj\" data-ad-comet-preview=\"message\" data-ad-preview=\"message\">\n<div class=\"x78zum5 xdt5ytf xz62fqu x16ldp7u\">\n<div class=\"xu06os2 x1ok221b\">\n<div class=\"html-div xdj266r x14z9mp xat24cr x1lziwak xexx8yu xyri2b x18d9i69 x1c1uobl\">\n<div class=\"xdj266r x14z9mp xat24cr x1lziwak x1vvkbs x126k92a\">\n<div dir=\"auto\"><span class=\"html-span xexx8yu xyri2b x18d9i69 x1c1uobl x1hl2dhg x16tdsg8 x1vvkbs x3nfvp2 x1j61x8r x1fcty0u xdj266r xat24cr xm2jcoa x1mpyi22 xxymvpz xlup9mm x1kky2od\"><img loading=\"lazy\" decoding=\"async\" class=\"xz74otr x15mokao x1ga7v0g x16uus16 xbiv7yw\" src=\"https:\/\/static.xx.fbcdn.net\/images\/emoji.php\/v9\/tef\/1\/16\/1f9ca.png\" alt=\"\ud83e\uddca\" width=\"16\" height=\"16\" \/><\/span> M\u00e1s sobro la invasi\u00f3n d&#8217;aire \u00e1rtico n&#8217;Espa\u00f1a: en delles zones podr\u00eda nevar casi a cualquier cota. \u00abLa nieve va cayer en cotes bien baxes d&#8217;Espa\u00f1a ente los d\u00edes 20 y 21 de payares\u00bb. Una fonda llingua d&#8217;aire fr\u00edo de procedencia \u00e1rtica dir\u00e1 espleg\u00e1ndose sobro la vertical de la pen\u00ednsula mientres la segunda met\u00e1 de la selmana.<\/div>\n<div dir=\"auto\"><!--more--><\/div>\n<div dir=\"auto\">\n<p>Esta irrupci\u00f3n va traer consigo xuna cayida s\u00f3pita de les temperatures y l&#8217;apaici\u00f3n de nevaes en bona parte de la met\u00e1 norte. #Tratar del primer episodiu fr\u00edu de valumbu de la temporada, con caracter\u00edstiques propies del iviernu meteorol\u00f3xicu.<\/p>\n<p>Esa marcha de Claudia va abrir la puerta a un camb\u00e9u radical na configuraci\u00f3n atmosf\u00e9rica, preparando&#8217;l terr\u00e9n pa la entrada d&#8217;aire muncho m\u00e1s fr\u00edo y l&#8217;esbarrumbe t\u00e9rmicu que va marcar la segunda met\u00e1 de la selmana.<\/p>\n<p style=\"text-align: center\"><a href=\"https:\/\/services.meteored.com\/img\/article\/la-nieve-caera-en-cotas-muy-bajas-entre-los-dias-20-y-21-de-noviembre-advierte-sergio-escama-1763282796277_1024.png\"><img loading=\"lazy\" decoding=\"async\" class=\"aligncenter size-large\" src=\"https:\/\/services.meteored.com\/img\/article\/la-nieve-caera-en-cotas-muy-bajas-entre-los-dias-20-y-21-de-noviembre-advierte-sergio-escama-1763282796277_1024.png\" width=\"1024\" height=\"720\" \/><\/a><\/p>\n<p><strong>Llega aire bien fr\u00edo d&#8217;orixe \u00e1rticu<\/strong> Una vegada que Claudia nos abandone, una dorsal anticicl\u00f3nica bien robusta va empezar a alzase y a ocupar bona parte del Atl\u00e1nticu, impulsando&#8217;l descensu escontra llatit\u00faes m\u00e1s baxes d&#8217;una vaguada bien fonda cargada d&#8217;aire \u00e1rtico o polar.<\/p>\n<p>Nel casu del ECMWF, la vaguada mover\u00edase progresivamente escontra l&#8217;este en afit\u00e1ndose sobro la pen\u00ednsula, <strong>xenerando un esbarrumbe s\u00f3pitu de les temperatures<\/strong>, la entrada de fluxu h\u00famedo de norte y una inestabilid\u00e1 m\u00e1s acusada na met\u00e1 septentrional de la pen\u00ednsula y Baleares.<\/p>\n<p style=\"text-align: center\"><a href=\"https:\/\/services.meteored.com\/img\/article\/prevision-de-nevadas-en-espana-el-miercoles-19-el-frio-polar-se-extendera-y-convertira-las-lluvias-en-nieve-1763113051604_1024.png\"><img loading=\"lazy\" decoding=\"async\" class=\"aligncenter size-large\" src=\"https:\/\/services.meteored.com\/img\/article\/prevision-de-nevadas-en-espana-el-miercoles-19-el-frio-polar-se-extendera-y-convertira-las-lluvias-en-nieve-1763113051604_1024.png\" width=\"1024\" height=\"714\" \/><\/a><\/p>\n<p>Esti patr\u00f3n favorecer\u00eda nevaes xeneralizaes nos sistemes montascosos del norte y nord\u00e9s. Mientres la ma\u00f1ana del xueves la cota empezar\u00eda ente los 1200 y 1500 metros, pero dir\u00eda baxando con rapidez hasta asitiase en redol a 600 y 700 metros nel nord\u00e9s del pandu sur y n&#8217;amplies zones de la met\u00e1 norte.<\/p>\n<p style=\"text-align: center\"><a href=\"https:\/\/services.meteored.com\/img\/article\/la-nieve-caera-en-cotas-muy-bajas-entre-los-dias-20-y-21-de-noviembre-advierte-sergio-escama-1763214286174_1024.png\"><img loading=\"lazy\" decoding=\"async\" class=\"aligncenter size-large\" src=\"https:\/\/services.meteored.com\/img\/article\/la-nieve-caera-en-cotas-muy-bajas-entre-los-dias-20-y-21-de-noviembre-advierte-sergio-escama-1763214286174_1024.png\" width=\"1024\" height=\"720\" \/><\/a><\/p>\n<p><strong>\u00bf\u00d3nde podr\u00eda nevar ente&#8217;l xueves y el vienres? <\/strong>Coles \u00faltimes actualizaciones del modelu europ\u00e9u, les nevaes ser\u00eden especialmente notables nel Cordal Cant\u00e1bricu, Pirineos, esti de Castiella y Lli\u00f3n, Navarra, La Rioxa, Pa\u00eds Vascu, Cantabria y <strong>Asturies.<\/strong><\/p>\n<p>Nestes \u00e1rees, mientres la madrugada del xueves al vienres, la cota podr\u00eda esbarrumbase hasta los 200 o 300 metros. Si la irrupci\u00f3n fr\u00eda llegara con mayor intensid\u00e1, nun puede refugase nieve a nivel del mar en zones del Cant\u00e1bricu ya inclusive en zones baxes del este de Catalu\u00f1a, especialmente en Girona y zones altes de Barcelona.<\/p>\n<\/div>\n<\/div>\n<\/div>\n<\/div>\n<\/div>\n<\/div>\n<\/div>\n<\/div>\n<\/div>\n<p>&nbsp;<\/p>\n","protected":false},"excerpt":{"rendered":"<p>Meteored\/ M\u00e1s sobro la invasi\u00f3n d&#8217;aire \u00e1rtico n&#8217;Espa\u00f1a: en delles zones podr\u00eda nevar casi a cualquier cota. \u00abLa nieve va cayer en cotes bien baxes d&#8217;Espa\u00f1a ente los d\u00edes 20 y 21 de payares\u00bb. Una fonda llingua d&#8217;aire fr\u00edo de procedencia \u00e1rtica dir\u00e1 espleg\u00e1ndose sobro la vertical de la pen\u00ednsula mientres la segunda met\u00e1 de [&hellip;]<\/p>\n","protected":false},"author":117,"featured_media":0,"comment_status":"closed","ping_status":"open","sticky":false,"template":"","format":"standard","meta":{"footnotes":""},"categories":[5],"tags":[],"class_list":["post-61677","post","type-post","status-publish","format-standard","hentry","category-tiempu"],"_links":{"self":[{"href":"https:\/\/edublog.educastur.es\/ixuxu\/wp-json\/wp\/v2\/posts\/61677","targetHints":{"allow":["GET"]}}],"collection":[{"href":"https:\/\/edublog.educastur.es\/ixuxu\/wp-json\/wp\/v2\/posts"}],"about":[{"href":"https:\/\/edublog.educastur.es\/ixuxu\/wp-json\/wp\/v2\/types\/post"}],"author":[{"embeddable":true,"href":"https:\/\/edublog.educastur.es\/ixuxu\/wp-json\/wp\/v2\/users\/117"}],"replies":[{"embeddable":true,"href":"https:\/\/edublog.educastur.es\/ixuxu\/wp-json\/wp\/v2\/comments?post=61677"}],"version-history":[{"count":4,"href":"https:\/\/edublog.educastur.es\/ixuxu\/wp-json\/wp\/v2\/posts\/61677\/revisions"}],"predecessor-version":[{"id":61681,"href":"https:\/\/edublog.educastur.es\/ixuxu\/wp-json\/wp\/v2\/posts\/61677\/revisions\/61681"}],"wp:attachment":[{"href":"https:\/\/edublog.educastur.es\/ixuxu\/wp-json\/wp\/v2\/media?parent=61677"}],"wp:term":[{"taxonomy":"category","embeddable":true,"href":"https:\/\/edublog.educastur.es\/ixuxu\/wp-json\/wp\/v2\/categories?post=61677"},{"taxonomy":"post_tag","embeddable":true,"href":"https:\/\/edublog.educastur.es\/ixuxu\/wp-json\/wp\/v2\/tags?post=61677"}],"curies":[{"name":"wp","href":"https:\/\/api.w.org\/{rel}","templated":true}]}}