{"id":61682,"date":"2025-11-17T08:23:14","date_gmt":"2025-11-17T06:23:14","guid":{"rendered":"https:\/\/edublog.educastur.es\/ixuxu\/?p=61682"},"modified":"2025-11-16T22:28:01","modified_gmt":"2025-11-16T20:28:01","slug":"el-tiempu-el-comercio-186","status":"publish","type":"post","link":"https:\/\/edublog.educastur.es\/ixuxu\/2025\/11\/el-tiempu-el-comercio-186\/","title":{"rendered":"El tiempu (El Comercio)"},"content":{"rendered":"<p style=\"text-align: center\"><a href=\"https:\/\/s3.ppllstatics.com\/elcomercio\/www\/multimedia\/2025\/11\/16\/prevision-tiempo-asturias-kAQB-U2302588077118HVD-1200x870@El%20Comercio.jpg\"><img loading=\"lazy\" decoding=\"async\" class=\"aligncenter size-large\" src=\"https:\/\/s3.ppllstatics.com\/elcomercio\/www\/multimedia\/2025\/11\/16\/prevision-tiempo-asturias-kAQB-U2302588077118HVD-1200x870@El%20Comercio.jpg\" width=\"1200\" height=\"870\" \/><\/a><\/p>\n<p>Tras queden d\u00edes t\u00e9rmicamente prestosos con vientos de componente sur, y encaramos agora <strong>una selmana realmente fr\u00eda que va tener el so puntu \u00e1lxido el xueves y el vienres.<\/strong> El llunes y\u00e1 se preven precipitaciones xeneralizaes que lleguen dende&#8217;l norte y, sobremanera pela ma\u00f1ana, podr\u00eden ser significatives con intensid\u00e1 de 8-10 llitros per metro cuadr\u00e1u a la hora. <strong>A lo llargo de la tarde<\/strong> los bastios, y\u00e1 m\u00e1s intermitentes, van ser de calter m\u00e1s d\u00e9bil pero ent\u00e1 van siguir presentes. Los vientos van soplar de norte tendiendo a nordeste y de esti a la fin, moderaos pela ma\u00f1ana y m\u00e1s fluexos a la fin. <strong>Les temperatures m\u00e1ximes<\/strong> van baxar m\u00e1s de 3 \u00baC na met\u00e1 oriental, y de 1 o 2 \u00baC nel restu salvu nel suroeste onde se van caltener ensin cambeos.<strong> Les m\u00ednimes<\/strong> van baxar llixeramente.<\/p>\n<p><!--more--><\/p>\n<p><strong>El martes<\/strong> va ser un d\u00eda fr\u00edo pero estable polo xeneral. Asina tou, nun se refuga que pueda escapase delles ag\u00fces na met\u00e1 oriental asturiana. Les temperatures van siguir baxando.<\/p>\n<p>Pero <strong>a partir del mi\u00e9rcoles<\/strong> a partir del mediud\u00eda, va entrar xuna irrupci\u00f3n d&#8217;aire fr\u00edo que se va enllargar hasta&#8217;l vienres incluy\u00edu. Ent\u00e1 ye llueu para detalles pero tou apunta a que vamos poder ver nevar, y con bayura, a partir de los 600\/700 metros d&#8217;altor.<\/p>\n<p style=\"text-align: center\"><a href=\"https:\/\/s1.ppllstatics.com\/elcomercio\/www\/multimedia\/2025\/11\/16\/tiempo-asturias-frio-nieve-kZzF-U24024802808352-1200x840@El%20Comercio.jpg\"><img loading=\"lazy\" decoding=\"async\" class=\"aligncenter size-large\" src=\"https:\/\/s1.ppllstatics.com\/elcomercio\/www\/multimedia\/2025\/11\/16\/tiempo-asturias-frio-nieve-kZzF-U24024802808352-1200x840@El%20Comercio.jpg\" width=\"1200\" height=\"840\" \/><\/a><\/p>\n<p>L&#8217;<strong>Axencia Estatal de Meteorolox\u00eda (Aemet)<\/strong> comunic\u00f3 que s&#8217;avera una masa d&#8217;aire \u00abbien fr\u00edo\u00bb procedente de llatit\u00faes altes que va faer que los term\u00f3metros baxen de forma progresiva. Van baxar tantu que, seg\u00fan los espertos, podr\u00e1n producise temperatures propies del iviernu, esto ye, \u00abbaxes para la d\u00f3mina\u00bb. Esta situaci\u00f3n podr\u00eda poner fin a l&#8217;at\u00edpica seronda que se ta viviendo n&#8217;Asturies y que ta dexando d\u00edes en plenu payares con m\u00e1ximes que superen los 20 graos.<\/p>\n<p>La masa d&#8217;aire fr\u00edo y\u00e1 empez\u00f3 a notase, anque llevemente, y les zones m\u00e1s poblaes d&#8217;Asturies anotaron m\u00ednimes de 9 y 10 graos n&#8217;Uvi\u00e9u y Xix\u00f3n, respectivamente \u2014llue\u00f1e del rexistru m\u00e1s baxu de la rex\u00f3n: 1\u00baC en Vega d&#8217;Urriellu\u2014. El descensu va ser progresivu, <strong>con posibles xelaes dende&#8217;l martes, hasta llegar al xueves, cuando les temperatures van esbarrumbase y podr\u00eden producise les primeres nieves de la temporada a partir de los 600 o 700 metros d&#8217;altor.<\/strong><\/p>\n","protected":false},"excerpt":{"rendered":"<p>Tras queden d\u00edes t\u00e9rmicamente prestosos con vientos de componente sur, y encaramos agora una selmana realmente fr\u00eda que va tener el so puntu \u00e1lxido el xueves y el vienres. El llunes y\u00e1 se preven precipitaciones xeneralizaes que lleguen dende&#8217;l norte y, sobremanera pela ma\u00f1ana, podr\u00eden ser significatives con intensid\u00e1 de 8-10 llitros per metro cuadr\u00e1u [&hellip;]<\/p>\n","protected":false},"author":117,"featured_media":0,"comment_status":"closed","ping_status":"open","sticky":false,"template":"","format":"standard","meta":{"footnotes":""},"categories":[5],"tags":[],"class_list":["post-61682","post","type-post","status-publish","format-standard","hentry","category-tiempu"],"_links":{"self":[{"href":"https:\/\/edublog.educastur.es\/ixuxu\/wp-json\/wp\/v2\/posts\/61682","targetHints":{"allow":["GET"]}}],"collection":[{"href":"https:\/\/edublog.educastur.es\/ixuxu\/wp-json\/wp\/v2\/posts"}],"about":[{"href":"https:\/\/edublog.educastur.es\/ixuxu\/wp-json\/wp\/v2\/types\/post"}],"author":[{"embeddable":true,"href":"https:\/\/edublog.educastur.es\/ixuxu\/wp-json\/wp\/v2\/users\/117"}],"replies":[{"embeddable":true,"href":"https:\/\/edublog.educastur.es\/ixuxu\/wp-json\/wp\/v2\/comments?post=61682"}],"version-history":[{"count":4,"href":"https:\/\/edublog.educastur.es\/ixuxu\/wp-json\/wp\/v2\/posts\/61682\/revisions"}],"predecessor-version":[{"id":61686,"href":"https:\/\/edublog.educastur.es\/ixuxu\/wp-json\/wp\/v2\/posts\/61682\/revisions\/61686"}],"wp:attachment":[{"href":"https:\/\/edublog.educastur.es\/ixuxu\/wp-json\/wp\/v2\/media?parent=61682"}],"wp:term":[{"taxonomy":"category","embeddable":true,"href":"https:\/\/edublog.educastur.es\/ixuxu\/wp-json\/wp\/v2\/categories?post=61682"},{"taxonomy":"post_tag","embeddable":true,"href":"https:\/\/edublog.educastur.es\/ixuxu\/wp-json\/wp\/v2\/tags?post=61682"}],"curies":[{"name":"wp","href":"https:\/\/api.w.org\/{rel}","templated":true}]}}